{"id":270058,"date":"2025-12-04T03:14:08","date_gmt":"2025-12-04T03:14:08","guid":{"rendered":"https:\/\/www.europesays.com\/es\/270058\/"},"modified":"2025-12-04T03:14:08","modified_gmt":"2025-12-04T03:14:08","slug":"primera-denuncia-por-la-muerte-de-un-pescador-colombiano-en-un-ataque-estadounidense","status":"publish","type":"post","link":"https:\/\/www.europesays.com\/es\/270058\/","title":{"rendered":"Primera denuncia por la muerte de un pescador colombiano en un ataque estadounidense"},"content":{"rendered":"<p>La <strong>Comisi\u00f3n Interamericana de Derechos Humanos <\/strong>(CIDH) ha recibido este mi\u00e9rcoles una denuncia por la<strong> posible ejecuci\u00f3n extrajudicial de un pescador colombiano <\/strong>durante uno de los bombardeos de las fuerzas armadas de Estados Unidos en aguas internacionales.<\/p>\n<p>De acuerdo con la CIDH, la petici\u00f3n fue entregada por el abogado <strong>Daniel Kovalik<\/strong>, abogado estadounidense del presidente colombiano, Gustavo Petro, y que act\u00faa en representaci\u00f3n de la familia de la v\u00edctima. La v\u00edctima se tratar\u00eda de <strong>Alejandro Carranza<\/strong>, de 42 a\u00f1os, quien habr\u00eda fallecido durante una de las operaciones militares estadounidenses en el Pac\u00edfico oriental cerca de Colombia. <\/p>\n<p>Los ataques con misiles han recibido de parte de organizaciones de derechos humanos y de algunos congresistas estadounidenses serios <strong>cuestionamientos legales<\/strong>, pidiendo un mayor escrutinio. <\/p>\n<p>La demanda ante la CIDH, que fue divulgada el martes por The Guardian, detalla que el<strong> 15 de septiembre<\/strong> Estados Unidos \u00abbombarde\u00f3 la embarcaci\u00f3n\u00bb de Carranza cuando navegaba en el Caribe frente a la costa colombiana. <strong>\u00abNo era un barco cargado de droga. No, sali\u00f3 a pescar marlines y atunes\u00bb<\/strong>, insisti\u00f3 Kovalik durante una entrevista con medios estadounidenses. <\/p>\n<p>La solicitud cita como evidencias de la ejecuci\u00f3n extrajudicial dos art\u00edculos period\u00edsticos de New York Times y del Washington Post sobre las denuncias de la familia y declaraciones del secretario de Guerra estadounidense, Pete Hegseth, acerca de los bombardeos. La CIDH manifest\u00f3 el martes su preocupaci\u00f3n por estas ofensivas e inst\u00f3 a EE.UU. a garantizar el respeto a los derechos humanos. <\/p>\n<p>Colombia, en la mira del republicano <\/p>\n<p>En su guerra contra supuestas narcolanchas, el mandatario estadounidense tambi\u00e9n ha incluido a Colombia en su lista de pa\u00edses enemigos. Este martes, Trump asegur\u00f3 que <a href=\"https:\/\/www.rtve.es\/play\/audios\/cinco-continentes\/cinco-continentes-puede-trump-cumplir-promesa-ataque-tierra-venezuela\/16843867\/\" rel=\"nofollow noopener\" target=\"_blank\">\u00abmuy pronto\u00bb comenzar\u00e1n los ataques terrestres<\/a> tras instar a Maduro a salir del poder. \u00abSabemos donde viven los malos\u00bb, asegur\u00f3 a los medios durante una reuni\u00f3n con su gabinete en Washington. <\/p>\n<p>Tambi\u00e9n aprovech\u00f3 para citar expresamente al pa\u00eds vecino de Venezuela, advirtiendo que <strong>cualquiera que produzca y trafique droga hacia EE.UU. \u00abest\u00e1 sujeto a ataques\u00bb<\/strong>. Una afirmaci\u00f3n que no tard\u00f3 en tener respuesta por parte de su hom\u00f3logo colombiano, <strong>Petro<\/strong>, quien invit\u00f3 a Trump a acudir al pa\u00eds para que \u00abparticipe en en la destrucci\u00f3n de los 9 laboratorios diarios que hacemos para que no llegue coca\u00edna a EE.UU.\u00bb. <\/p>\n<p>\t\tLa tensi\u00f3n entre EE.UU y Venezuela sigue creciendo y Trump apunta tambi\u00e9n contra Colombia\t<\/p>\n<p>Aunque la tensi\u00f3n es menor que con Maduro, <a href=\"https:\/\/www.rtve.es\/noticias\/20251024\/estados-unidos-sanciona-presidente-colombia-a-quien-trump-acuso-liderar-narcotrafico\/16786049.shtml\" rel=\"nofollow noopener\" target=\"_blank\">Trump estableci\u00f3 sanciones a su hom\u00f3logo colombiano<\/a>, que acus\u00f3, meses atr\u00e1s, de ser el <strong>\u00abl\u00edder del narcotr\u00e1fico\u00bb. <\/strong><\/p>\n<p>La Oficina de Control de Activos Extranjeros (OFAC, por sus siglas en ingl\u00e9s) del Departamento del Tesoro incluy\u00f3 en su lista negra de antinarc\u00f3ticos \u2014conocida como lista Clinton\u2014 a Petro; a la primera dama, Ver\u00f3nica Alcocer; a su hijo Nicol\u00e1s Petro; y al ministro del Interior, Armando Benedetti. Tambi\u00e9n <\/p>\n<p>La medida implica, entre otras cosas, un bloqueo a los bienes que tenga en el pa\u00eds norteamericano, as\u00ed como a cualquier entidad que sea de su propiedad en un 50% o m\u00e1s. <\/p>\n<p>Maduro confirma la conversaci\u00f3n telef\u00f3nica con Trump <\/p>\n<p>Mientras la tensi\u00f3n entre Venezuela y EE.UU. crece, Maduro ha confirmado este mi\u00e9rcoles que mantuvo una conversaci\u00f3n telef\u00f3nica <strong>\u00abcordial\u00bb<\/strong> con el inquilino de la Casa Blanca. \u00abYo recib\u00ed, tuve una llamada y convers\u00e9 con el presidente de Estados Unidos, Donald Trump. Puedo decir que la conversaci\u00f3n fue en un tono de respeto, inclusive puedo decir que fue cordial\u00bb, ha declarado en un programa emitido en la cadena de televisi\u00f3n estatal VTV. <\/p>\n<p>El mandatario venezolano ha celebrado adem\u00e1s que \u00absi esa llamada significa que se est\u00e1n dando <strong>pasos hacia un di\u00e1logo respetuoso de Estado a Estado<\/strong>, de pa\u00eds a pa\u00eds, bienvenido el di\u00e1logo, bienvenida la diplomacia, porque siempre buscaremos la paz\u00bb. <\/p>\n<p>\t\tCinco continentes &#8211; \u00bfQu\u00e9 busca Trump en Venezuela?\t<\/p>\n<p>Otro de las pol\u00e9micas que salpica al Despacho Oval tiene que ver con la decisi\u00f3n de un <a href=\"https:\/\/www.rtve.es\/noticias\/20250915\/maduro-eeuu-agresion-militar-venezuela-aclara-derecho-legitima-defensa\/16730287.shtml\" rel=\"nofollow noopener\" target=\"_blank\">segundo ataque contra una embarcaci\u00f3n<\/a> en el Caribe tras observar supervivientes. Trump ha vuelto ha confirmar este mi\u00e9rcoles que \u00abapoy\u00f3 la decisi\u00f3n de inutilizar los barcos y a quienquiera que los pilote\u00bb. <\/p>\n<p>\u00abLa mayor\u00eda ya no est\u00e1n, pero quienesquiera que los piloten son culpables de intentar matar gente en nuestro pa\u00eds\u00bb, ha alegado, justificando as\u00ed la decisi\u00f3n tomada por el almirante Frank Bradley y respaldada \u00abal cien por cien\u00bb por el jefe del Pent\u00e1gono, <strong>Pete Hegseth<\/strong>, en palabras del Despacho Oval. Trump ha eludido las preguntas sobre si Bradley y Hegseth deber\u00edan ser castigados si hab\u00eda supervivientes aferrados a la embarcaci\u00f3n atacada, seg\u00fan ha recogido la cadena de televisi\u00f3n estadounidense CNN. <\/p>\n<p>Tampoco el <a href=\"https:\/\/www.rtve.es\/noticias\/20251202\/iberia-air-europa-plus-ultra-retirada-licencia-venezuela\/16841918.shtml\" rel=\"nofollow noopener\" target=\"_blank\">cierre del espacio a\u00e9reo<\/a> en la naci\u00f3n petrolera ha impedido la llegada este mi\u00e9rcoles de migrantes en un avi\u00f3n procedente de suelo estadounidense. <\/p>\n<p>M\u00e1s de 80 personas muertas en los ataques <\/p>\n<p>EE.UU. inici\u00f3 en septiembre los ataques letales contra las supuestas embarcaciones con drogas argumentando que est\u00e1 <strong>combatiendo contra organizaciones narcotraficantes <\/strong>en la regi\u00f3n, luego de desplegar sus capacidades militares en aguas del Caribe. Desde entonces, <strong>m\u00e1s de 80 personas han muerto<\/strong> en los ataques en el Caribe y el Pac\u00edfico oriental cerca de las costas de Venezuela pero tambi\u00e9n de Colombia. <\/p>\n<p>Maduro es considerado por Washington el l\u00edder del Cartel de los Soles y fue designado como terrorista por la Administraci\u00f3n Trump. El gobernante venezolano niega todas las acusaciones e insiste con que esta operaci\u00f3n solo busca un cambio de r\u00e9gimen para apoderarse de los recursos naturales de Venezuela, como el petr\u00f3leo.<\/p>\n","protected":false},"excerpt":{"rendered":"La Comisi\u00f3n Interamericana de Derechos Humanos (CIDH) ha recibido este mi\u00e9rcoles una denuncia por la posible ejecuci\u00f3n extrajudicial&hellip;\n","protected":false},"author":2,"featured_media":270059,"comment_status":"","ping_status":"","sticky":false,"template":"","format":"standard","meta":{"footnotes":""},"categories":[42],"tags":[17,18,13,14,11,61,62,63,64,19,20,9,10,15,16,12,21,22,65,66,67],"class_list":{"0":"post-270058","1":"post","2":"type-post","3":"status-publish","4":"format-standard","5":"has-post-thumbnail","7":"category-internacional","8":"tag-breaking-news","9":"tag-breakingnews","10":"tag-featured-news","11":"tag-featurednews","12":"tag-headlines","13":"tag-internacional","14":"tag-international","15":"tag-international-news","16":"tag-internationalnews","17":"tag-latest-news","18":"tag-latestnews","19":"tag-news","20":"tag-noticias","21":"tag-noticias-destacadas","22":"tag-noticiasdestacadas","23":"tag-titulares","24":"tag-ultimas-noticias","25":"tag-ultimasnoticias","26":"tag-world","27":"tag-world-news","28":"tag-worldnews"},"share_on_mastodon":{"url":"https:\/\/pubeurope.com\/@es\/115659123226893499","error":""},"_links":{"self":[{"href":"https:\/\/www.europesays.com\/es\/wp-json\/wp\/v2\/posts\/270058","targetHints":{"allow":["GET"]}}],"collection":[{"href":"https:\/\/www.europesays.com\/es\/wp-json\/wp\/v2\/posts"}],"about":[{"href":"https:\/\/www.europesays.com\/es\/wp-json\/wp\/v2\/types\/post"}],"author":[{"embeddable":true,"href":"https:\/\/www.europesays.com\/es\/wp-json\/wp\/v2\/users\/2"}],"replies":[{"embeddable":true,"href":"https:\/\/www.europesays.com\/es\/wp-json\/wp\/v2\/comments?post=270058"}],"version-history":[{"count":0,"href":"https:\/\/www.europesays.com\/es\/wp-json\/wp\/v2\/posts\/270058\/revisions"}],"wp:featuredmedia":[{"embeddable":true,"href":"https:\/\/www.europesays.com\/es\/wp-json\/wp\/v2\/media\/270059"}],"wp:attachment":[{"href":"https:\/\/www.europesays.com\/es\/wp-json\/wp\/v2\/media?parent=270058"}],"wp:term":[{"taxonomy":"category","embeddable":true,"href":"https:\/\/www.europesays.com\/es\/wp-json\/wp\/v2\/categories?post=270058"},{"taxonomy":"post_tag","embeddable":true,"href":"https:\/\/www.europesays.com\/es\/wp-json\/wp\/v2\/tags?post=270058"}],"curies":[{"name":"wp","href":"https:\/\/api.w.org\/{rel}","templated":true}]}}