{"id":270060,"date":"2025-12-04T03:15:11","date_gmt":"2025-12-04T03:15:11","guid":{"rendered":"https:\/\/www.europesays.com\/es\/270060\/"},"modified":"2025-12-04T03:15:11","modified_gmt":"2025-12-04T03:15:11","slug":"las-tres-nuevas-caras-del-gobierno-valenciano-de-perez-llorca","status":"publish","type":"post","link":"https:\/\/www.europesays.com\/es\/270060\/","title":{"rendered":"Las tres nuevas caras del Gobierno valenciano de P\u00e9rez Llorca"},"content":{"rendered":"<p style=\"\">El presidente de la Generalitat Valenciana, <a href=\"https:\/\/www.abc.es\/espana\/comunidad-valenciana\/perez-llorca-nuevo-gobierno-20251203102232-nt.html\" target=\"_self\" data-voc-vtm-id=\"in-text-traffic\" title=\"Juanfran P\u00e9rez Llorca\" data-mrf-link=\"www.abc.es\" rel=\"nofollow noopener\">Juanfran P\u00e9rez Llorca<\/a>, ha sumado tres nuevos nombres a su nuevo Gobierno, <strong>Pepe D\u00edez<\/strong>, Elena Albalet y Mar\u00eda del Carmen Ort\u00ed, que asumen desde este jueves \u00e1reas clave en un Ejecutivo auton\u00f3mico que, pese a reorganizarse competencias,  &#8230; mantiene a ocho de los nueve miembros nombrados durante por Carlos Maz\u00f3n.<\/p>\n<p class=\"voc-p\" style=\"\">D\u00edez asciende en el organigrama del Consell, donde hasta ahora ejerc\u00eda como director general de Proyectos Estrat\u00e9gicos en el \u00e1rea de Presidencia, para convertirse en <strong>vicepresidente segundo y conseller de Presidencia<\/strong>, un departamento de nueva creaci\u00f3n. Se trata de un habitual del segundo escal\u00f3n, que ahora pasa a la primera l\u00ednea.<\/p>\n<p class=\"voc-p\" style=\"\">Licenciado en Derecho, es abogado de la Generalitat y ha ejercido en departamentos jur\u00eddicos de empresas privadas como Pavasal e instituciones p\u00fablicas como el Palau de Les Arts. No es ajeno a la pol\u00edtica. Fue jefe de gabinete de la Conselleria de Infraestructuras, entre 2007 y 2012, con Mario Flores e Isabel Bonig, en las etapas de Francisco Camps y Alberto Fabra al frente del Ejecutivo regional. Adem\u00e1s, su padre, el fiscal Jos\u00e9 D\u00edez Cuquerella,  y es un hist\u00f3rico del PP valenciano: fue diputado de Les Corts y presidente de la Diputaci\u00f3n durante un breve periodo.<\/p>\n<p class=\"voc-p\" style=\"\">La Conselleria de <strong>Educaci\u00f3n, Cultura y Universidades<\/strong> estar\u00e1 dirigida por <strong>Mar\u00eda del Carmen Ort\u00ed<\/strong>, un perfil m\u00e1s t\u00e9cnico. Ort\u00ed -hermana del ex alcalde de Xirivella, Enrique Ort\u00ed- es diplomada en Ciencias de la Educaci\u00f3n  y licenciada en Psicopedagog\u00eda, as\u00ed como funcionaria de carrera del cuerpo de Inspecci\u00f3n de Educaci\u00f3n de la Generalitat. Desde mayo dirig\u00eda la Universidad Popular del Ayuntamiento de Valencia y antes hab\u00eda desempe\u00f1ado el cargo de subdirectora general de Planificaci\u00f3n Educativa y Centros Privados y Concertados en la Conselleria de Educaci\u00f3n que ahora lidera.<\/p>\n<p class=\"voc-p\" style=\"\">Al Gobierno auton\u00f3mico de P\u00e9rez Llorca se suma tambi\u00e9n <strong>Elena Albalat<\/strong> como <strong>consellera de Servicios Sociales, Familia e Infancia<\/strong>. Tiene experiencia pol\u00edtica como concejal en el Ayuntamiento de Onda entre 2011 y 2023, cuando se incorpor\u00f3 al Ejecutivo de Maz\u00f3n como directora general. En la remodelaci\u00f3n realizada tras la salida de Vox del Consell, ascendi\u00f3 como secretaria auton\u00f3mica de Sistema Sociosanitario, puesto en el que se ha mantenido hasta ahora.<\/p>\n<p class=\"voc-p\" style=\"\">Con formaci\u00f3n en Publicidad y Relaciones P\u00fablicas, Albalat es vicesecretar\u00eda de Acci\u00f3n Social en el PP de Castell\u00f3n y una persona de la m\u00e1xima confianza de la c\u00fapula del partido en la provincia.<\/p>\n","protected":false},"excerpt":{"rendered":"El presidente de la Generalitat Valenciana, Juanfran P\u00e9rez Llorca, ha sumado tres nuevos nombres a su nuevo Gobierno,&hellip;\n","protected":false},"author":2,"featured_media":270061,"comment_status":"","ping_status":"","sticky":false,"template":"","format":"standard","meta":{"footnotes":""},"categories":[8],"tags":[17,18,3160,25,24,13,14,582,11,19,20,9,10,15,16,2860,23,12,603,21,22,706],"class_list":{"0":"post-270060","1":"post","2":"type-post","3":"status-publish","4":"format-standard","5":"has-post-thumbnail","7":"category-espana","8":"tag-breaking-news","9":"tag-breakingnews","10":"tag-caras","11":"tag-es","12":"tag-espana","13":"tag-featured-news","14":"tag-featurednews","15":"tag-gobierno","16":"tag-headlines","17":"tag-latest-news","18":"tag-latestnews","19":"tag-news","20":"tag-noticias","21":"tag-noticias-destacadas","22":"tag-noticiasdestacadas","23":"tag-nuevas","24":"tag-spain","25":"tag-titulares","26":"tag-tres","27":"tag-ultimas-noticias","28":"tag-ultimasnoticias","29":"tag-valenciano"},"share_on_mastodon":{"url":"https:\/\/pubeurope.com\/@es\/115659127272202455","error":""},"_links":{"self":[{"href":"https:\/\/www.europesays.com\/es\/wp-json\/wp\/v2\/posts\/270060","targetHints":{"allow":["GET"]}}],"collection":[{"href":"https:\/\/www.europesays.com\/es\/wp-json\/wp\/v2\/posts"}],"about":[{"href":"https:\/\/www.europesays.com\/es\/wp-json\/wp\/v2\/types\/post"}],"author":[{"embeddable":true,"href":"https:\/\/www.europesays.com\/es\/wp-json\/wp\/v2\/users\/2"}],"replies":[{"embeddable":true,"href":"https:\/\/www.europesays.com\/es\/wp-json\/wp\/v2\/comments?post=270060"}],"version-history":[{"count":0,"href":"https:\/\/www.europesays.com\/es\/wp-json\/wp\/v2\/posts\/270060\/revisions"}],"wp:featuredmedia":[{"embeddable":true,"href":"https:\/\/www.europesays.com\/es\/wp-json\/wp\/v2\/media\/270061"}],"wp:attachment":[{"href":"https:\/\/www.europesays.com\/es\/wp-json\/wp\/v2\/media?parent=270060"}],"wp:term":[{"taxonomy":"category","embeddable":true,"href":"https:\/\/www.europesays.com\/es\/wp-json\/wp\/v2\/categories?post=270060"},{"taxonomy":"post_tag","embeddable":true,"href":"https:\/\/www.europesays.com\/es\/wp-json\/wp\/v2\/tags?post=270060"}],"curies":[{"name":"wp","href":"https:\/\/api.w.org\/{rel}","templated":true}]}}