{"id":270064,"date":"2025-12-04T03:20:14","date_gmt":"2025-12-04T03:20:14","guid":{"rendered":"https:\/\/www.europesays.com\/es\/270064\/"},"modified":"2025-12-04T03:20:14","modified_gmt":"2025-12-04T03:20:14","slug":"fabian-gomez-se-quedo-con-el-titulo-en-el-tradicional-abierto-del-litoral","status":"publish","type":"post","link":"https:\/\/www.europesays.com\/es\/270064\/","title":{"rendered":"Fabi\u00e1n G\u00f3mez se qued\u00f3 con el t\u00edtulo en el tradicional Abierto del Litoral"},"content":{"rendered":"<p> El golf de Rosario tiene un nuevo rey y no es otro que <strong>Fabi\u00e1n G\u00f3mez<\/strong>, quien se qued\u00f3 con el <strong><a href=\"https:\/\/www.lacapital.com.ar\/c10231724\" target=\"_blank\" rel=\"follow nofollow noopener\">90\u00ba Campeonato del tradicional Abierto del Litoral<\/a><\/strong> que se disput\u00f3 en el <strong>Rosario Golf Club<\/strong>. El chaque\u00f1o termin\u00f3 con una marca de <strong>262 golpes, 22 bajo el par de la cancha<\/strong>.<\/p>\n<p>La segunda posici\u00f3n fue para el cr\u00e9dito local, el rosarino <strong>Ricardo Gonz\u00e1lez<\/strong>, quien tambi\u00e9n tuvo un andar parejo y marc\u00f3 una tarjeta final de 267 impactos (17 bajo par), mientras que la tercera colocaci\u00f3n qued\u00f3 en poder de <strong>Augusto N\u00fa\u00f1ez<\/strong>, con 271 goles (-13).<\/p>\n<p> G\u00f3mez ya ven\u00eda haciendo una gran labor en los d\u00edas previos y eso fue lo que permiti\u00f3 llegar a esta \u00faltima jornada con cierta tranquilidad.<\/p>\n<p>  Una \u00faltima vuelta con ventaja para Fabi\u00e1n G\u00f3mez <\/p>\n<p>Es que antes del arranque de la \u00faltima vuelta el chaque\u00f1o hab\u00eda acumulado 196 golpes, cinco menos que sus m\u00e1s inmediatos perseguidores, que no eran otros que <strong>Ricardo Gonz\u00e1lez y Augusto N\u00fa\u00f1ez<\/strong>.<\/p>\n<p><strong>&gt;&gt;Leer m\u00e1s: <a href=\"https:\/\/www.lacapital.com.ar\/c10232379\" target=\"_blank\" rel=\"follow nofollow noopener\">Fabi\u00e1n G\u00f3mez mantiene la ventaja en la cima del Abierto del Litoral de golf<\/a><\/strong><\/p>\n<p>Lo cierto es que G\u00f3mez actu\u00f3 en consecuencia y fue el competidor que menos golpes realiz\u00f3 en los 18 hoyos. Complet\u00f3 la vuelta con 6 impactos, los mismos que Ricardo Gonz\u00e1lez.<\/p>\n<p><strong>Las cuatro tarjetas de G\u00f3mez fueron: 67 (-4), 62 (-9), 67 (-4) y 66 (-5)<\/strong>.<\/p>\n<p> Una tarjeta con 66 golpes <\/p>\n<p>En esta \u00faltima vuelta, que era la definitiva y en la que el resto deb\u00eda hacer un esfuerzo importante para arrebatarle el t\u00edtulo, el chaque\u00f1o G\u00f3mez arranc\u00f3 por el hoyo 1, en el que hizo birdie. Fall\u00f3 en el 2, con un bogey, pero de ah\u00ed en m\u00e1s se afianz\u00f3 por completo y realiz\u00f3 birdies en los hoyos 4, 5, 7, 11 y 18.<\/p>\n<p>Mientras, Ricardo Gonz\u00e1lez marc\u00f3 un \u00e1guila en el hoy 11 y seis birdies m\u00e1s, pero tuvo tres bogeys.<\/p>\n<p>Lo cierto es que despu\u00e9s de varias jornadas donde se respir\u00f3 golf del bueno, el t\u00edtulo se march\u00f3 para Resistencia, Chaco.<\/p>\n<p>En tanto, el hist\u00f3rico Andr\u00e9s \u201cPigu\u201d Romero, estuvo lejos de la pelea y finaliz\u00f3 en el puesto 17, con 283 golpes (-1).<\/p>\n","protected":false},"excerpt":{"rendered":"El golf de Rosario tiene un nuevo rey y no es otro que Fabi\u00e1n G\u00f3mez, quien se qued\u00f3&hellip;\n","protected":false},"author":2,"featured_media":270065,"comment_status":"","ping_status":"","sticky":false,"template":"","format":"standard","meta":{"footnotes":""},"categories":[275],"tags":[168,25,24,329,23,167],"class_list":{"0":"post-270064","1":"post","2":"type-post","3":"status-publish","4":"format-standard","5":"has-post-thumbnail","7":"category-golf","8":"tag-deportes","9":"tag-es","10":"tag-espana","11":"tag-golf","12":"tag-spain","13":"tag-sports"},"share_on_mastodon":{"url":"https:\/\/pubeurope.com\/@es\/115659146687580931","error":""},"_links":{"self":[{"href":"https:\/\/www.europesays.com\/es\/wp-json\/wp\/v2\/posts\/270064","targetHints":{"allow":["GET"]}}],"collection":[{"href":"https:\/\/www.europesays.com\/es\/wp-json\/wp\/v2\/posts"}],"about":[{"href":"https:\/\/www.europesays.com\/es\/wp-json\/wp\/v2\/types\/post"}],"author":[{"embeddable":true,"href":"https:\/\/www.europesays.com\/es\/wp-json\/wp\/v2\/users\/2"}],"replies":[{"embeddable":true,"href":"https:\/\/www.europesays.com\/es\/wp-json\/wp\/v2\/comments?post=270064"}],"version-history":[{"count":0,"href":"https:\/\/www.europesays.com\/es\/wp-json\/wp\/v2\/posts\/270064\/revisions"}],"wp:featuredmedia":[{"embeddable":true,"href":"https:\/\/www.europesays.com\/es\/wp-json\/wp\/v2\/media\/270065"}],"wp:attachment":[{"href":"https:\/\/www.europesays.com\/es\/wp-json\/wp\/v2\/media?parent=270064"}],"wp:term":[{"taxonomy":"category","embeddable":true,"href":"https:\/\/www.europesays.com\/es\/wp-json\/wp\/v2\/categories?post=270064"},{"taxonomy":"post_tag","embeddable":true,"href":"https:\/\/www.europesays.com\/es\/wp-json\/wp\/v2\/tags?post=270064"}],"curies":[{"name":"wp","href":"https:\/\/api.w.org\/{rel}","templated":true}]}}