{"id":270066,"date":"2025-12-04T03:22:17","date_gmt":"2025-12-04T03:22:17","guid":{"rendered":"https:\/\/www.europesays.com\/es\/270066\/"},"modified":"2025-12-04T03:22:17","modified_gmt":"2025-12-04T03:22:17","slug":"dentro-de-la-concentracion-del-equipo-decathlon","status":"publish","type":"post","link":"https:\/\/www.europesays.com\/es\/270066\/","title":{"rendered":"Dentro de la concentraci\u00f3n del equipo Decathlon"},"content":{"rendered":"<p><a href=\"https:\/\/www.europesays.com\/es\/wp-content\/uploads\/2025\/12\/El-equipo-en-su-concentracion-\u00a9Alex-Broadway.jpg\" target=\"_blank\" rel=\"noopener\"><img fetchpriority=\"high\" decoding=\"async\" aria-describedby=\"caption-attachment-453894\" class=\"wp-image-453894 size-full lazy\" src=\"data:image\/svg+xml,%3Csvg%20xmlns=\" http:=\"\" data-src=\"https:\/\/www.europesays.com\/es\/wp-content\/uploads\/2025\/12\/El-equipo-en-su-concentracion-\u00a9Alex-Broadway.jpg\" alt=\"\" width=\"1536\" height=\"1024\" data- data-\/><\/a><\/p>\n<p id=\"caption-attachment-453894\" class=\"wp-caption-text\">El equipo en su concentraci\u00f3n \u00a9Alex-Broadway<\/p>\n<p><strong style=\"text-align: justify;\">Redacci\u00f3n \/ <a href=\"https:\/\/www.ciclo21.com\" target=\"_blank\" rel=\"noopener nofollow\">Ciclo 21<\/a><\/strong><\/p>\n<p style=\"text-align: justify;\">Con el inicio de la temporada 2026, el equipo se prepara para escribir un nuevo cap\u00edtulo en su historia. Para conocer c\u00f3mo se construye una campa\u00f1a desde sus cimientos, <strong>Thomas Damuseau, Director de Operaciones, y Jean-Baptiste Quiclet, Director de Rendimiento, revelan el engranaje detr\u00e1s de cada pedalada<\/strong>.<\/p>\n<p><strong style=\"text-align: justify; font-size: 16px;\">Preparaci\u00f3n que rima con precisi\u00f3n<\/strong><\/p>\n<p style=\"text-align: justify;\">Cada temporada trae consigo nuevos retos: cambios de patrocinadores, proveedores, ciclistas y personal. Como un complejo juego de construcci\u00f3n, el equipo debe asentarse sobre bases s\u00f3lidas para sostener sus ambiciones. <strong>La planificaci\u00f3n meticulosa empieza con preguntas estrat\u00e9gicas sobre equipamiento, contrataciones y rendimiento.<\/strong><\/p>\n<p style=\"text-align: justify;\">Thomas Damuseau explica: \u201cNo estamos empezando desde cero. La estabilidad de nuestro contrato con Van Rysel nos permite anticipar pedidos y familiarizarnos con el equipo. Pero cuando hay cambios de proveedor, nuestros mec\u00e1nicos requieren capacitaci\u00f3n espec\u00edfica.\u201d La llegada de ciclistas como Olav Kooij ha llevado al equipo a pedir cuadros aerodin\u00e1micos, pedales reforzados y palancas de cambio especiales. Cada decisi\u00f3n apunta al rendimiento, y la flexibilidad para adaptarse a distintos proveedores es clave: \u201cTenemos un pedido base del 70 % y un margen del 30 % seg\u00fan las contrataciones\u201d, detalla Thomas.<\/p>\n<p><a href=\"https:\/\/www.europesays.com\/es\/wp-content\/uploads\/2025\/12\/Durante-una-sesion-de-entrenamiento-\u00a9P.Ballet_A.Broadway.jpg\"><img loading=\"lazy\" decoding=\"async\" aria-describedby=\"caption-attachment-453893\" class=\"size-full wp-image-453893 lazy\" src=\"data:image\/svg+xml,%3Csvg%20xmlns=\" http:=\"\" data-src=\"https:\/\/www.europesays.com\/es\/wp-content\/uploads\/2025\/12\/Durante-una-sesion-de-entrenamiento-\u00a9P.Ballet_A.Broadway.jpg\" alt=\"\" width=\"1536\" height=\"1024\" data- data-\/><\/a><\/p>\n<p id=\"caption-attachment-453893\" class=\"wp-caption-text\">Durante una sesi\u00f3n de entrenamiento \u00a9P.Ballet_A.Broadway<\/p>\n<p style=\"text-align: justify;\"><strong>Cada decisi\u00f3n tiene su tiempo<\/strong><\/p>\n<p style=\"text-align: justify;\">Mientras los ciclistas descansan, el personal trabaja contrarreloj. Octubre, noviembre y diciembre son meses intensos para preparar bicicletas, veh\u00edculos y ropa. <strong>\u00abTres meses para poner en marcha todos los elementos dise\u00f1ados con antelaci\u00f3n\u00bb<\/strong>, afirma Thomas. El equipo de mec\u00e1nicos y log\u00edstica, unas quince personas, asegura que todo est\u00e9 listo para los campamentos de entrenamiento y las primeras pruebas.<\/p>\n<p style=\"text-align: justify;\">La fase estrat\u00e9gica se planifica con hasta un a\u00f1o de antelaci\u00f3n. <strong>Los pedidos de equipamiento llegan en verano, se ensamblan las bicicletas, se crean los pasaportes y se integran en el sistema<\/strong>. En el primer campamento de octubre, los ciclistas ya prueban su bicicleta de entrenamiento 2026, mientras que las contrarreloj se ajustan y prueban en noviembre y diciembre. <strong>\u00abEs durante los primeros esfuerzos cuando mejor te sientes sobre la bicicleta de contrarreloj, por eso priorizamos los cambios durante los campamentos de entrenamiento\u00bb<\/strong>, comenta Thomas.<\/p>\n<p><a href=\"https:\/\/www.europesays.com\/es\/wp-content\/uploads\/2025\/12\/En-el-ajuste-de-las-bicicletas-\u00a9P.Ballet_A.Broadway.jpg\" target=\"_blank\" rel=\"noopener\"><img loading=\"lazy\" decoding=\"async\" aria-describedby=\"caption-attachment-453892\" class=\"wp-image-453892 size-full lazy\" src=\"data:image\/svg+xml,%3Csvg%20xmlns=\" http:=\"\" data-src=\"https:\/\/www.europesays.com\/es\/wp-content\/uploads\/2025\/12\/En-el-ajuste-de-las-bicicletas-\u00a9P.Ballet_A.Broadway.jpg\" alt=\"\" width=\"1536\" height=\"1024\" data- data-\/><\/a><\/p>\n<p id=\"caption-attachment-453892\" class=\"wp-caption-text\">En el ajuste de las bicicletas \u00a9P.Ballet_A.Broadway<\/p>\n<p style=\"text-align: justify;\"><strong>Preparaci\u00f3n deportiva: anticipar cada detalle<\/strong><\/p>\n<p style=\"text-align: justify;\">Desde el punto de vista deportivo, la anticipaci\u00f3n es fundamental. <strong>Cinco entrenadores trabajan diariamente con los ciclistas, guiados por el director de rendimiento<\/strong>. Antes de las primeras pedaladas, se establece una relaci\u00f3n cercana con cada corredor. <strong>\u00abLa relaci\u00f3n entrenador-atleta es invaluable y requiere cuidado diario\u00bb<\/strong>, explica Jean-Baptiste Quiclet. En octubre, todos los corredores 2026 se reunieron en el centro de rendimiento para planificar individualmente entrenamientos, objetivos y m\u00e9todos de trabajo.<\/p>\n<p style=\"text-align: justify;\">En noviembre,<strong> los directores deportivos fijan los objetivos de la temporada y construyen la columna vertebral del calendario, asignando corredores a cada carrera y ajustando planes seg\u00fan la naturaleza de cada recorrido<\/strong>. En diciembre, se definen los recursos: campos de entrenamiento, sesiones en el t\u00fanel de viento o preparaci\u00f3n espec\u00edfica para contrarreloj por equipos, como el inicio del Tour de Francia 2026. <strong>\u00abLas carreras de preparaci\u00f3n ya no existen. Nos entrenamos para rendir y ganar\u00bb<\/strong>, aclara Jean-Baptiste.<\/p>\n<p style=\"text-align: justify;\">La temporada 2026 ya est\u00e1 en marcha tras meses de preparaci\u00f3n. <strong>Con CMA CGM como patrocinador principal, Adecco como oficial y nuevas incorporaciones en la plantilla, las expectativas son altas<\/strong>. Cada detalle, desde la bicicleta hasta la estrategia de entrenamiento, ha sido pensado para asegurar que la actuaci\u00f3n del equipo est\u00e9 a la altura de sus ambiciones.<\/p>\n","protected":false},"excerpt":{"rendered":"El equipo en su concentraci\u00f3n \u00a9Alex-Broadway Redacci\u00f3n \/ Ciclo 21 Con el inicio de la temporada 2026, el&hellip;\n","protected":false},"author":2,"featured_media":270067,"comment_status":"","ping_status":"","sticky":false,"template":"","format":"standard","meta":{"footnotes":""},"categories":[273],"tags":[3076,313,66394,312,168,25,24,23,167,66395],"class_list":{"0":"post-270066","1":"post","2":"type-post","3":"status-publish","4":"format-standard","5":"has-post-thumbnail","7":"category-ciclismo","8":"tag-3076","9":"tag-ciclismo","10":"tag-concentracion-decathlon","11":"tag-cycling","12":"tag-deportes","13":"tag-es","14":"tag-espana","15":"tag-spain","16":"tag-sports","17":"tag-training-camp-decathlon"},"share_on_mastodon":{"url":"https:\/\/pubeurope.com\/@es\/115659154582811038","error":""},"_links":{"self":[{"href":"https:\/\/www.europesays.com\/es\/wp-json\/wp\/v2\/posts\/270066","targetHints":{"allow":["GET"]}}],"collection":[{"href":"https:\/\/www.europesays.com\/es\/wp-json\/wp\/v2\/posts"}],"about":[{"href":"https:\/\/www.europesays.com\/es\/wp-json\/wp\/v2\/types\/post"}],"author":[{"embeddable":true,"href":"https:\/\/www.europesays.com\/es\/wp-json\/wp\/v2\/users\/2"}],"replies":[{"embeddable":true,"href":"https:\/\/www.europesays.com\/es\/wp-json\/wp\/v2\/comments?post=270066"}],"version-history":[{"count":0,"href":"https:\/\/www.europesays.com\/es\/wp-json\/wp\/v2\/posts\/270066\/revisions"}],"wp:featuredmedia":[{"embeddable":true,"href":"https:\/\/www.europesays.com\/es\/wp-json\/wp\/v2\/media\/270067"}],"wp:attachment":[{"href":"https:\/\/www.europesays.com\/es\/wp-json\/wp\/v2\/media?parent=270066"}],"wp:term":[{"taxonomy":"category","embeddable":true,"href":"https:\/\/www.europesays.com\/es\/wp-json\/wp\/v2\/categories?post=270066"},{"taxonomy":"post_tag","embeddable":true,"href":"https:\/\/www.europesays.com\/es\/wp-json\/wp\/v2\/tags?post=270066"}],"curies":[{"name":"wp","href":"https:\/\/api.w.org\/{rel}","templated":true}]}}