{"id":270072,"date":"2025-12-04T03:26:11","date_gmt":"2025-12-04T03:26:11","guid":{"rendered":"https:\/\/www.europesays.com\/es\/270072\/"},"modified":"2025-12-04T03:26:11","modified_gmt":"2025-12-04T03:26:11","slug":"rozalen-se-retira-temporalmente-de-la-musica-voy-a-parar-a-reflexionar-y-a-digerir-lo-que-ha-ocurrido","status":"publish","type":"post","link":"https:\/\/www.europesays.com\/es\/270072\/","title":{"rendered":"Rozal\u00e9n se retira temporalmente de la m\u00fasica: \u00abVoy a parar a reflexionar y a digerir lo que ha ocurrido\u00bb"},"content":{"rendered":"<p><a class=\"v-mdl-ath__fig-a\" href=\"https:\/\/www.elcorreo.com\/autor\/marina-leon-6788.html\" title=\"Marina Le\u00f3n\" rel=\"nofollow noopener\" target=\"_blank\"><br \/>\n<img decoding=\"async\" class=\"v-mdl-ath__img\" src=\"https:\/\/www.europesays.com\/es\/wp-content\/uploads\/2025\/09\/autor-6788-foto-1.jpeg\" alt=\"Marina Le\u00f3n\"\/><br \/>\n<\/a><\/p>\n<p class=\"v-mdl-ath__p v-mdl-ath__p--6\">\nMi\u00e9rcoles, 3 de diciembre 2025, 17:54<\/p>\n<p>| Actualizado 19:05h.<\/p>\n<p class=\"v-p\">Rozal\u00e9n se tomar\u00e1 lo que ella misma ha bautizado como el \u00abdescanso de la guerrera\u00bb. As\u00ed ha sorprendido a sus seguidores al anunciar a trav\u00e9s de su perfil de Instagram, que, desde el 1 de enero de 2026, har\u00e1 un par\u00f3n tras 15 a\u00f1os sobre los escenarios. \u00abVoy a parar, a reflexionar y a digerir todo lo que me ha ocurrido\u00bb, ha anunciado.<\/p>\n<p class=\"v-p\">\u00abA todo el trabajo estoy diciendo &#8216;que no, que no&#8217;, como en la canci\u00f3n. A ver si me hago caso\u00bb, a\u00f1ade con humor. \u00abEs curioso que hoy en d\u00eda demos tanta importancia a estas decisiones, pero es l\u00f3gico por la velocidad a la que se nos empuja\u00bb, apunta. La artista albacete\u00f1a reconoce que necesita alejarse un tiempo de las redes sociales y rodearse de los suyos. \u00abNecesito estar en casa, en mi pueblo, con la gente que quiero a la que no he dedicado el tiempo suficiente\u00bb, se\u00f1ala. \u00abNecesito viajar sin trabajar, necesito silencio, devorar libros y componer al ritmo que dicen mis emociones\u00bb, explica, reconociendo que poder parar \u00abes un verdadero privilegio, pero tambi\u00e9n me lo he ganado a pulso\u00bb, detalla.<\/p>\n<p><a href=\"http:\/\/www.elcorreo.com\/culturas\/musica\/rozalen-vuelve-euskera-graba-version-villancico-hator-20251128124605-nt.html#vtm_modulosEngag=mod-rel:culturas:noticia:1:cmp:1-not\" class=\"v-a-link\" aria-label=\"Imagen\" rel=\"nofollow noopener\" target=\"_blank\"><\/p>\n<p><img decoding=\"async\" loading=\"lazy\" src=\"https:\/\/www.europesays.com\/es\/wp-content\/uploads\/2025\/12\/unnamed (1)-ksAF-U2403859925484vE-366x256@El Correo.jpg\" class=\"v-a-img\" width=\"258\" height=\"180\" alt=\"\" data-voc-vtm-id=\"in-text-traffic\"\/><\/p>\n<p><\/a><\/p>\n<p class=\"v-p\">Este mensaje llega unos d\u00edas despu\u00e9s de que la artista mostrase una vez m\u00e1s su cari\u00f1o por el euskera con <a href=\"https:\/\/www.elcorreo.com\/culturas\/musica\/rozalen-vuelve-euskera-graba-version-villancico-hator-20251128124605-nt.html\" target=\"_blank\" title=\"Rozal\u00e9n vuelve al euskera y graba una versi\u00f3n del villancico &#039;Hator hator&#039;\" data-voc-vtm-id=\"in-text-traffic\" data-mrf-link=\"www.elcorreo.com\" rel=\"nofollow noopener\">una nueva versi\u00f3n del &#8216;Hator Hator&#8217;<\/a>, uno de los villancicos m\u00e1s bonitos y emblem\u00e1ticos del Pa\u00eds Vasco. Rozal\u00e9n ha colaborado con el compositor y director de orquesta Fernando Vel\u00e1zquez, ganador de dos Goyas, autor de las bandas sonoras de &#8216;Lo imposible&#8217;, &#8216;Patria&#8217;, &#8216;Un monstruo viene a verme&#8217; o &#8216;Querer&#8217;, entre otras. \u00c9l es quien ha producido el proyecto, adem\u00e1s de dirigir a la Euskadiko Orkesta (EO) y a la Bilboko Koral Elkarteko Haurren Korua, el coro infantil de la Sociedad Coral de Bilbao, que acompa\u00f1an a la cantante en este proyecto. <\/p>\n<p class=\"v-p\">Haciendo un repaso, la cantante cuenta que ha grabado un total de 6 discos, ha ofrecido 700 conciertos en 20 pa\u00edses de todo el mundo, \u00abhe cantado en bares para 20 y en recintos para miles de personas\u00bb, asegura. Rozal\u00e9n ha colaborado con unos 200 artistas de la talla de Serrat, Reincidentes, Raphael, Estopa o Viva Suecia. Adem\u00e1s, cuenta con un libro, un podcast y una obra de teatro en la que encarn\u00f3 a Chavela Vargas. Fue reconocida con el Goya a Mejor Canci\u00f3n (2021), el Premio Nacional de M\u00fasicas Actuales y tres galardones de la Academia de la M\u00fasica Espa\u00f1ola, incluido Artista del A\u00f1o (2025). Para dar las gracias a quienes han estado a su lado a lo largo de estos a\u00f1os, la artista compartir\u00e1 el viernes \u00absorpresas para este &#8216;hasta pronto&#8217;\u00bb.<\/p>\n<p>Reporta un error<\/p>\n","protected":false},"excerpt":{"rendered":"Mi\u00e9rcoles, 3 de diciembre 2025, 17:54 | Actualizado 19:05h. Rozal\u00e9n se tomar\u00e1 lo que ella misma ha bautizado&hellip;\n","protected":false},"author":2,"featured_media":270073,"comment_status":"","ping_status":"","sticky":false,"template":"","format":"standard","meta":{"footnotes":""},"categories":[174],"tags":[255,66396,146,147,25,24,256,185,39674,10780,51843,15896,20959,23,38658],"class_list":{"0":"post-270072","1":"post","2":"type-post","3":"status-publish","4":"format-standard","5":"has-post-thumbnail","7":"category-famosos","8":"tag-celebrities","9":"tag-digerir","10":"tag-entertainment","11":"tag-entretenimiento","12":"tag-es","13":"tag-espana","14":"tag-famosos","15":"tag-musica","16":"tag-ocurrido","17":"tag-parar","18":"tag-reflexionar","19":"tag-retira","20":"tag-rozalen","21":"tag-spain","22":"tag-temporalmente"},"share_on_mastodon":{"url":"https:\/\/pubeurope.com\/@es\/115659170766132014","error":""},"_links":{"self":[{"href":"https:\/\/www.europesays.com\/es\/wp-json\/wp\/v2\/posts\/270072","targetHints":{"allow":["GET"]}}],"collection":[{"href":"https:\/\/www.europesays.com\/es\/wp-json\/wp\/v2\/posts"}],"about":[{"href":"https:\/\/www.europesays.com\/es\/wp-json\/wp\/v2\/types\/post"}],"author":[{"embeddable":true,"href":"https:\/\/www.europesays.com\/es\/wp-json\/wp\/v2\/users\/2"}],"replies":[{"embeddable":true,"href":"https:\/\/www.europesays.com\/es\/wp-json\/wp\/v2\/comments?post=270072"}],"version-history":[{"count":0,"href":"https:\/\/www.europesays.com\/es\/wp-json\/wp\/v2\/posts\/270072\/revisions"}],"wp:featuredmedia":[{"embeddable":true,"href":"https:\/\/www.europesays.com\/es\/wp-json\/wp\/v2\/media\/270073"}],"wp:attachment":[{"href":"https:\/\/www.europesays.com\/es\/wp-json\/wp\/v2\/media?parent=270072"}],"wp:term":[{"taxonomy":"category","embeddable":true,"href":"https:\/\/www.europesays.com\/es\/wp-json\/wp\/v2\/categories?post=270072"},{"taxonomy":"post_tag","embeddable":true,"href":"https:\/\/www.europesays.com\/es\/wp-json\/wp\/v2\/tags?post=270072"}],"curies":[{"name":"wp","href":"https:\/\/api.w.org\/{rel}","templated":true}]}}