{"id":270074,"date":"2025-12-04T03:29:14","date_gmt":"2025-12-04T03:29:14","guid":{"rendered":"https:\/\/www.europesays.com\/es\/270074\/"},"modified":"2025-12-04T03:29:14","modified_gmt":"2025-12-04T03:29:14","slug":"el-pueblo-mas-bonito-de-castilla-la-mancha-segunda-semifinal-desde-la-recueja-membrilla-torrubia-del-campo-castejon-de-henares-y-los-yebenes-el-pueblo-mas-bonito-de-c-lm-2025","status":"publish","type":"post","link":"https:\/\/www.europesays.com\/es\/270074\/","title":{"rendered":"El Pueblo M\u00e1s Bonito de Castilla-La Mancha: segunda semifinal desde La Recueja, Membrilla, Torrubia del Campo, Castej\u00f3n de Henares y Los Y\u00e9benes | El pueblo m\u00e1s bonito de C-LM | 2025"},"content":{"rendered":"<p>Llegan las semifinales al programa El Pueblo M\u00e1s Bonito de Castilla-La Mancha.<\/p>\n<p>En esta ocasi\u00f3n recorremos los 5 pueblos restantes para completar los 10 que participan en las semifinales del concurso. Son\u00a0La Recueja,\u00a0Membrilla,\u00a0Torrubia del Campo,\u00a0Castej\u00f3n de Henares y\u00a0Los Y\u00e9benes.<\/p>\n<p>La semana anterior, en el programa 6, visitamos los otros 5 pueblos que compiten por llegar a la final: Hu\u00e9lamo, Berninches, Pelahust\u00e1n, Daimiel y Casas de Ves.<br \/>\u200b<br \/>\u200b\u200bVota por tu pueblo favorito en el programa El Pueblo M\u00e1s Bonito de Castilla-La Mancha para que sea elegido el m\u00e1s bonito 2025 y se convierta en el escenario de las Campanadas de Fin de A\u00f1o en CMM.<\/p>\n","protected":false},"excerpt":{"rendered":"Llegan las semifinales al programa El Pueblo M\u00e1s Bonito de Castilla-La Mancha. En esta ocasi\u00f3n recorremos los 5&hellip;\n","protected":false},"author":2,"featured_media":270075,"comment_status":"","ping_status":"","sticky":false,"template":"","format":"standard","meta":{"footnotes":""},"categories":[171],"tags":[146,147,25,24,23,214],"class_list":{"0":"post-270074","1":"post","2":"type-post","3":"status-publish","4":"format-standard","5":"has-post-thumbnail","7":"category-tv","8":"tag-entertainment","9":"tag-entretenimiento","10":"tag-es","11":"tag-espana","12":"tag-spain","13":"tag-tv"},"share_on_mastodon":{"url":"https:\/\/pubeurope.com\/@es\/115659182147583144","error":""},"_links":{"self":[{"href":"https:\/\/www.europesays.com\/es\/wp-json\/wp\/v2\/posts\/270074","targetHints":{"allow":["GET"]}}],"collection":[{"href":"https:\/\/www.europesays.com\/es\/wp-json\/wp\/v2\/posts"}],"about":[{"href":"https:\/\/www.europesays.com\/es\/wp-json\/wp\/v2\/types\/post"}],"author":[{"embeddable":true,"href":"https:\/\/www.europesays.com\/es\/wp-json\/wp\/v2\/users\/2"}],"replies":[{"embeddable":true,"href":"https:\/\/www.europesays.com\/es\/wp-json\/wp\/v2\/comments?post=270074"}],"version-history":[{"count":0,"href":"https:\/\/www.europesays.com\/es\/wp-json\/wp\/v2\/posts\/270074\/revisions"}],"wp:featuredmedia":[{"embeddable":true,"href":"https:\/\/www.europesays.com\/es\/wp-json\/wp\/v2\/media\/270075"}],"wp:attachment":[{"href":"https:\/\/www.europesays.com\/es\/wp-json\/wp\/v2\/media?parent=270074"}],"wp:term":[{"taxonomy":"category","embeddable":true,"href":"https:\/\/www.europesays.com\/es\/wp-json\/wp\/v2\/categories?post=270074"},{"taxonomy":"post_tag","embeddable":true,"href":"https:\/\/www.europesays.com\/es\/wp-json\/wp\/v2\/tags?post=270074"}],"curies":[{"name":"wp","href":"https:\/\/api.w.org\/{rel}","templated":true}]}}