{"id":270080,"date":"2025-12-04T03:34:15","date_gmt":"2025-12-04T03:34:15","guid":{"rendered":"https:\/\/www.europesays.com\/es\/270080\/"},"modified":"2025-12-04T03:34:15","modified_gmt":"2025-12-04T03:34:15","slug":"la-estrategia-contra-la-gripe-da-un-giro-radical-en-espana-y-tiene-todo-el-sentido-del-mundo","status":"publish","type":"post","link":"https:\/\/www.europesays.com\/es\/270080\/","title":{"rendered":"la estrategia contra la gripe da un giro radical en Espa\u00f1a y tiene todo el sentido del mundo"},"content":{"rendered":"<p>Cada invierno, la historia se va repitiendo en nuestro pa\u00eds. Junto a la ca\u00edda de las temperaturas, <a class=\"text-outboundlink\" href=\"https:\/\/www.xataka.com\/medicina-y-salud\/se-ha-adelantado-mes-contagiosa-asi-gripe-que-epidemia-espana\" data-vars-post-title=\"Se ha adelantado un mes y es m\u00e1s contagiosa: as\u00ed es la gripe que ya es epidemia en Espa\u00f1a \" data-vars-post-url=\"https:\/\/www.xataka.com\/medicina-y-salud\/se-ha-adelantado-mes-contagiosa-asi-gripe-que-epidemia-espana\" rel=\"nofollow noopener\" target=\"_blank\">la gripe hace acto de presencia en nuestro entorno<\/a>, haciendo que mucha gente comience a moquear, a toser o a estar con fiebre. De manera general, para poder prevenir lo peor de este virus durante los meses anteriores se apuesta por hacer campa\u00f1as de vacunaci\u00f3n a una parte de la poblaci\u00f3n, mientras que en los &#8216;no agraciados&#8217; se conf\u00eda en el paracetamol y unos d\u00edas un poco malos.\u00a0<\/p>\n<p><strong>La epidemia. <\/strong>Desde hace unos d\u00edas Espa\u00f1a se encuentra oficialmente en epidemia de gripe debido al <a rel=\"noopener, noreferrer nofollow\" href=\"https:\/\/www.lavanguardia.com\/ciencia\/20251202\/11322291\/gripe-dispara-catalunya-aumento-contagios-85-semana.html\" target=\"_blank\">aumento de los casos en buen parte de Espa\u00f1a<\/a>, lo que ha llevado a algunas comunidades a activar la <a rel=\"noopener, noreferrer nofollow\" href=\"https:\/\/www.europapress.es\/esandalucia\/sevilla\/noticia-recomendacion-uso-mascarillas-centros-sanitarios-residencias-estara-vigor-enero-20251202103837.html\" target=\"_blank\">recomendaci\u00f3n de usar mascarilla en algunas ubicaciones<\/a>. Todo para evitar sobre todo seguir expandiendo el virus y no contagiar a aquellas personas m\u00e1s vulnerables que pueden acabar f\u00e1cilmente ingresados en un hospital tensionando el sistema sanitario.\u00a0<\/p>\n<p>El problema de este a\u00f1o est\u00e1 en la &#8216;<a rel=\"noopener, noreferrer nofollow\" href=\"https:\/\/www.lasexta.com\/tecnologia-tecnoxplora\/ciencia\/asi-variante-gripe-que-preocupa-expertos-sintomas-riesgos-que-conlleva_20251201692d73f06e5e5012dcd5cc15.html\" target=\"_blank\">variante K<\/a>&#8216; de este virus para el que no est\u00e1bamos preparados del todo con las vacunas de las que se dispone y tampoco nuestro sistema inmunitario. Pero por suerte las armas con las que contamos tienen un efecto previsiblemente para minimizar sus efectos en el organismo.\u00a0<\/p>\n<p>    <a href=\"https:\/\/www.xataka.com\/medicina-y-salud\/caida-fertilidad-tiene-nuevo-sospechoso-virus-papiloma-humano\" class=\"pivot-outboundlink\" data-vars-post-title=\"La ca\u00edda en la fertilidad tiene un nuevo sospechoso: el virus del papiloma humano\" rel=\"nofollow noopener\" target=\"_blank\"><br \/>\n     <img loading=\"lazy\" decoding=\"async\" alt=\"La ca\u00edda en la fertilidad tiene un nuevo sospechoso: el virus del papiloma humano\" width=\"375\" height=\"142\" src=\"https:\/\/www.europesays.com\/es\/wp-content\/uploads\/2025\/12\/1764819253_788_375_142.jpeg\"\/><br \/>\n    <\/a><\/p>\n<p><strong>Sistema de vacunaci\u00f3n. <\/strong>En la actualidad la vacunaci\u00f3n <a rel=\"noopener, noreferrer nofollow\" href=\"https:\/\/www.sanidad.gob.es\/areas\/promocionPrevencion\/vacunaciones\/gripe_covid19\/docs\/recomendacionesVacunacionGripe_2025_2026.pdf\" target=\"_blank\">se recomienda de manera oficial<\/a> a una poblaci\u00f3n espec\u00edfica. Uno de estos grupos son los m\u00e1s peque\u00f1os de la casa, debido a que son un grupo de personas que act\u00faan como <a rel=\"noopener, noreferrer nofollow\" href=\"https:\/\/www.who.int\/es\/news-room\/fact-sheets\/detail\/vector-borne-diseases\" target=\"_blank\">vectores<\/a>. Esto quiere decir que se puede infectar, tener una incubaci\u00f3n muy larga y luego apenas presentar s\u00edntomas. El problema es que van a poder ir contagiando a todo lo que los rodea, como a sus padres o incluso a las personas ancianas como los abuelos, lo que s\u00ed supone un grave problema, ya que van a manifestar de manera agresiva la enfermedad.\u00a0<\/p>\n<p>De esta manera, la estrategia es bloquear este vector con la vacunaci\u00f3n de los menores de seis a\u00f1os, aunque no sin estar libre de problemas bio\u00e9ticos. Por otro lado est\u00e1 la vacunaci\u00f3n a las personas mayores, personal sanitario o <a rel=\"noopener, noreferrer nofollow\" href=\"https:\/\/www.cancer.gov\/espanol\/publicaciones\/diccionarios\/diccionario-cancer\/def\/inmunodeprimido\" target=\"_blank\">inmunodeprimidos<\/a>, donde la infecci\u00f3n por este virus puede suponer llevarlos a un estado de salud muy delicado.\u00a0<\/p>\n<p><strong>Vacunaci\u00f3n para todos. <\/strong>Vacunar a una peque\u00f1a parte de la poblaci\u00f3n es la estrategia que ahora mismo encima de la mesa, pero cada vez son m\u00e1s voces las que apuntan a la necesidad de tener que hacer vacunaciones masivas. Como ocurri\u00f3 durante la pandemia por COVID-19.\u00a0<\/p>\n<p>De esta manera, la Asociaci\u00f3n Espa\u00f1ola de Vacunolog\u00eda (AEV) y el Comit\u00e9 Asesor de Vacunas de la AEP <a rel=\"noopener, noreferrer nofollow\" href=\"https:\/\/www.elmundo.es\/ciencia-y-salud\/salud\/2025\/11\/28\/69295e77e4d4d85b6e8b457d.html\" target=\"_blank\">defienden<\/a> esta estrategia por la estad\u00edstica pura que hay en nuestro pa\u00eds. Apuntan a que mientras las coberturas vacunales no sean masivas, el virus <a rel=\"noopener, noreferrer nofollow\" href=\"https:\/\/www.infobae.com\/espana\/2025\/11\/21\/europa-recomienda-vacunarse-sin-demora-contra-la-variante-k-ante-el-adelanto-inusual-de-la-gripe\/\" target=\"_blank\">siempre encuentra \u00abbrechas\u00bb para circular<\/a>. Si solo vacunamos a los abuelos, el virus circula libremente entre los ni\u00f1os (los grandes transmisores) y los adultos j\u00f3venes, mutando y manteni\u00e9ndose fuerte hasta que, inevitablemente, salta de nuevo al vulnerable.<\/p>\n<p><strong>Las claves. <\/strong>Como hemos dicho antes, la AEP lleva a\u00f1os <a rel=\"noopener, noreferrer nofollow\" href=\"https:\/\/vacunas.org\/la-asociacion-espanola-de-vacunologia-recuerda-el-mejor-plan\/\" target=\"_blank\">insistiendo<\/a> en la vacunaci\u00f3n infantil universal (de 6 a 59 meses). No solo para proteger al ni\u00f1o, sino porque los ni\u00f1os son vectores muy eficientes, y concluyen que si se frena el virus en las guarder\u00edas y colegios, proteges indirectamente a toda la comunidad. Pero cada vez hay m\u00e1s voces que apuntan a la necesidad de que <a rel=\"noopener, noreferrer nofollow\" href=\"https:\/\/www.telemadrid.es\/programas\/telenoticias-1\/Los-expertos-piden-extender-la-vacunacion-contra-la-gripe-desde-los-6-meses-hasta-los-17-anos-2-2819438049--20250925023221.html\" target=\"_blank\">los menores de 17 a\u00f1os tambi\u00e9n deber\u00edan entrar dentro de los criterios t\u00e9cnicos<\/a> para recibir esta vacuna.\u00a0<\/p>\n<p>Pero no solo a estos, ya que organismos internacionales como el ECDC y la OMS han se\u00f1alado que <a rel=\"noopener, noreferrer nofollow\" href=\"https:\/\/www.ecdc.europa.eu\/en\/seasonal-influenza\/influenza-pandemic-preparedness\" target=\"_blank\">ampliar las coberturas<\/a> a \u00absegmentos amplios de la poblaci\u00f3n\u00bb (incluyendo convivientes y trabajadores activos) es la \u00fanica forma real de contener la onda epid\u00e9mica. Cuanta m\u00e1s gente vacunada haya al inicio de la ola, menos \u00abautopistas\u00bb tiene el virus para moverse.<\/p>\n<p><strong>Ya se est\u00e1 haciendo. <\/strong>Desde las administraciones p\u00fablicas ya vemos como se est\u00e1 recomendando la vacunaci\u00f3n antes de que llegue el pico m\u00e1ximo de esta epidemia que se espera justo en Navidad, ya que es cuando m\u00e1s se puede juntar la gente en un espacio cerrado. De esta manera, la propia Ministra de Sanidad, M\u00f3nica Garc\u00eda, <a rel=\"noopener, noreferrer nofollow\" href=\"https:\/\/theobjective.com\/sanidad\/2025-12-01\/monica-garcia-poblacion-responsable-vacune-gripe\/?amp\" target=\"_blank\">apunta<\/a> a que \u00abse vacune toda la poblaci\u00f3n\u00bb sin hacer referencia a los criterios que hay establecidos en los planes t\u00e9cnicos.\u00a0<\/p>\n<p>Y es algo que las comunidades aut\u00f3nomas est\u00e1n haciendo, abriendo la puerta a todo aquel que se quiera vacunar eliminando las restricciones. Catalu\u00f1a, por ejemplo, <a rel=\"noopener, noreferrer nofollow\" href=\"https:\/\/www.20minutos.es\/cataluna\/catalunya-comienza-este-lunes-vacunar-gripe-toda-poblacion-antes-llegar-pico-contagios_6904656_0.html\" target=\"_blank\">desde el 1 de diciembre<\/a> se ha abierto a que cualquier persona que quiera inmunizarse lo pueda hacer.\u00a0<\/p>\n<p>    <a href=\"https:\/\/www.xataka.com\/medicina-y-salud\/debemos-8-nuestro-adn-a-antiguas-infecciones-acabamos-descubrir-nueva-utilidad-estos-genes\" class=\"pivot-outboundlink\" data-vars-post-title=\"Debemos el 8% de nuestro ADN a antiguas infecciones. Acabamos de descubrir una nueva utilidad de estos genes\" rel=\"nofollow noopener\" target=\"_blank\"><br \/>\n     <img loading=\"lazy\" decoding=\"async\" alt=\"Debemos el 8% de nuestro ADN a antiguas infecciones. Acabamos de descubrir una nueva utilidad de estos genes\" width=\"375\" height=\"142\" src=\"https:\/\/www.europesays.com\/es\/wp-content\/uploads\/2025\/12\/1764819255_832_375_142.jpeg\"\/><br \/>\n    <\/a><\/p>\n<p>Por su lado, Galicia y Castilla y Le\u00f3n <a rel=\"noopener, noreferrer nofollow\" href=\"https:\/\/gacetamedica.com\/politica\/asi-estan-respondiendo-comunidades-autonomas-primer-envite-gripe\/\" target=\"_blank\">han implementado<\/a> campa\u00f1as de vacunaci\u00f3n masiva sin cita previa (\u00abpuertas abiertas\u00bb) durante los fines de semana, facilitando que cualquiera que pase por all\u00ed pueda recibir el pinchazo<strong>. s<\/strong>e han sumado a la estrategia de \u00abacelerar la inmunizaci\u00f3n\u00bb eliminando las barreras burocr\u00e1ticas de la cita previa.<\/p>\n<p>El mensaje subyacente de estas pol\u00edticas es claro: si tienes un brazo y voluntad, te queremos vacunado ahora.<\/p>\n<p><strong>Cuanto antes, mejor. <\/strong>Los expertos en este caso son bastante claros debido a que la vacuna no &#8216;funciona&#8217; al momento de inocularse. Hay que esperar unas semanas para generar la protecci\u00f3n \u00f3ptima contra el virus para reducir los s\u00edntomas en el caso de que se contraiga la enfermedad.\u00a0<\/p>\n<p>Im\u00e1genes | <a rel=\"noopener, noreferrer nofollow\" href=\"https:\/\/unsplash.com\/es\/@mufidpwt?utm_source=unsplash&amp;utm_medium=referral&amp;utm_content=creditCopyText\" target=\"_blank\">Mufid Majnun<\/a>\u00a0<\/p>\n<p>En Xataka | <a class=\"text-outboundlink\" href=\"https:\/\/www.xataka.com\/medicina-y-salud\/hemos-descubierto-boton-que-usan-bacterias-para-escapar-virus-clave-para-acabar-superbacterias\" data-vars-post-title=\"Las bacterias tienen un &#039;plan de escape&#039; para sobrevivir a los virus que las matan, y es clave para vencer a las superbacterias\" data-vars-post-url=\"https:\/\/www.xataka.com\/medicina-y-salud\/hemos-descubierto-boton-que-usan-bacterias-para-escapar-virus-clave-para-acabar-superbacterias\" rel=\"nofollow noopener\" target=\"_blank\">Las bacterias tienen un &#8216;plan de escape&#8217; para sobrevivir a los virus que las matan, y es clave para vencer a las superbacterias<\/a><\/p>\n","protected":false},"excerpt":{"rendered":"Cada invierno, la historia se va repitiendo en nuestro pa\u00eds. Junto a la ca\u00edda de las temperaturas, la&hellip;\n","protected":false},"author":2,"featured_media":270081,"comment_status":"","ping_status":"","sticky":false,"template":"","format":"standard","meta":{"footnotes":""},"categories":[92],"tags":[25,24,165,166,23],"class_list":{"0":"post-270080","1":"post","2":"type-post","3":"status-publish","4":"format-standard","5":"has-post-thumbnail","7":"category-salud","8":"tag-es","9":"tag-espana","10":"tag-health","11":"tag-salud","12":"tag-spain"},"share_on_mastodon":{"url":"https:\/\/pubeurope.com\/@es\/115659203024711926","error":""},"_links":{"self":[{"href":"https:\/\/www.europesays.com\/es\/wp-json\/wp\/v2\/posts\/270080","targetHints":{"allow":["GET"]}}],"collection":[{"href":"https:\/\/www.europesays.com\/es\/wp-json\/wp\/v2\/posts"}],"about":[{"href":"https:\/\/www.europesays.com\/es\/wp-json\/wp\/v2\/types\/post"}],"author":[{"embeddable":true,"href":"https:\/\/www.europesays.com\/es\/wp-json\/wp\/v2\/users\/2"}],"replies":[{"embeddable":true,"href":"https:\/\/www.europesays.com\/es\/wp-json\/wp\/v2\/comments?post=270080"}],"version-history":[{"count":0,"href":"https:\/\/www.europesays.com\/es\/wp-json\/wp\/v2\/posts\/270080\/revisions"}],"wp:featuredmedia":[{"embeddable":true,"href":"https:\/\/www.europesays.com\/es\/wp-json\/wp\/v2\/media\/270081"}],"wp:attachment":[{"href":"https:\/\/www.europesays.com\/es\/wp-json\/wp\/v2\/media?parent=270080"}],"wp:term":[{"taxonomy":"category","embeddable":true,"href":"https:\/\/www.europesays.com\/es\/wp-json\/wp\/v2\/categories?post=270080"},{"taxonomy":"post_tag","embeddable":true,"href":"https:\/\/www.europesays.com\/es\/wp-json\/wp\/v2\/tags?post=270080"}],"curies":[{"name":"wp","href":"https:\/\/api.w.org\/{rel}","templated":true}]}}