{"id":270084,"date":"2025-12-04T03:38:13","date_gmt":"2025-12-04T03:38:13","guid":{"rendered":"https:\/\/www.europesays.com\/es\/270084\/"},"modified":"2025-12-04T03:38:13","modified_gmt":"2025-12-04T03:38:13","slug":"trump-llama-basura-a-los-somalies-antes-de-lanzar-una-operacion-contra-los-migrantes-de-la-nacion-africana-en-minneapolis","status":"publish","type":"post","link":"https:\/\/www.europesays.com\/es\/270084\/","title":{"rendered":"Trump llama \u00abbasura\u00bb a los somal\u00edes antes de lanzar una operaci\u00f3n contra los migrantes de la naci\u00f3n africana en Minneapolis"},"content":{"rendered":"<p><img fetchpriority=\"high\" decoding=\"async\" src=\"https:\/\/www.europesays.com\/es\/wp-content\/uploads\/2025\/12\/66ac5290-cff2-11f0-8c06-f5d460985095.jpg.webp.webp\"   alt=\"La congresista Ilhan Omar hablando ante un micr\u00f3fono, con un jersey amarillo y un hiyab negro.\" loading=\"eager\" width=\"1000\" height=\"563\" style=\"aspect-ratio:1000 \/ 563\" class=\"css-1seqhu9\"\/><\/p>\n<p class=\"css-by8ykd\" role=\"text\">Fuente de la imagen, Reuters<\/p>\n<p>Pie de foto, Trump critic\u00f3 a Ilhan Omar, una somal\u00ed-estadounidense que representa a un distrito de Minnesota en el Congreso.<strong id=\"article-byline\" aria-hidden=\"true\" class=\"css-2ozlq5\">Informaci\u00f3n del art\u00edculo<\/strong><\/p>\n<ul class=\"css-1dlgp3z\">\n<li class=\"css-1kx8vrb\">\n<ul role=\"list\" class=\"css-1micfon\">\n<li class=\"css-k1irjw\">Autor, Max Matza, <\/li>\n<li class=\"css-k1irjw\">T\u00edtulo del autor,  BBC News, <\/li>\n<\/ul>\n<ul role=\"list\" class=\"css-1micfon\">\n<li class=\"css-k1irjw\">Autor, James FitzGerald, <\/li>\n<li class=\"css-k1irjw\">T\u00edtulo del autor,  BBC News<\/li>\n<\/ul>\n<\/li>\n<li>\n<p>3 diciembre 2025<\/p>\n<\/li>\n<li\/><\/ul>\n<p dir=\"ltr\" class=\"css-s4cjt0 e1yuyadm0\"><b>El presidente estadounidense Donald Trump asegur\u00f3 que no quiere inmigrantes somal\u00edes en Estados Unidos y se\u00f1al\u00f3 ante los periodistas que deber\u00edan \u00abvolver al lugar de donde vinieron\u00bb y que \u00absu pa\u00eds no es bueno por una raz\u00f3n\u00bb.<\/b><\/p>\n<p dir=\"ltr\" class=\"css-s4cjt0 e1yuyadm0\">\u00abNo los quiero en nuestro pa\u00eds, ser\u00e9 sincero con ustedes\u00bb, afirm\u00f3 durante una reuni\u00f3n del gabinete el martes. Trump dijo que Estados Unidos ir\u00eda \u00abpor mal camino si seguimos acogiendo basura en nuestro pa\u00eds\u00bb.<\/p>\n<p dir=\"ltr\" class=\"css-s4cjt0 e1yuyadm0\">Sus comentarios despectivos tuvieron lugar al informarse de que las autoridades de inmigraci\u00f3n estaban planeando una operaci\u00f3n policial en la gran comunidad somal\u00ed de Minnesota.<\/p>\n<p dir=\"ltr\" class=\"css-s4cjt0 e1yuyadm0\">Las autoridades del estado han condenado el plan, argumentando que podr\u00eda afectar injustamente a ciudadanos estadounidenses que puedan parecer procedentes de la naci\u00f3n africana.<\/p>\n<p dir=\"ltr\" class=\"css-s4cjt0 e1yuyadm0\">Minneapolis y St Paul, conocidas conjuntamente como las Twin Cities o Ciudades Gemelas, albergan una de las comunidades somal\u00edes m\u00e1s grandes del mundo y la m\u00e1s grande de Estados Unidos.<\/p>\n<p dir=\"ltr\" class=\"css-s4cjt0 e1yuyadm0\">Los comentarios de Trump suponen un recrudecimiento de sus recientes ataques contra la comunidad somal\u00ed de Minnesota -cuyo estatus protegido en Estados Unidos desde hace d\u00e9cadas se ha comprometido recientemente a revocar- y contra sus pol\u00edticos del partido Dem\u00f3crata.<\/p>\n<p dir=\"ltr\" class=\"css-s4cjt0 e1yuyadm0\">Trump tambi\u00e9n ha ampliado recientemente su campa\u00f1a de represi\u00f3n de la inmigraci\u00f3n, que dura ya varios meses, a ra\u00edz del tiroteo de la semana pasada contra dos miembros de la Guardia Nacional en Washington D. C., presuntamente perpetrado por un afgano que se hab\u00eda trasladado a Estados Unidos. Trump no se refiri\u00f3 a ese incidente al hablar de los somal\u00edes.<\/p>\n<p dir=\"ltr\" class=\"css-s4cjt0 e1yuyadm0\">Durante sus comentarios, que se produjeron al final de una reuni\u00f3n televisada del gabinete que dur\u00f3 varias horas, Trump dijo: \u00abNo los quiero en nuestro pa\u00eds. Ser\u00e9 sincero con ustedes.<\/p>\n<p dir=\"ltr\" class=\"css-s4cjt0 e1yuyadm0\">\u00abAlguien dir\u00e1: &#8216;Oh, eso no es pol\u00edticamente correcto&#8217;. No me importa. No los quiero en nuestro pa\u00eds\u00bb.<\/p>\n<p dir=\"ltr\" class=\"css-s4cjt0 e1yuyadm0\">Tambi\u00e9n afirm\u00f3 que \u00aben Somalia, que apenas es un pa\u00eds, ya saben, no tienen&#8230;, no tienen nada. Solo se dedican a matarse unos a otros. No hay estructura\u00bb.<\/p>\n<p dir=\"ltr\" class=\"css-s4cjt0 e1yuyadm0\">A continuaci\u00f3n, pas\u00f3 a criticar a la representante dem\u00f3crata Ilhan Omar, primera somal\u00ed-estadounidense elegida para el Congreso, con quien ha chocado repetidamente desde hace a\u00f1os.<\/p>\n<p dir=\"ltr\" class=\"css-s4cjt0 e1yuyadm0\">\u00abSiempre la observo\u00bb, afirm\u00f3 Trump, y a\u00f1adi\u00f3 que Omar \u00abodia a todo el mundo. Y creo que es una persona incompetente\u00bb.<\/p>\n<p dir=\"ltr\" class=\"css-s4cjt0 e1yuyadm0\">En una publicaci\u00f3n en las redes sociales, Omar le respondi\u00f3 que \u00absu obsesi\u00f3n conmigo es espeluznante\u00bb. Y agreg\u00f3: \u00abEspero que reciba la ayuda que tanto necesita\u00bb.<\/p>\n<p><img decoding=\"async\" src=\"https:\/\/www.europesays.com\/es\/wp-content\/uploads\/2025\/12\/0c0368c0-d04b-11f0-b603-bde662ca3d72.jpg.webp.webp\"   alt=\"Donald Trump con el ce\u00f1o fruncido.\" loading=\"lazy\" width=\"1024\" height=\"576\" style=\"aspect-ratio:1024 \/ 576\" class=\"css-1seqhu9\"\/><\/p>\n<p class=\"css-by8ykd\" role=\"text\">Fuente de la imagen, Yuri Gripas\/CNP\/Bloomberg via Getty Images<\/p>\n<p dir=\"ltr\" class=\"css-s4cjt0 e1yuyadm0\">La administraci\u00f3n Trump ha ordenado al Servicio de Inmigraci\u00f3n y Control de Aduanas de Estados Unidos (ICE, por sus siglas en ingl\u00e9s) que se centre en los inmigrantes somal\u00edes indocumentados en las Ciudades Gemelas, seg\u00fan inform\u00f3 el martes una persona familiarizada con el plan a CBS News, socio estadounidense de la BBC.<\/p>\n<p dir=\"ltr\" class=\"css-s4cjt0 e1yuyadm0\">Se espera que cientos de personas sean blanco de la operaci\u00f3n cuando comience esta semana, seg\u00fan afirm\u00f3 el funcionario. El diario New York Times fue el primero en informar sobre el operativo.<\/p>\n<p dir=\"ltr\" class=\"css-s4cjt0 e1yuyadm0\">Una portavoz del Departamento de Seguridad Nacional, que supervisa el ICE, se neg\u00f3 a comentar las operaciones previstas y neg\u00f3 tambi\u00e9n que se fuera a perseguir a nadie por motivos raciales.<\/p>\n<p dir=\"ltr\" class=\"css-s4cjt0 e1yuyadm0\">\u00abEl ICE hace cumplir las leyes del pa\u00eds todos los d\u00edas en todo el territorio nacional\u00bb, afirm\u00f3 la subsecretaria Tricia McLaughlin.<\/p>\n<p dir=\"ltr\" class=\"css-s4cjt0 e1yuyadm0\">\u00abLo que convierte a alguien en objetivo del ICE no es su raza o etnia, sino el hecho de que se encuentre en el pa\u00eds de forma ilegal\u00bb, a\u00f1adi\u00f3.<\/p>\n<p dir=\"ltr\" class=\"css-s4cjt0 e1yuyadm0\">En una rueda de prensa, el alcalde de Minneapolis, Jacob Frey, afirm\u00f3 que una operaci\u00f3n del ICE \u00absupone una violaci\u00f3n del debido proceso\u00bb.<\/p>\n<p dir=\"ltr\" class=\"css-s4cjt0 e1yuyadm0\">Seg\u00fan los l\u00edderes de la localidad, hay unas 80.000 personas de origen somal\u00ed viviendo en la zona, y la gran mayor\u00eda son ciudadanos estadounidenses.<\/p>\n<p dir=\"ltr\" class=\"css-s4cjt0 e1yuyadm0\">El mes pasado, Trump anunci\u00f3 que ten\u00eda previsto poner fin al Estatus de Protecci\u00f3n Temporal (TPS) -un programa para inmigrantes procedentes de pa\u00edses en crisis- para los residentes somal\u00edes que viven en Minnesota. Varios cientos de inmigrantes se ver\u00edan afectados por esa orden.<\/p>\n<p dir=\"ltr\" class=\"css-s4cjt0 e1yuyadm0\">El TPS para los somal\u00edes existe desde 1991, como consecuencia del conflicto en ese pa\u00eds.<\/p>\n<p dir=\"ltr\" class=\"css-s4cjt0 e1yuyadm0\">A principios de esta semana, la secretaria de Seguridad Nacional de Trump, Kristi Noem, sugiri\u00f3 que su agencia se centrar\u00eda en el fraude de visados en Minnesota.<\/p>\n<p dir=\"ltr\" class=\"css-s4cjt0 e1yuyadm0\">Y el secretario del Tesoro de EE.UU., Scott Bessent, tambi\u00e9n anunci\u00f3 una investigaci\u00f3n sobre las acusaciones de que los fondos p\u00fablicos del estado podr\u00edan haber sido desviados al grupo militante islamista Al Shabab en Somalia, que forma parte de Al Qaeda<\/p>\n<p dir=\"ltr\" class=\"css-s4cjt0 e1yuyadm0\">La investigaci\u00f3n se produce tras la publicaci\u00f3n de informaciones no verificadas de medios de comunicaci\u00f3n estadounidenses, que han sido desmentidos por los militantes de Al Shabab.<\/p>\n<p><img decoding=\"async\" src=\"https:\/\/www.europesays.com\/es\/wp-content\/uploads\/2025\/12\/3efeb590-d04b-11f0-8c06-f5d460985095.jpg.webp.webp\"   alt=\"Jacob Frey y otros representantes pol\u00edticos. \" loading=\"lazy\" width=\"1024\" height=\"683\" style=\"aspect-ratio:1024 \/ 683\" class=\"css-1seqhu9\"\/><\/p>\n<p class=\"css-by8ykd\" role=\"text\">Fuente de la imagen, Leila Navidi\/The Minnesota Star Tribune via Getty Images<\/p>\n<p>Pie de foto, El alcalde de Minne\u00e1polis, Jacob Frey, defendi\u00f3 a los vecinos de su localidad de origen somal\u00ed.<\/p>\n<p dir=\"ltr\" class=\"css-s4cjt0 e1yuyadm0\">Somalia es uno de los pa\u00edses m\u00e1s pobres del mundo, y muchos de los migrantes que se trasladaron a Estados Unidos lo hicieron en los a\u00f1os 90, durante la guerra civil que asol\u00f3 el pa\u00eds durante d\u00e9cadas.<\/p>\n<p dir=\"ltr\" class=\"css-s4cjt0 e1yuyadm0\">El ministro de Asuntos Exteriores de Somalia, Ali Omar, pareci\u00f3 responder el martes a la actual narrativa de la administraci\u00f3n Trump.<\/p>\n<p dir=\"ltr\" class=\"css-s4cjt0 e1yuyadm0\">Sin nombrar al presidente estadounidense, Omar public\u00f3 en X: \u00abPara algunos se ha vuelto demasiado f\u00e1cil utilizar a Somalia como chivo expiatorio o como distracci\u00f3n de sus propios fracasos\u00bb.<\/p>\n<p dir=\"ltr\" class=\"css-s4cjt0 e1yuyadm0\">Mientras tanto, los l\u00edderes locales de Minnesota han condenado directamente el supuesto plan de la administraci\u00f3n Trump para una operaci\u00f3n del ICE.<\/p>\n<p dir=\"ltr\" class=\"css-s4cjt0 e1yuyadm0\">La senadora estatal de Minnesota, Zaynab Mohamed, dijo en X que \u00abcuando los agentes del ICE interact\u00faen con los somal\u00edes de aqu\u00ed, descubrir\u00e1n lo que llevamos a\u00f1os diciendo: casi todos somos ciudadanos estadounidenses\u00bb.<\/p>\n<p dir=\"ltr\" class=\"css-s4cjt0 e1yuyadm0\">El gobernador dem\u00f3crata de Minnesota, Tim Walz, que fue compa\u00f1ero de candidatura de Kamala Harris en las elecciones presidenciales de 2024 y que se ha enfrentado al presidente en los \u00faltimos d\u00edas, afirm\u00f3; \u00abAgradecemos el apoyo en la investigaci\u00f3n y el enjuiciamiento de los delitos. Pero montar un espect\u00e1culo medi\u00e1tico y atacar indiscriminadamente a los inmigrantes no es una soluci\u00f3n real al problema\u00bb.<\/p>\n<p dir=\"ltr\" class=\"css-s4cjt0 e1yuyadm0\">La reciente intensificaci\u00f3n de las medidas contra la inmigraci\u00f3n por parte de Trump se produce despu\u00e9s de que Sarah Beckstrom, de 20 a\u00f1os, miembro de la Guardia Nacional, muriera en el tiroteo de la semana pasada en Washington D. C., y Andrew Wolfe, de 24 a\u00f1os, resultara gravemente herido.<\/p>\n<p dir=\"ltr\" class=\"css-s4cjt0 e1yuyadm0\">Las autoridades afirmaron que el sospechoso entr\u00f3 en Estados Unidos en 2021 como parte de un programa para afganos que trabajaron con las tropas estadounidenses durante los 20 a\u00f1os que estuvieron en Afganist\u00e1n y que se consideraban en riesgo de represalias tras la retirada de Estados Unidos.<\/p>\n<p dir=\"ltr\" class=\"css-s4cjt0 e1yuyadm0\">El martes, Noem anunci\u00f3 que iba a recomendar la prohibici\u00f3n de viajar a varios pa\u00edses que, seg\u00fan ella, estaban \u00abinundando\u00bb Estados Unidos con actividades delictivas.<\/p>\n<p dir=\"ltr\" class=\"css-s4cjt0 e1yuyadm0\">Previamente, se hab\u00edan suspendido todas las decisiones estadounidenses sobre solicitudes de asilo, y se hab\u00eda anunciado una revisi\u00f3n de las tarjetas de residencia expedidas a personas que hab\u00edan emigrado a Estados Unidos desde varios pa\u00edses. <\/p>\n<p dir=\"ltr\" class=\"css-s4cjt0 e1yuyadm0\">Trump tambi\u00e9n ha amenazado con \u00abdetener de forma permanente la migraci\u00f3n\u00bb procedente de lo que \u00e9l denomina \u00abpa\u00edses del tercer mundo\u00bb.<\/p>\n<p dir=\"ltr\" class=\"css-s4cjt0 e1yuyadm0\">Con informaci\u00f3n adicional de Abdinasir Ali.<\/p>\n<p><img decoding=\"async\" src=\"https:\/\/www.europesays.com\/es\/wp-content\/uploads\/2025\/12\/7ace5bb0-c70a-11f0-9fb5-5f3a3703a365.png.webp.webp\"   alt=\"L\u00ednea gris.\" loading=\"lazy\" width=\"800\" height=\"100\" style=\"aspect-ratio:800 \/ 100\" class=\"css-1seqhu9\"\/><\/p>\n<p dir=\"ltr\" class=\"css-s4cjt0 e1yuyadm0\"><a href=\"https:\/\/www.bbc.com\/mundo\/send\/u184973209\" class=\"focusIndicatorReducedWidth css-n8oauk e1h2ur550\" rel=\"nofollow noopener\" target=\"_blank\">Suscr\u00edbete aqu\u00ed<\/a> a nuestro nuevo newsletter para recibir cada viernes una selecci\u00f3n de nuestro mejor contenido de la semana.<\/p>\n<p dir=\"ltr\" class=\"css-s4cjt0 e1yuyadm0\">Y recuerda que puedes recibir notificaciones en nuestra app. Descarga la \u00faltima versi\u00f3n y act\u00edvalas.<\/p>\n","protected":false},"excerpt":{"rendered":"Fuente de la imagen, Reuters Pie de foto, Trump critic\u00f3 a Ilhan Omar, una somal\u00ed-estadounidense que representa a&hellip;\n","protected":false},"author":2,"featured_media":270085,"comment_status":"","ping_status":"","sticky":false,"template":"","format":"standard","meta":{"footnotes":""},"categories":[42],"tags":[17,18,13,14,11,61,62,63,64,19,20,9,10,15,16,12,21,22,65,66,67],"class_list":{"0":"post-270084","1":"post","2":"type-post","3":"status-publish","4":"format-standard","5":"has-post-thumbnail","7":"category-internacional","8":"tag-breaking-news","9":"tag-breakingnews","10":"tag-featured-news","11":"tag-featurednews","12":"tag-headlines","13":"tag-internacional","14":"tag-international","15":"tag-international-news","16":"tag-internationalnews","17":"tag-latest-news","18":"tag-latestnews","19":"tag-news","20":"tag-noticias","21":"tag-noticias-destacadas","22":"tag-noticiasdestacadas","23":"tag-titulares","24":"tag-ultimas-noticias","25":"tag-ultimasnoticias","26":"tag-world","27":"tag-world-news","28":"tag-worldnews"},"share_on_mastodon":{"url":"https:\/\/pubeurope.com\/@es\/115659218164577206","error":""},"_links":{"self":[{"href":"https:\/\/www.europesays.com\/es\/wp-json\/wp\/v2\/posts\/270084","targetHints":{"allow":["GET"]}}],"collection":[{"href":"https:\/\/www.europesays.com\/es\/wp-json\/wp\/v2\/posts"}],"about":[{"href":"https:\/\/www.europesays.com\/es\/wp-json\/wp\/v2\/types\/post"}],"author":[{"embeddable":true,"href":"https:\/\/www.europesays.com\/es\/wp-json\/wp\/v2\/users\/2"}],"replies":[{"embeddable":true,"href":"https:\/\/www.europesays.com\/es\/wp-json\/wp\/v2\/comments?post=270084"}],"version-history":[{"count":0,"href":"https:\/\/www.europesays.com\/es\/wp-json\/wp\/v2\/posts\/270084\/revisions"}],"wp:featuredmedia":[{"embeddable":true,"href":"https:\/\/www.europesays.com\/es\/wp-json\/wp\/v2\/media\/270085"}],"wp:attachment":[{"href":"https:\/\/www.europesays.com\/es\/wp-json\/wp\/v2\/media?parent=270084"}],"wp:term":[{"taxonomy":"category","embeddable":true,"href":"https:\/\/www.europesays.com\/es\/wp-json\/wp\/v2\/categories?post=270084"},{"taxonomy":"post_tag","embeddable":true,"href":"https:\/\/www.europesays.com\/es\/wp-json\/wp\/v2\/tags?post=270084"}],"curies":[{"name":"wp","href":"https:\/\/api.w.org\/{rel}","templated":true}]}}