{"id":270086,"date":"2025-12-04T03:39:19","date_gmt":"2025-12-04T03:39:19","guid":{"rendered":"https:\/\/www.europesays.com\/es\/270086\/"},"modified":"2025-12-04T03:39:19","modified_gmt":"2025-12-04T03:39:19","slug":"los-economistas-critican-que-la-marcha-atras-de-verifactu-dana-las-inversiones-hechas-por-los-empresarios-el-economista","status":"publish","type":"post","link":"https:\/\/www.europesays.com\/es\/270086\/","title":{"rendered":"Los economistas critican que la marcha atr\u00e1s de Verifactu da\u00f1a las inversiones hechas por los empresarios &#8211; El Economista"},"content":{"rendered":"<ol>\n<li><a href=\"https:\/\/news.google.com\/rss\/articles\/CBMi_AFBVV95cUxQdnlSMTZjOTdPTWRUYk9YamJzTlp3VEZ2MTFQb180X25yQ1B0dDFZbC1MT3IxX29Tb3RoTEJOS3J3MjZza3VXc3FCLTNLLW9GRWQySEl2UWFxNEphQi1EdDZOVnk3QzV0NnNFNk5Zekd6V3VNRWVjc1BCNXhSdkZ2S0w1eUJaV0MxZzBXenhBbzNZakFIa1FrX3BUTDZiLXdjUkxVbkxYcmM4NEhtRUozWjN2enk2OGFyS2FBcXBqSHAxbnJKc1plOWxibHZiOWZ1YzduRFVlaDRjMFZnVXlVbmJEcnpVWWJBS3AzbTZVZ3p1clFPRmkwM181RmzSAecBQVVfeXFMUGtYVlRvT3lta1lnVjJZcTUzMmdJc0VXYU04MTN5clUtN1V6YVlKbkNicFRrSGhRcXhTYXVJWnhnTE1lS0JHQlk0LVlBcFhzLWhvckNjNmxEV3d1XzFaR09zRlhVbXVfSFQ1Tkc0Z3ZDdVRZMS1fR1BUYk04T2N0eU9BQU9Pa2pRNk53QnNEUksweU91SmNpTExRQTYzOG45eWFEZHBwcF95NHlCcUJuOXp1M1FaMld2bV9JY2RVV1dIRlQtVU9OX2kyLUVWSWNielBkWUNBM1RRS2NaV2JMNmp6aVByZ3VF?oc=5\" target=\"_blank\" rel=\"nofollow noopener\">Los economistas critican que la marcha atr\u00e1s de Verifactu da\u00f1a las inversiones hechas por los empresarios<\/a>&nbsp;&nbsp;El Economista<\/li>\n<li><a href=\"https:\/\/news.google.com\/rss\/articles\/CBMi4AFBVV95cUxQTWdpMVd3VjRIVTU2eTRwOUxhR1VyNWFNX1Z4SENXSnp5MkdlUWEtdGxocVVJcmp3VlQtNU56VHhEblZ5bmdXTUFpS2tybkpIeFpZREJRcHI4Zk8tVGlhNERXRWwzRTJNY1RLZFJiZ0Jxc2ZmQi1nNFk1bWZwUTBZdGZTV0wtclNiQl9VcVdVT0pXV2c1MjAtalN6YThid3RrcFJxV1U5S1BfS0Y4cHNLN3FCRnhfZGdTa01OTkRHM1dmWEtPMjlhUnFxbVo1MWhaZFhmZ0VWQmlad0FzNF9haQ?oc=5\" target=\"_blank\" rel=\"nofollow noopener\">Qu\u00e9 es Verifactu, el sistema obligatorio para facturas de pymes y aut\u00f3nomos (que el Gobierno pospone a 2027)<\/a>&nbsp;&nbsp;EL PA\u00cdS<\/li>\n<li><a href=\"https:\/\/news.google.com\/rss\/articles\/CBMivAFBVV95cUxNVXVZOHkxYXN4WjB5UnowTzVud0g2MlRDVzFoaTE0ZmtPRjFYVU1HZThKYXhFV0xpcmN1WkNSY2NUc3B1RnQ1QjlodE1EWHhpSnJMYjhiX2ZadUFzcDZPTDZBeEJOOFNMOHNRWE9xNGdjWGdlSFVTaXZFVVJFLWNoeHh5bEc5SC10QzlHcnB0cTJMYVBuVmJFZm5ZQzN4NkFPTnF4b3BwdC1JTGRReVBGa25yTzBXM3lKMnB2ZA?oc=5\" target=\"_blank\" rel=\"nofollow noopener\">Euskadi ser\u00e1 la \u00fanica comunidad con la factura electr\u00f3nica obligatoria en 2026<\/a>&nbsp;&nbsp;El Diario Vasco<\/li>\n<li><a href=\"https:\/\/news.google.com\/rss\/articles\/CBMiiwFBVV95cUxNenlUaGlfNDlaSURvQUFrbi1VR0hyVEprRGxZRDhGVTVGdVQtRXlORGJQT21Ydk1TOTBqTms4VDlqdzI5WTdIOFkzY0tuV0lZaklyMW4yc216OVBQUG1RMmZmdlR0dGZFOWQ0M2RiYVFYajVJWnBURGNiQXZqR2FLU3dzeWg5SDFRbFpj0gGLAUFVX3lxTE1xaXpBaWI4eUpRVElQS2JLOWtiank5a2Zud0c2Vk03MWRuSDI5Y3hRQnhDTXJ6QWhqTzBPeHRHLUlaczZwT3pJV2FUeWhLN1FjZ05kTFYwUXdmXzljZ0N3TVY4M3dNOHMtc0V1cXdrZjgxT1d1QzZBbWp5N20wU3paNDNudE5od0N1alE?oc=5\" target=\"_blank\" rel=\"nofollow noopener\">Digitalizar es urgente, pero el Gobierno lo retrasa: Verifactu se aplaza oficialmente a 2027<\/a>&nbsp;&nbsp;Expansi\u00f3n<\/li>\n<li><a href=\"https:\/\/news.google.com\/rss\/articles\/CBMiqwFBVV95cUxPdE8xakM4My05YW91bEdWbUFKcEF1VW5ETFVlUjBFSUtiR01xYXpoOTBnWWZLSEU3cDJPSGhsTmVJdDVVNnpYSVhpUjYtTDJUUzRCaEhDVU1jRlFBaUU4M2MwdDc0NWd4Z2lUUzNsNkNqMS1kOFZkd05kbF9xTkVUX3BzSkVnbHMxYWZYM01QS2lUNjRmWlU2RU9BU3hQQ0p0U3NWYlcwWGpMdnc?oc=5\" target=\"_blank\" rel=\"nofollow noopener\">&#8216;Verifactu&#8217;, mejor para otro d\u00eda<\/a>&nbsp;&nbsp;ABC<\/li>\n<\/ol>\n","protected":false},"excerpt":{"rendered":"Los economistas critican que la marcha atr\u00e1s de Verifactu da\u00f1a las inversiones hechas por los empresarios&nbsp;&nbsp;El Economista Qu\u00e9&hellip;\n","protected":false},"author":2,"featured_media":248356,"comment_status":"","ping_status":"","sticky":false,"template":"","format":"standard","meta":{"footnotes":""},"categories":[8],"tags":[17,18,25,24,13,14,11,19,20,9,10,15,16,23,12,21,22],"class_list":{"0":"post-270086","1":"post","2":"type-post","3":"status-publish","4":"format-standard","5":"has-post-thumbnail","7":"category-espana","8":"tag-breaking-news","9":"tag-breakingnews","10":"tag-es","11":"tag-espana","12":"tag-featured-news","13":"tag-featurednews","14":"tag-headlines","15":"tag-latest-news","16":"tag-latestnews","17":"tag-news","18":"tag-noticias","19":"tag-noticias-destacadas","20":"tag-noticiasdestacadas","21":"tag-spain","22":"tag-titulares","23":"tag-ultimas-noticias","24":"tag-ultimasnoticias"},"share_on_mastodon":{"url":"https:\/\/pubeurope.com\/@es\/115659221457266958","error":""},"_links":{"self":[{"href":"https:\/\/www.europesays.com\/es\/wp-json\/wp\/v2\/posts\/270086","targetHints":{"allow":["GET"]}}],"collection":[{"href":"https:\/\/www.europesays.com\/es\/wp-json\/wp\/v2\/posts"}],"about":[{"href":"https:\/\/www.europesays.com\/es\/wp-json\/wp\/v2\/types\/post"}],"author":[{"embeddable":true,"href":"https:\/\/www.europesays.com\/es\/wp-json\/wp\/v2\/users\/2"}],"replies":[{"embeddable":true,"href":"https:\/\/www.europesays.com\/es\/wp-json\/wp\/v2\/comments?post=270086"}],"version-history":[{"count":0,"href":"https:\/\/www.europesays.com\/es\/wp-json\/wp\/v2\/posts\/270086\/revisions"}],"wp:featuredmedia":[{"embeddable":true,"href":"https:\/\/www.europesays.com\/es\/wp-json\/wp\/v2\/media\/248356"}],"wp:attachment":[{"href":"https:\/\/www.europesays.com\/es\/wp-json\/wp\/v2\/media?parent=270086"}],"wp:term":[{"taxonomy":"category","embeddable":true,"href":"https:\/\/www.europesays.com\/es\/wp-json\/wp\/v2\/categories?post=270086"},{"taxonomy":"post_tag","embeddable":true,"href":"https:\/\/www.europesays.com\/es\/wp-json\/wp\/v2\/tags?post=270086"}],"curies":[{"name":"wp","href":"https:\/\/api.w.org\/{rel}","templated":true}]}}