{"id":270087,"date":"2025-12-04T03:40:56","date_gmt":"2025-12-04T03:40:56","guid":{"rendered":"https:\/\/www.europesays.com\/es\/270087\/"},"modified":"2025-12-04T03:40:56","modified_gmt":"2025-12-04T03:40:56","slug":"el-ayuntamiento-recuerda-la-prohibicion-del-botellon-durante-las-zambombas-y-todo-el-ano","status":"publish","type":"post","link":"https:\/\/www.europesays.com\/es\/270087\/","title":{"rendered":"El Ayuntamiento recuerda la prohibici\u00f3n del \u2018botell\u00f3n\u2019 durante las Zambombas y todo el a\u00f1o"},"content":{"rendered":"<p>El Ayuntamiento de Jerez, a trav\u00e9s de la Polic\u00eda Local, <strong>recuerda la prohibici\u00f3n de hacer \u2018botell\u00f3n\u2019 en la v\u00eda p\u00fablica, as\u00ed como de miccionar en la misma durante las Zambombas<\/strong>, al igual que durante todo el a\u00f1o. Las infracciones a la Ordenanza Municipal en ambos casos <strong>ascienden a sanciones econ\u00f3micas de 100 euros en cada caso.<\/strong><\/p>\n<p>En este sentido, la Polic\u00eda Local est\u00e1 haciendo un refuerzo de vigilancia en este sentido durante las Zambombas, habiendo interpuesto numerosas sanciones tanto por \u2018botell\u00f3n\u2019 como por micciones en la v\u00eda p\u00fablica en los primeros fines de semana del periodo de Zambombas.<\/p>\n<p>Asimismo, se recuerda que<strong> el Ayuntamiento ha incrementado el n\u00famero de aseos p\u00fablicos<\/strong> a disposici\u00f3n de la ciudadan\u00eda, individualizados, con limpieza continua y adaptados para personas con movilidad reducida (PMR) ubicados en distintas plazas como plaza del Banco o plaza Bel\u00e9n, y WC port\u00e1tiles que se van cambiando en funci\u00f3n del desarrollo de las zambombas m\u00e1s multitudinarias en distintos puntos del centro.<\/p>\n<p>De igual manera, los agentes del citado cuerpo est\u00e1n levantando actas de <strong>inspecci\u00f3n a establecimientos que no cumplen con la normativa pertinente autorizada para espect\u00e1culos musicales, barras o veladores en la v\u00eda p\u00fablica<\/strong>.<\/p>\n<p>El Ayuntamiento, a fin de reforzar este llamamiento al civismo, agradeciendo de antemano a los organizadores de Zambombas que est\u00e1n ayudando a los servicios p\u00fablicos municipales a la hora de facilitar la recogida de residuos y limpieza viaria cuando al t\u00e9rmino de sus eventos empieza la labor por parte de operarios y maquinaria, <strong>ha iniciado una acci\u00f3n de comunicaci\u00f3n mediante un \u2018spot\u2019 en redes sobre estas recomendaciones,<\/strong> recordando las sanciones al respecto, para contribuir entre todos a una Navidad jerezana segura, limpia y donde la convivencia en torno a la Zambomba mantenga su esencia.<\/p>\n<p>\u00a0<\/p>\n","protected":false},"excerpt":{"rendered":"El Ayuntamiento de Jerez, a trav\u00e9s de la Polic\u00eda Local, recuerda la prohibici\u00f3n de hacer \u2018botell\u00f3n\u2019 en la&hellip;\n","protected":false},"author":2,"featured_media":270088,"comment_status":"","ping_status":"","sticky":false,"template":"","format":"standard","meta":{"footnotes":""},"categories":[5],"tags":[17,18,25,24,13,14,11,19,20,9,10,15,16,23,12,21,22],"class_list":{"0":"post-270087","1":"post","2":"type-post","3":"status-publish","4":"format-standard","5":"has-post-thumbnail","7":"category-titulares","8":"tag-breaking-news","9":"tag-breakingnews","10":"tag-es","11":"tag-espana","12":"tag-featured-news","13":"tag-featurednews","14":"tag-headlines","15":"tag-latest-news","16":"tag-latestnews","17":"tag-news","18":"tag-noticias","19":"tag-noticias-destacadas","20":"tag-noticiasdestacadas","21":"tag-spain","22":"tag-titulares","23":"tag-ultimas-noticias","24":"tag-ultimasnoticias"},"share_on_mastodon":{"url":"https:\/\/pubeurope.com\/@es\/115659229279542467","error":""},"_links":{"self":[{"href":"https:\/\/www.europesays.com\/es\/wp-json\/wp\/v2\/posts\/270087","targetHints":{"allow":["GET"]}}],"collection":[{"href":"https:\/\/www.europesays.com\/es\/wp-json\/wp\/v2\/posts"}],"about":[{"href":"https:\/\/www.europesays.com\/es\/wp-json\/wp\/v2\/types\/post"}],"author":[{"embeddable":true,"href":"https:\/\/www.europesays.com\/es\/wp-json\/wp\/v2\/users\/2"}],"replies":[{"embeddable":true,"href":"https:\/\/www.europesays.com\/es\/wp-json\/wp\/v2\/comments?post=270087"}],"version-history":[{"count":0,"href":"https:\/\/www.europesays.com\/es\/wp-json\/wp\/v2\/posts\/270087\/revisions"}],"wp:featuredmedia":[{"embeddable":true,"href":"https:\/\/www.europesays.com\/es\/wp-json\/wp\/v2\/media\/270088"}],"wp:attachment":[{"href":"https:\/\/www.europesays.com\/es\/wp-json\/wp\/v2\/media?parent=270087"}],"wp:term":[{"taxonomy":"category","embeddable":true,"href":"https:\/\/www.europesays.com\/es\/wp-json\/wp\/v2\/categories?post=270087"},{"taxonomy":"post_tag","embeddable":true,"href":"https:\/\/www.europesays.com\/es\/wp-json\/wp\/v2\/tags?post=270087"}],"curies":[{"name":"wp","href":"https:\/\/api.w.org\/{rel}","templated":true}]}}