{"id":270090,"date":"2025-12-04T03:49:10","date_gmt":"2025-12-04T03:49:10","guid":{"rendered":"https:\/\/www.europesays.com\/es\/270090\/"},"modified":"2025-12-04T03:49:10","modified_gmt":"2025-12-04T03:49:10","slug":"las-palabras-de-sergio-scariolo-sobre-los-cambios-de-entrenador-en-la-euroliga","status":"publish","type":"post","link":"https:\/\/www.europesays.com\/es\/270090\/","title":{"rendered":"Las palabras de Sergio Scariolo sobre los cambios de entrenador en la Euroliga"},"content":{"rendered":"<p><strong>Sergio Scariolo<\/strong> ha atendido a los medios de comunicaci\u00f3n en la previa del partido que el Real Madrid tiene que disputar visitando la cancha del Anadolu Efes.<\/p>\n<p>El t\u00e9cnico italiano ha sido preguntado sobre la competitividad que hay en la actual Euroliga y sobre la marcha y destituciones de algunos t\u00e9cnicos de la Euroliga en las \u00faltimas semanas, incluyendo el hasta ahora entrenador del Anadolu Efes Igor Kokoskov.<\/p>\n<p>Estas fueron sus palabras:<\/p>\n<p>\u00abLa Euroliga est\u00e1 m\u00e1s competitiva que nunca. En el \u00faltimo par de a\u00f1os sobre todo ha crecido exponencialmente el n\u00famero de equipos de mucha fuerza, de mucho nivel. Antes eran 3 o 4 menos y eso incide e influye. Encima ha subido el n\u00famero de partidos con las jornadas dobles y con muchos partidos en poco tiempo.<\/p>\n<p>Creo que ha sido un error, sinceramente, y de hecho todo el mundo se est\u00e1 replanteando el formato de la futura competici\u00f3n porque esto no permite desarrollar el trabajo normal del d\u00eda a d\u00eda con los equipos. <strong>Creo que estamos muy lejos de una mentalidad tipo NBA<\/strong>. Recuerdo cuando ganamos el anillo con Toronto que perdimos 4 partidos seguidos en dos ocasiones y no pas\u00f3 absolutamente nada, no se pens\u00f3 que no estuvi\u00e9semos ah\u00ed. No tenemos esa cultura deportiva como para entender este nuevo escenario y que hay que saber valorar victorias y derrotas de una manera diferente. <\/p>\n<p>Esto genera inestabilidad, crispaci\u00f3n y una necesidad muchas veces de los clubes de demag\u00f3gicamente responder y no ser capaces de mantener el exterior en el exterior y lo dejan penetrar en el interior.<strong> Eso es debilidad pura y dura, falta de profesionalidad en los clubes que no lo consiguen y normalmente esa forma tan emocional de actuar no lleva a ning\u00fan resultado<\/strong>. Puede haber una excepci\u00f3n pero no es una cosa correcta de poder funcionar en una temporada como esta\u00bb.<\/p>\n<p>En las primeras 13 jornadas de la Euroliga y han ca\u00eddo 5 entrenadores entre destituciones y dimisiones: Ioannis Sfairopoulos (Estrella Roja), <a href=\"https:\/\/www.gigantes.com\/liga-endesa\/joan-penarroya-destituido-barca\/\" rel=\"nofollow noopener\" target=\"_blank\">Joan Pe\u00f1arroya (Bar\u00e7a)<\/a>, Ettore Messina (Mil\u00e1n), Zeljko Obradovic (Partizan) e Igor Kokoskov (Anadolu Efes). <\/p>\n<p class=\"has-text-align-right\">acb Photo \/ F.Rodr\u00edguez<\/p>\n<p><img decoding=\"async\" src=\"https:\/\/www.europesays.com\/es\/wp-content\/uploads\/2025\/12\/1764820149_763_mtracking.gif\" alt=\"Etiquetas de Mautic\" style=\"display:none;\"\/><\/p>\n","protected":false},"excerpt":{"rendered":"Sergio Scariolo ha atendido a los medios de comunicaci\u00f3n en la previa del partido que el Real Madrid&hellip;\n","protected":false},"author":2,"featured_media":270091,"comment_status":"","ping_status":"","sticky":false,"template":"","format":"standard","meta":{"footnotes":""},"categories":[269],"tags":[299,298,168,25,24,23,167],"class_list":{"0":"post-270090","1":"post","2":"type-post","3":"status-publish","4":"format-standard","5":"has-post-thumbnail","7":"category-baloncesto","8":"tag-baloncesto","9":"tag-basketball","10":"tag-deportes","11":"tag-es","12":"tag-espana","13":"tag-spain","14":"tag-sports"},"share_on_mastodon":{"url":"https:\/\/pubeurope.com\/@es\/115659261092755057","error":""},"_links":{"self":[{"href":"https:\/\/www.europesays.com\/es\/wp-json\/wp\/v2\/posts\/270090","targetHints":{"allow":["GET"]}}],"collection":[{"href":"https:\/\/www.europesays.com\/es\/wp-json\/wp\/v2\/posts"}],"about":[{"href":"https:\/\/www.europesays.com\/es\/wp-json\/wp\/v2\/types\/post"}],"author":[{"embeddable":true,"href":"https:\/\/www.europesays.com\/es\/wp-json\/wp\/v2\/users\/2"}],"replies":[{"embeddable":true,"href":"https:\/\/www.europesays.com\/es\/wp-json\/wp\/v2\/comments?post=270090"}],"version-history":[{"count":0,"href":"https:\/\/www.europesays.com\/es\/wp-json\/wp\/v2\/posts\/270090\/revisions"}],"wp:featuredmedia":[{"embeddable":true,"href":"https:\/\/www.europesays.com\/es\/wp-json\/wp\/v2\/media\/270091"}],"wp:attachment":[{"href":"https:\/\/www.europesays.com\/es\/wp-json\/wp\/v2\/media?parent=270090"}],"wp:term":[{"taxonomy":"category","embeddable":true,"href":"https:\/\/www.europesays.com\/es\/wp-json\/wp\/v2\/categories?post=270090"},{"taxonomy":"post_tag","embeddable":true,"href":"https:\/\/www.europesays.com\/es\/wp-json\/wp\/v2\/tags?post=270090"}],"curies":[{"name":"wp","href":"https:\/\/api.w.org\/{rel}","templated":true}]}}