{"id":270092,"date":"2025-12-04T03:50:11","date_gmt":"2025-12-04T03:50:11","guid":{"rendered":"https:\/\/www.europesays.com\/es\/270092\/"},"modified":"2025-12-04T03:50:11","modified_gmt":"2025-12-04T03:50:11","slug":"un-mal-elche-cumple-ante-el-quintanar-del-rey-1-2","status":"publish","type":"post","link":"https:\/\/www.europesays.com\/es\/270092\/","title":{"rendered":"Un mal Elche cumple ante el Quintanar del Rey (1-2)"},"content":{"rendered":"<p>Mal trago el que pas\u00f3 el Elche en Quintanar del Rey para pasar a la tercera ronda de Copa del Rey. Mal partido de los franjiverdes que se adelantaron en la segunda mitad mediante Ali Houary, <strong>Dituro protagoniz\u00f3 el error del choque y fue H\u00e9ctor Fort el que en el 117\u2032 anot\u00f3 el 1-2 definitivo<\/strong>.<\/p>\n<p>Un encuentro repleto de novedades en el once inicial el que decidi\u00f3 plantar Sarabia sobre el c\u00e9sped de San Marcos. Un estadio que no presentaba las mejores condiciones, sobre todo por el c\u00e9sped artificial, para la pr\u00e1ctica del f\u00fatbol <strong>en una noche muy fr\u00eda en la ciudad conquense<\/strong>. Al cuadro de Eder Sarabia le cost\u00f3 entrar al encuentro, teniendo la posesi\u00f3n del bal\u00f3n, pero sin generar peligro.<\/p>\n<p>La pol\u00e9mica lleg\u00f3 al cuarto de hora de partido, <strong>tras una patada a Josan dentro del \u00e1rea que el colegiado no consider\u00f3 penalti<\/strong>. El c\u00e9sped sint\u00e9tico empezaba a ser un incordio para los futbolistas franjiverdes, que apenas lograban dar con la tecla para hacer da\u00f1o al Quintanar del Rey. As\u00ed se llegaba al final de los primeros 45 minutos, en una ins\u00edpida primera mitad.<\/p>\n<p>La historia cambi\u00f3 tras el paso por vestuarios: <strong>Sarabia dio entrada a Petrot y Yago de Santiago<\/strong>, que particip\u00f3 de manera directa a los dos minutos con el gol de Ali Houary para hacer el 0-1. Primer gol del canterano franjiverde con el primer equipo para abrir la lata en Quintanar del Rey y desatascar el encuentro.<\/p>\n<p>Tras el gol, el cuadro ilicitano se dedic\u00f3 a ver pasar el tiempo y a falta de 20 minutos lleg\u00f3 el error de Dituro. En un despeje del meta argentino cay\u00f3 el bal\u00f3n rebotado en el delantero del Quintanar del Rey, <strong>que aprovech\u00f3 Eric Iglesias para poner el 1-1 en el gol tonto de la jornada<\/strong>. El tanto hizo reaccionar a los locales y un minuto m\u00e1s tarde un mal despeje de Petrot se estrell\u00f3 en el palo.<\/p>\n<p>Fue entonces cuando el cuadro franjiverde, de rojo y azul para la ocasi\u00f3n, volvieron a despertar en busca del segundo tanto. Sarabia gast\u00f3 todas las naves desde el banquillo con la entrada de <strong>H\u00e9ctor Fort, Pedrosa y Marc Aguado<\/strong>. Sin ocasiones claras sobre la porter\u00eda local lleg\u00f3 el Elche al final de los 90 minutos en el municipal de San Marcos. El partido se iba a la pr\u00f3rroga.<\/p>\n<p>En el 95\u2019 el colegiado se volvi\u00f3 a tragar un penalti sobre Pedrosa tras una falta que no consider\u00f3 pena m\u00e1xima. El Elche no lograba encontrar ninguna ocasi\u00f3n clara y todo parec\u00eda desembocado a los penaltis. Pero fue H\u00e9ctor Fort el que en el 117\u2019 se invent\u00f3 un zapatazo desde el perfil diestro para batir al guardameta y poner el 1-2 definitivo. El pr\u00f3ximo compromiso ser\u00e1 el domingo en el Mart\u00ednez Valero ante el <strong>Girona<\/strong> (14:00 horas).<\/p>\n<p><strong>Ficha t\u00e9cnica:<\/strong><\/p>\n<p><strong>C.D. Quintanar del Rey (1):\u00a0<\/strong>Enrique Bartual; Fernando Romero (Ticiano 63\u2019), Santiago Perea, Enzo, Daniel Jodar; Chabo (Guti 85\u2019), \u00d3scar Olmedilla, Enrique Fabra (Cantarero 63\u2019), Murcia; Eric Iglesias (Antonio 96\u2019), Fita.<\/p>\n<p><strong>Elche C.F. (2)<\/strong>: Dituro; Josan (H\u00e9ctor Fort 64\u2019), John Chetauya, Diaby, V\u00edctor Chust (Petrot 46\u2019), Nico Salvador (Pedrosa 64\u2019); Adam Boayar, Fede Redondo, Mendoza (Martim Neto 95\u2019), Ali Houary (Marc Aguado 89\u2019); Rafa Mir (Yago de Santiago 46\u2019).<\/p>\n<p><strong>Goles:\u00a0<\/strong>0-1 (Ali Houary 48\u2019), 1-1 (Eric Iglesias 70\u2019), 1-2 (H\u00e9ctor Fort 117\u2019)<\/p>\n<p><strong>\u00c1rbitro<\/strong>: Guzm\u00e1n Mansilla (Comit\u00e9 andaluz).\u00a0Amonest\u00f3 con tarjeta amarilla a los locales Fer Romero y Fabra. Amonest\u00f3 al visitante Pedrosa.<\/p>\n<p><strong>Incidencias<\/strong>: Partido correspondiente a la 2\u00aa ronda de Copa del Rey disputado en el Estadio San Marcos ante 2.100 espectadores.<\/p>\n","protected":false},"excerpt":{"rendered":"Mal trago el que pas\u00f3 el Elche en Quintanar del Rey para pasar a la tercera ronda de&hellip;\n","protected":false},"author":2,"featured_media":270093,"comment_status":"","ping_status":"","sticky":false,"template":"","format":"standard","meta":{"footnotes":""},"categories":[268],"tags":[1941,168,8212,25,24,280,282,338,10995,66397,281,23,167],"class_list":{"0":"post-270092","1":"post","2":"type-post","3":"status-publish","4":"format-standard","5":"has-post-thumbnail","7":"category-futbol","8":"tag-copa-del-rey","9":"tag-deportes","10":"tag-elche-cf","11":"tag-es","12":"tag-espana","13":"tag-football","14":"tag-futbol","15":"tag-portada","16":"tag-portada-radio","17":"tag-quintanar-del-rey","18":"tag-soccer","19":"tag-spain","20":"tag-sports"},"share_on_mastodon":{"url":"https:\/\/pubeurope.com\/@es\/115659265113080975","error":""},"_links":{"self":[{"href":"https:\/\/www.europesays.com\/es\/wp-json\/wp\/v2\/posts\/270092","targetHints":{"allow":["GET"]}}],"collection":[{"href":"https:\/\/www.europesays.com\/es\/wp-json\/wp\/v2\/posts"}],"about":[{"href":"https:\/\/www.europesays.com\/es\/wp-json\/wp\/v2\/types\/post"}],"author":[{"embeddable":true,"href":"https:\/\/www.europesays.com\/es\/wp-json\/wp\/v2\/users\/2"}],"replies":[{"embeddable":true,"href":"https:\/\/www.europesays.com\/es\/wp-json\/wp\/v2\/comments?post=270092"}],"version-history":[{"count":0,"href":"https:\/\/www.europesays.com\/es\/wp-json\/wp\/v2\/posts\/270092\/revisions"}],"wp:featuredmedia":[{"embeddable":true,"href":"https:\/\/www.europesays.com\/es\/wp-json\/wp\/v2\/media\/270093"}],"wp:attachment":[{"href":"https:\/\/www.europesays.com\/es\/wp-json\/wp\/v2\/media?parent=270092"}],"wp:term":[{"taxonomy":"category","embeddable":true,"href":"https:\/\/www.europesays.com\/es\/wp-json\/wp\/v2\/categories?post=270092"},{"taxonomy":"post_tag","embeddable":true,"href":"https:\/\/www.europesays.com\/es\/wp-json\/wp\/v2\/tags?post=270092"}],"curies":[{"name":"wp","href":"https:\/\/api.w.org\/{rel}","templated":true}]}}