{"id":270096,"date":"2025-12-04T03:54:10","date_gmt":"2025-12-04T03:54:10","guid":{"rendered":"https:\/\/www.europesays.com\/es\/270096\/"},"modified":"2025-12-04T03:54:10","modified_gmt":"2025-12-04T03:54:10","slug":"tengo-las-maletas-hechas-para-irme-del-pais","status":"publish","type":"post","link":"https:\/\/www.europesays.com\/es\/270096\/","title":{"rendered":"Tengo las maletas hechas para irme del pa\u00eds"},"content":{"rendered":"<p class=\"article-text\">\n        Este mi\u00e9rcoles, 3 de diciembre,<strong> El Hormiguero<\/strong> hab\u00eda anunciado la visita de <strong>Santiago Segura, Ernesto Sevilla y Pablo Chiapella <\/strong>para promocionar su nueva pel\u00edcula juntos:<strong> La Navidad en sus manos 2.<\/strong>\n    <\/p>\n<p>    <a href=\"https:\/\/www.eldiario.es\/vertele\/noticias\/sonsoles-onega-admitio-hormiguero-instinto-asesino-sintio-rodaje-hijas-criada_1_12815990.html\" data-mrf-recirculation=\"saber-mas\" data-dl-event=\"saber-mas\" rel=\"nofollow noopener\" target=\"_blank\"><\/p>\n<p class=\"know-more__title\">Sonsoles \u00d3nega admiti\u00f3 en &#8216;El Hormiguero&#8217; el \u00abinstinto asesino\u00bb que sinti\u00f3 en el rodaje de &#8216;Las hijas de la criada&#8217;<\/p>\n<p>            <img decoding=\"async\" class=\"lazy\" loading=\"lazy\" data-src=\"https:\/\/static.eldiario.es\/clip\/5ed1577d-49f6-47a4-a03f-288151218f16_16-9-aspect-ratio_default_0.jpg\" src=\"data:image\/svg+xml,%3Csvg xmlns=\" http:=\"\" viewbox=\"0 0 880 495\" alt=\"Sonsoles \u00d3nega admiti\u00f3 en 'El Hormiguero' el &quot;instinto asesino&quot; que sinti\u00f3 en el rodaje de 'Las hijas de la criada'\"\/><\/p>\n<p>                        <\/a><\/p>\n<p class=\"article-text\">\n        Sin embargo, el int\u00e9rprete que da vida a Amador en<strong> La que se avecina <\/strong>no pudo acudir: <strong>\u201cIba a venir Pablo Chiapella, pero est\u00e1 malito<\/strong>, as\u00ed que desde aqu\u00ed le mandamos un abrazo, que se ponga bueno\u201d, inform\u00f3 el presentador que, a su vez, explic\u00f3 que sus compa\u00f1eros no estaban totalmente de acuerdo con esa raz\u00f3n.\n    <\/p>\n<p class=\"article-text\">\n        Al sentarse en la mesa del programa, Motos coment\u00f3 con los otros dos invitados la ausencia del actor: \u201c<strong>Ha dicho que est\u00e1 en la cama que no se puede mover, que ha pillado la gripe y que est\u00e1 aparcao\u201d<\/strong>. Pero ambos dudaron de tal explicaci\u00f3n: \u201cEso dice s\u00ed, saludos desde aqu\u00ed a Pablo\u201d coment\u00f3 ir\u00f3nica Sevilla.\n    <\/p>\n<p class=\"article-text\">\n        Y Motos hizo hincapi\u00e9 en el inconveniente de Chiapella: <strong>\u201c\u00bfCre\u00e9is que se ha puesto tan malo que no ha podido venir?\u201d<\/strong>. A lo que Segura respondi\u00f3 con su ejemplo: \u201cYo tengo un gripazo y cuando he llegado y me dicen que Chiapella no ha podido venir porque tiene gripe&#8230; <strong>\u00a1Que traiga el certificado m\u00e9dico!<\/strong> Esto es como el colegio, yo no pod\u00eda dejar tirado a este p\u00fablico maravilloso, a Ernesto, a mi amigo Pablo\u201d, asegur\u00f3 entre aplausos.\n    <\/p>\n<p>    Santiago Segura, sobre &#8216;Torrente Presidente&#8217;: \u201cEs para re\u00edrse\u201d<\/p>\n<p class=\"article-text\">\n        Adem\u00e1s de hablar de la pel\u00edcula navide\u00f1a, Motos tambi\u00e9n pregunt\u00f3 a Santiago Segura por uno de sus proyectos m\u00e1s esperados, la nueva entrega de <strong>Torrente<\/strong>.\n    <\/p>\n<p class=\"article-text\">\n        \u201cNo quiero hablar de la pel\u00edcula, ni hacer tr\u00e1iler, ni promoci\u00f3n, ni nada, solo estrenarla\u201d, sorprendi\u00f3 el cineasta que, entre otras cosas, es un experto del marketing. Lo que s\u00ed desvel\u00f3 en exclusiva en el programa fue que la <strong>fecha de estreno ser\u00e1 el 13 de marzo<\/strong>: \u201cTengo las maletas hechas para irme del pa\u00eds el 14 de marzo\u201d, brome\u00f3.\n    <\/p>\n<p>    <a href=\"https:\/\/www.eldiario.es\/vertele\/noticias\/justicia-ordena-atresmedia-entregar-creadores-no-hay-viva-informacion-explotacion_1_12815740.html\" data-mrf-recirculation=\"saber-mas-abajo\" data-dl-event=\"saber-mas-abajo\" rel=\"nofollow noopener\" target=\"_blank\"><\/p>\n<p class=\"know-more__title\">La Justicia ordena a Atresmedia entregar a los creadores de &#8216;Aqu\u00ed no hay quien viva&#8217; informaci\u00f3n sobre su explotaci\u00f3n<\/p>\n<p>            <img decoding=\"async\" class=\"lazy\" loading=\"lazy\" data-src=\"https:\/\/static.eldiario.es\/clip\/7f927e4c-9677-41b9-9238-5ef88c4e291b_16-9-aspect-ratio_default_0.jpg\" src=\"data:image\/svg+xml,%3Csvg xmlns=\" http:=\"\" viewbox=\"0 0 880 495\" alt=\"La Justicia ordena a Atresmedia entregar a los creadores de 'Aqu\u00ed no hay quien viva' informaci\u00f3n sobre su explotaci\u00f3n\"\/><\/p>\n<p>                        <\/a><\/p>\n<blockquote class=\"twitter-tweet\" data-lang=\"es\"><p><a href=\"https:\/\/twitter.com\/X\/status\/1996331803183825112?ref_src=twsrc%5Etfw\" rel=\"nofollow noopener\" target=\"_blank\"><\/p><\/blockquote>\n<p class=\"article-text\">\n        Y advirti\u00f3 lo siguiente: \u201cLos que sois fans de Torrente ir a ver la pel\u00edcula, los que ten\u00e9is sensibilidad no vay\u00e1is, por favor. Es una pel\u00edcula que es para re\u00edrse, es ficci\u00f3n y en la ficci\u00f3n cabe todo. <strong>Lo pol\u00edticamente correcto est\u00e1 bien para la vida, pero no cabe en la ficci\u00f3n<\/strong>\u201d, sentenci\u00f3.\n    <\/p>\n<p>                                    <script async src=\"https:\/\/platform.twitter.com\/widgets.js\" charset=\"utf-8\"><\/script><\/p>\n","protected":false},"excerpt":{"rendered":"Este mi\u00e9rcoles, 3 de diciembre, El Hormiguero hab\u00eda anunciado la visita de Santiago Segura, Ernesto Sevilla y Pablo&hellip;\n","protected":false},"author":2,"featured_media":270097,"comment_status":"","ping_status":"","sticky":false,"template":"","format":"standard","meta":{"footnotes":""},"categories":[171],"tags":[66399,62234,66400,66398,146,147,25,24,17775,42799,13882,689,618,3576,12109,23,214],"class_list":{"0":"post-270096","1":"post","2":"type-post","3":"status-publish","4":"format-standard","5":"has-post-thumbnail","7":"category-tv","8":"tag-acudio","9":"tag-chiapella","10":"tag-creeis","11":"tag-dudo","12":"tag-entertainment","13":"tag-entretenimiento","14":"tag-es","15":"tag-espana","16":"tag-hormiguero","17":"tag-malo","18":"tag-motos","19":"tag-no","20":"tag-pablo","21":"tag-puesto","22":"tag-razon","23":"tag-spain","24":"tag-tv"},"share_on_mastodon":{"url":"https:\/\/pubeurope.com\/@es\/115659280451058690","error":""},"_links":{"self":[{"href":"https:\/\/www.europesays.com\/es\/wp-json\/wp\/v2\/posts\/270096","targetHints":{"allow":["GET"]}}],"collection":[{"href":"https:\/\/www.europesays.com\/es\/wp-json\/wp\/v2\/posts"}],"about":[{"href":"https:\/\/www.europesays.com\/es\/wp-json\/wp\/v2\/types\/post"}],"author":[{"embeddable":true,"href":"https:\/\/www.europesays.com\/es\/wp-json\/wp\/v2\/users\/2"}],"replies":[{"embeddable":true,"href":"https:\/\/www.europesays.com\/es\/wp-json\/wp\/v2\/comments?post=270096"}],"version-history":[{"count":0,"href":"https:\/\/www.europesays.com\/es\/wp-json\/wp\/v2\/posts\/270096\/revisions"}],"wp:featuredmedia":[{"embeddable":true,"href":"https:\/\/www.europesays.com\/es\/wp-json\/wp\/v2\/media\/270097"}],"wp:attachment":[{"href":"https:\/\/www.europesays.com\/es\/wp-json\/wp\/v2\/media?parent=270096"}],"wp:term":[{"taxonomy":"category","embeddable":true,"href":"https:\/\/www.europesays.com\/es\/wp-json\/wp\/v2\/categories?post=270096"},{"taxonomy":"post_tag","embeddable":true,"href":"https:\/\/www.europesays.com\/es\/wp-json\/wp\/v2\/tags?post=270096"}],"curies":[{"name":"wp","href":"https:\/\/api.w.org\/{rel}","templated":true}]}}