{"id":270132,"date":"2025-12-04T04:26:24","date_gmt":"2025-12-04T04:26:24","guid":{"rendered":"https:\/\/www.europesays.com\/es\/270132\/"},"modified":"2025-12-04T04:26:24","modified_gmt":"2025-12-04T04:26:24","slug":"un-decreto-ley-hace-efectivo-el-aumento-salarial-en-2025-y-2026-de-los-empleados-publicos-acordado-con-los-sindicatos","status":"publish","type":"post","link":"https:\/\/www.europesays.com\/es\/270132\/","title":{"rendered":"Un decreto ley hace efectivo el aumento salarial en 2025 y 2026 de los empleados p\u00fablicos acordado con los sindicatos"},"content":{"rendered":"<p>El BOE de hoy recoge <a href=\"https:\/\/boe.es\/boe\/dias\/2025\/12\/03\/pdfs\/BOE-A-2025-24445.pdf#BOen\" rel=\"nofollow noopener\" target=\"_blank\">un decreto ley<\/a> para subir los salarios del personal p\u00fablico. Sin presupuestos, la \u00fanica forma de hacer efectiva esta subida a tiempo, pactada con los sindicatos en noviembre, es utilizando esta figura.<\/p>\n<p>En concreto, establece que <strong>el aumento para 2025 ser\u00e1 de un 2,5%<\/strong>, con efectos retroactivos desde el 1 de enero de este a\u00f1o. La subida, en el caso del sector p\u00fablico estatal, se pagar\u00e1 este mismo mes en una sola paga. <strong>El resto de administraciones, auton\u00f3micas y locales, podr\u00e1n decidir, en negociaci\u00f3n con los sindicatos, c\u00f3mo aplicarla, con el tope de ese 2,5%; y cu\u00e1ndo pagarla<\/strong>. El margen es amplio: pueden hacerlo este mismo mes, como en el caso estatal, o pagarla en los pr\u00f3ximos tres a\u00f1os.<\/p>\n<p>Algo similar ocurre con <strong>la subida de 2026, de un 1,5%<\/strong>. Adem\u00e1s, si la inflaci\u00f3n del a\u00f1o 2026 supera el 1,5%, se sumar\u00e1 un <strong>0,5% extra<\/strong>, que tendr\u00e1 efectos retroactivos a 1 de enero de 2026 pero se abonar\u00e1 en una paga durante el primer trimestre de 2027. El Gobierno da orden en el propio decreto ley de incluir ese incremento en las n\u00f3minas del pr\u00f3ximo mes de enero a todo el sector p\u00fablico estatal, seg\u00fan explic\u00f3 tambi\u00e9n ayer el ministro \u00d3scar L\u00f3pez en rueda de prensa. El resto de administraciones podr\u00e1n aplicar este aumento m\u00e1s tarde, pero con efectos retroactivos a 1 de enero de 2026.<\/p>\n<p>Esta subida <strong>afecta a todo el personal del sector p\u00fablico, incluyendo personal laboral, funcionarios, altos cargos, judicatura, fuerzas y cuerpos de seguridad del estado, alcaldes\u2026<\/strong>, y de todos los niveles territoriales.<\/p>\n<p>Adem\u00e1s, el decreto ley establece <strong>el mismo incremento para los m\u00f3dulos que se pagan a los centros de educaci\u00f3n concertados<\/strong>.<\/p>\n<p>La norma parte del acuerdo con UGT y CSIF del pasado 27 de noviembre, en el que se pact\u00f3 un incremento total del 11% entre 2025 y 2028. El decreto ley de hoy incluye las partes de 2025 y 2026. <strong>El resto del compromiso, ese 4,5% para 2027 y 2% para 2028, ser\u00e1n efectivos cuando y si se aprueban llegado el momento<\/strong>.<\/p>\n<p>Buenos d\u00edas.<\/p>\n<p>    D\u00e9janos decirte algo\u2026<\/p>\n<p>\n    En esta informaci\u00f3n, y en todo lo que puedes leer en Civio.es, ponemos todo el conocimiento acumulado de a\u00f1os investigando lo p\u00fablico, lo que nos afecta a todos y todas. Desde la sociedad civil, <strong>100% independientes y sin \u00e1nimo de lucro<\/strong>. Sin escatimar en tiempo ni esfuerzo. Solo porque alguien tiene que hacerlo.\n  <\/p>\n<p>\n    Si podemos informar as\u00ed, y que cualquiera pueda acceder <strong>sin coste, sin barreras<\/strong> y <strong>sin anunciantes<\/strong> es porque detr\u00e1s de Civio hay  personas comprometidas con el <strong>periodismo \u00fatil, vigilante y al servicio de la sociedad<\/strong> en que creemos, y que nos gustar\u00eda seguir haciendo. Pero, para eso, necesitamos m\u00e1s personas comprometidas que nos lean. <strong>Necesitamos socios y socias.<\/strong> \u00danete hoy a un proyecto del que <strong>sentir orgullo<\/strong>.\n  <\/p>\n<p>\n    Podr\u00e1s <strong><a href=\"http:\/\/civio.es\/socios\/?utm_medium=web&amp;utm_source=conversion-module#incentivos-fiscales\" rel=\"nofollow noopener\" target=\"_blank\">deducirte hasta un 80% de tu aportaci\u00f3n<\/a><\/strong> y cancelar cuando quieras.\n  <\/p>\n<p>\n    \u00bfA\u00fan no es el momento? <a href=\"https:\/\/civio.es\/suscribete-a-nuestro-boletin\/\" rel=\"nofollow noopener\" target=\"_blank\"><br \/>\n    Ap\u00fantate a nuestro bolet\u00edn gratuito.<\/a>\n  <\/p>\n","protected":false},"excerpt":{"rendered":"El BOE de hoy recoge un decreto ley para subir los salarios del personal p\u00fablico. Sin presupuestos, la&hellip;\n","protected":false},"author":2,"featured_media":270133,"comment_status":"","ping_status":"","sticky":false,"template":"","format":"standard","meta":{"footnotes":""},"categories":[8],"tags":[17,18,25,24,13,14,11,19,20,9,10,15,16,23,12,21,22],"class_list":{"0":"post-270132","1":"post","2":"type-post","3":"status-publish","4":"format-standard","5":"has-post-thumbnail","7":"category-espana","8":"tag-breaking-news","9":"tag-breakingnews","10":"tag-es","11":"tag-espana","12":"tag-featured-news","13":"tag-featurednews","14":"tag-headlines","15":"tag-latest-news","16":"tag-latestnews","17":"tag-news","18":"tag-noticias","19":"tag-noticias-destacadas","20":"tag-noticiasdestacadas","21":"tag-spain","22":"tag-titulares","23":"tag-ultimas-noticias","24":"tag-ultimasnoticias"},"share_on_mastodon":{"url":"https:\/\/pubeurope.com\/@es\/115659406323467289","error":""},"_links":{"self":[{"href":"https:\/\/www.europesays.com\/es\/wp-json\/wp\/v2\/posts\/270132","targetHints":{"allow":["GET"]}}],"collection":[{"href":"https:\/\/www.europesays.com\/es\/wp-json\/wp\/v2\/posts"}],"about":[{"href":"https:\/\/www.europesays.com\/es\/wp-json\/wp\/v2\/types\/post"}],"author":[{"embeddable":true,"href":"https:\/\/www.europesays.com\/es\/wp-json\/wp\/v2\/users\/2"}],"replies":[{"embeddable":true,"href":"https:\/\/www.europesays.com\/es\/wp-json\/wp\/v2\/comments?post=270132"}],"version-history":[{"count":0,"href":"https:\/\/www.europesays.com\/es\/wp-json\/wp\/v2\/posts\/270132\/revisions"}],"wp:featuredmedia":[{"embeddable":true,"href":"https:\/\/www.europesays.com\/es\/wp-json\/wp\/v2\/media\/270133"}],"wp:attachment":[{"href":"https:\/\/www.europesays.com\/es\/wp-json\/wp\/v2\/media?parent=270132"}],"wp:term":[{"taxonomy":"category","embeddable":true,"href":"https:\/\/www.europesays.com\/es\/wp-json\/wp\/v2\/categories?post=270132"},{"taxonomy":"post_tag","embeddable":true,"href":"https:\/\/www.europesays.com\/es\/wp-json\/wp\/v2\/tags?post=270132"}],"curies":[{"name":"wp","href":"https:\/\/api.w.org\/{rel}","templated":true}]}}