{"id":270142,"date":"2025-12-04T04:41:15","date_gmt":"2025-12-04T04:41:15","guid":{"rendered":"https:\/\/www.europesays.com\/es\/270142\/"},"modified":"2025-12-04T04:41:15","modified_gmt":"2025-12-04T04:41:15","slug":"un-soltero-de-first-dates-paraliza-la-velada-para-hacer-una-llamada-y-su-cita-no-da-credito-que-verguenza","status":"publish","type":"post","link":"https:\/\/www.europesays.com\/es\/270142\/","title":{"rendered":"Un soltero de &#8216;First Dates&#8217; paraliza la velada para hacer una llamada y su cita no da cr\u00e9dito: \u00bbQu\u00e9 verg\u00fcenza\u00bb"},"content":{"rendered":"<p data-gtm-element-container=\"modulo-texto-link\" class=\"paragraph\">Los espectadores de <a href=\"https:\/\/www.lavanguardia.com\/television\/20251203\/11330017\/momento-maxima-tension-dos-solteros-first-dates-esperais-cortar-acabaremos-bofetada-limpia-mmn.html\" target=\"_blank\" rel=\"nofollow noopener\">First Dates<\/a> est\u00e1n m\u00e1s que acostumbrados a ver todo tipo de citas en el programa de <a href=\"https:\/\/www.lavanguardia.com\/television\/programacion-tv\/cuatro\" target=\"_blank\" rel=\"noopener noreferrer nofollow\">Cuatro<\/a>. Unos encuentros a ciegas que dejan multitud de momentos para el recuerdo y que generan muchos comentarios en las redes sociales. Este fue el caso de la cita protagonizada por Benji (53) y Encarni (51).<\/p>\n<p data-gtm-element-container=\"modulo-texto-link\" class=\"paragraph\">El artista natural de San Fernando (C\u00e1diz) lleg\u00f3 al restaurante confesando que ten\u00eda un prop\u00f3sito en la vida: hacer re\u00edr a la gente. \u00bbHe nacido con esa cualidad\u00bb, espet\u00f3. Y justamente transmitir alegr\u00eda era, seg\u00fan \u00e9l, su profesi\u00f3n. \u00bbCanto, bailo y cuento chistes\u00bb, asegur\u00f3. El amor segu\u00eda siendo su gran asignatura pendiente: \u00bbNo encuentro a mi media naranja. Me apetece amar y ser amado\u00bb.\u00a0<\/p>\n<p>                <img loading=\"lazy\" decoding=\"async\" data-full-src=\"https:\/\/www.lavanguardia.com\/uploads\/2025\/12\/03\/69309ed95d226.png\" alt=\"Encarni y Benji en 'First Dates'\" width=\"449\" height=\"247\" src=\"https:\/\/www.europesays.com\/es\/wp-content\/uploads\/2025\/12\/69309ed95d226.png\" class=\"lazy\"\/><\/p>\n<p class=\"caption-title \">Encarni y Benji en &#8216;First Dates&#8217;<\/p>\n<p>                    Mediaset<\/p>\n<p data-gtm-element-container=\"modulo-texto-link\" class=\"paragraph\">La elegida para cenar con \u00e9l fue Encarni, una ama de casa y tiktoker de Granada que se defini\u00f3 como una persona simp\u00e1tica, sincera y con buen coraz\u00f3n. A su llegada, la andaluza se qued\u00f3 sin palabras al ver el recibimiento de Benji. \u00bbPensaba que era El Pr\u00edncipe de Bel-air\u00bb, coment\u00f3 la soltera al ver bailar al soltero en mitad del restaurante. \u00bbQue se haya animado a bailar conmigo me parece estupendo. Me ha transmitido alegr\u00eda y buen roll\u00f3\u00bb, coment\u00f3 el soltero.\u00a0<\/p>\n<p>        Lee tambi\u00e9n<\/p>\n<p>    Nerea Parraga Frutos<\/p>\n<p>             <img loading=\"lazy\" decoding=\"async\" data-full-src=\"https:\/\/www.lavanguardia.com\/uploads\/2025\/12\/02\/692f4af9195ab.png\" alt=\"Carlos en 'First Dates'\" width=\"104\" height=\"108\" src=\"https:\/\/www.europesays.com\/es\/wp-content\/uploads\/2025\/12\/1764823274_315_692f4af9195ab.png\" class=\"lazy\"\/><\/p>\n<p data-gtm-element-container=\"modulo-texto-link\" class=\"paragraph\">La velada comenz\u00f3 con buen pie, ya que ambos reconocieron ser personas alegres y con buena energ\u00eda, lo que facilit\u00f3 la conversaci\u00f3n. Lo \u00fanico que les falt\u00f3 fue atracci\u00f3n f\u00edsica. \u00bbNo es feo, pero lo he visto muy dejado de aspecto\u00bb, sentenci\u00f3 ella. \u00bbNo es mi estilo de mujer, no es lo que buscaba. Me gustan m\u00e1s delgaditas, m\u00e1s altas y con mejor f\u00edsico\u00bb, asever\u00f3 \u00e9l.\u00a0\u00a0<\/p>\n<p>                <img loading=\"lazy\" decoding=\"async\" data-full-src=\"https:\/\/www.lavanguardia.com\/uploads\/2025\/12\/03\/69309ea53b756.png\" alt=\"Encarni en 'First Dates'\" width=\"449\" height=\"249\" src=\"https:\/\/www.europesays.com\/es\/wp-content\/uploads\/2025\/12\/69309ea53b756.png\" class=\"lazy\"\/><\/p>\n<p class=\"caption-title \">Encarni en &#8216;First Dates&#8217;<\/p>\n<p>                    Mediaset<\/p>\n<p data-gtm-element-container=\"modulo-texto-link\" class=\"paragraph\">Sin embargo, todo se torci\u00f3 cuando el soltero sac\u00f3 el m\u00f3vil del bolsillo para hablar por tel\u00e9fono. \u00bbVoy a llamar a mi prima que me llevo muy bien con ella\u00bb, anunci\u00f3 en mitad de la velada. Sin ning\u00fan tipo de reparo, el soltero comenz\u00f3 una videollamada y no dud\u00f3 en presentar a Encarni a su prima.<\/p>\n<p data-gtm-element-container=\"modulo-texto-link\" class=\"paragraph\">Pero lo que empez\u00f3 siendo una simple llamada\u00a0termin\u00f3 convirti\u00e9ndose en un aut\u00e9ntico desfile de familiares que fueron apareciendo uno tras otro en la pantalla. \u00bbLo nuestro ha sido una cita a cuatro, a cinco, a seis&#8230;\u00a1Qu\u00e9 verg\u00fcenza!\u00bb, sentenci\u00f3 Encarni ante el equipo. La sorpresa fue may\u00fascula cuando la andaluza decidi\u00f3 tambi\u00e9n sacar su m\u00f3vil para hablar con un amigo. \u00bbNo hay nada que hacer. Una amistad puede haber pero no s\u00e9 yo\u00bb, asegur\u00f3.\u00a0<\/p>\n<p>                <img loading=\"lazy\" decoding=\"async\" data-full-src=\"https:\/\/www.lavanguardia.com\/uploads\/2025\/12\/03\/69309c8696f62.png\" alt=\"Encarni y Benji en 'First Dates'\" width=\"449\" height=\"243\" src=\"https:\/\/www.europesays.com\/es\/wp-content\/uploads\/2025\/12\/69309c8696f62.png\" class=\"lazy\"\/><\/p>\n<p class=\"caption-title \">Encarni y Benji en &#8216;First Dates&#8217;<\/p>\n<p>                    Mediaset<\/p>\n<p data-gtm-element-container=\"modulo-texto-link\" class=\"paragraph\">En la recta final, los solteros decidieron hablar de sus primeras impresiones. El problema: ninguno de los dos fue del todo sincero. \u00bbSi tuviera que ir con \u00e9l por la calle, la gente se\u00a0 quedar\u00eda mirando pensando que es un payaso de la tele\u00bb, afirm\u00f3 la soltera ante el equipo. Tras pagar a medias la cuenta, los solteros se volvieron a ver las caras en la decisi\u00f3n final. All\u00ed, fueron claros por primera vez. \u00bbNo quiero una segunda cita porque no es el prototipo de persona que esperaba encontrar\u00bb, declar\u00f3 ella. \u00bbYo tampoco porque no es mi tipo\u00bb, dej\u00f3 claro \u00e9l.\u00a0<\/p>\n","protected":false},"excerpt":{"rendered":"Los espectadores de First Dates est\u00e1n m\u00e1s que acostumbrados a ver todo tipo de citas en el programa&hellip;\n","protected":false},"author":2,"featured_media":270143,"comment_status":"","ping_status":"","sticky":false,"template":"","format":"standard","meta":{"footnotes":""},"categories":[171],"tags":[146,147,25,24,23,214],"class_list":{"0":"post-270142","1":"post","2":"type-post","3":"status-publish","4":"format-standard","5":"has-post-thumbnail","7":"category-tv","8":"tag-entertainment","9":"tag-entretenimiento","10":"tag-es","11":"tag-espana","12":"tag-spain","13":"tag-tv"},"share_on_mastodon":{"url":"https:\/\/pubeurope.com\/@es\/115659465864564301","error":""},"_links":{"self":[{"href":"https:\/\/www.europesays.com\/es\/wp-json\/wp\/v2\/posts\/270142","targetHints":{"allow":["GET"]}}],"collection":[{"href":"https:\/\/www.europesays.com\/es\/wp-json\/wp\/v2\/posts"}],"about":[{"href":"https:\/\/www.europesays.com\/es\/wp-json\/wp\/v2\/types\/post"}],"author":[{"embeddable":true,"href":"https:\/\/www.europesays.com\/es\/wp-json\/wp\/v2\/users\/2"}],"replies":[{"embeddable":true,"href":"https:\/\/www.europesays.com\/es\/wp-json\/wp\/v2\/comments?post=270142"}],"version-history":[{"count":0,"href":"https:\/\/www.europesays.com\/es\/wp-json\/wp\/v2\/posts\/270142\/revisions"}],"wp:featuredmedia":[{"embeddable":true,"href":"https:\/\/www.europesays.com\/es\/wp-json\/wp\/v2\/media\/270143"}],"wp:attachment":[{"href":"https:\/\/www.europesays.com\/es\/wp-json\/wp\/v2\/media?parent=270142"}],"wp:term":[{"taxonomy":"category","embeddable":true,"href":"https:\/\/www.europesays.com\/es\/wp-json\/wp\/v2\/categories?post=270142"},{"taxonomy":"post_tag","embeddable":true,"href":"https:\/\/www.europesays.com\/es\/wp-json\/wp\/v2\/tags?post=270142"}],"curies":[{"name":"wp","href":"https:\/\/api.w.org\/{rel}","templated":true}]}}