{"id":270149,"date":"2025-12-04T04:46:26","date_gmt":"2025-12-04T04:46:26","guid":{"rendered":"https:\/\/www.europesays.com\/es\/270149\/"},"modified":"2025-12-04T04:46:26","modified_gmt":"2025-12-04T04:46:26","slug":"la-solucion-ante-el-tropiezo-en-audiencia","status":"publish","type":"post","link":"https:\/\/www.europesays.com\/es\/270149\/","title":{"rendered":"la soluci\u00f3n ante el tropiezo en audiencia"},"content":{"rendered":"<p class=\"paragraph\" id=\"paragraph_1\"><strong><a href=\"https:\/\/www.elespanol.com\/bluper\/20251107\/feria-culebron-familiar-expulsion-fake-estreno-gran-hermano-telecinco\/1003744003474_0.html?utm_cmp_rs=linksinline\" rel=\"nofollow noopener\" target=\"_blank\">Parece que Gran Hermano tiene los d\u00edas contados y que no se alargar\u00e1 m\u00e1s all\u00e1 de la Navidad.<\/a> <\/strong>Todo apunta a que Telecinco finiquitar\u00e1 <strong>antes de lo previsto la vig\u00e9sima edici\u00f3n de an\u00f3nimos<\/strong> tras no conseguir los datos de audiencia que se esperaban de este formato, una de las joyas de la corona de Mediaset.<\/p>\n<p class=\"paragraph\" id=\"paragraph_2\">De consumarse esta decisi\u00f3n har\u00eda que <strong>esta edici\u00f3n se convierta en la m\u00e1s corta de la historia<\/strong>, pues tendr\u00eda entre <strong>40-45 d\u00edas de convivencia<\/strong>, muy lejos de los 144 d\u00edas que estuvo Laura Campos, la ganadora de GH 12, la m\u00e1s larga del formato producido por Zeppelin TV.<\/p>\n<p class=\"paragraph\" id=\"paragraph_3\"><a href=\"https:\/\/www.elespanol.com\/bluper\/20251128\/gh-confirma-batacazo-reality-firma-nuevo-minimo-telecinco-iker-jimenez-lidera-record\/1003744033458_0.html?utm_cmp_rs=linksinline\" rel=\"nofollow noopener\" target=\"_blank\">Adem\u00e1s de acelerar su desenlace por la delicada situaci\u00f3n por la que atraviesa el reality<\/a>, los planes de Telecinco tambi\u00e9n podr\u00edan pasar por reutilizar la casa levantada de Tres Cantos y rentabilizar la gran inversi\u00f3n que hizo la productora con estas instalaciones.<\/p>\n<p><img loading=\"lazy\" decoding=\"async\" alt=\"Xuso Jones y Sandra Barneda, en la estaci\u00f3n de esqu\u00ed de Formigal-Panticosa, en Huesca.\" height=\"180\" src=\"https:\/\/www.europesays.com\/es\/wp-content\/uploads\/2025\/12\/1003744039373_260273311_320x180.jpg\" width=\"320\" data-lazy-status=\"processed\" data-lazy-info=\"remove loading item 1\"\/><\/p>\n<p class=\"paragraph\" id=\"paragraph_4\">Las puertas volver\u00edan a abrirse tras las Fiestas, pero con <strong>concursantes famosos<\/strong> como nuevos inquilinos, seg\u00fan ha avanzado Poco Pasa TV. <\/p>\n<p class=\"paragraph\" id=\"paragraph_5\">Lo har\u00eda con una edici\u00f3n VIP, que servir\u00eda de &#8216;puente&#8217; hasta la llegada de Supervivientes en primavera. Lo podr\u00eda hacer con la marca <strong>El reencuentro<\/strong>, pues Zeppelin TV la registr\u00f3 a finales de noviembre, tal y como ha verificado <a href=\"https:\/\/www.elespanol.com\/bluper\/?utm_cmp_rs=linksinline\" target=\"_blank\" rel=\"nofollow noopener\">BLUPER.<\/a><\/p>\n<p class=\"paragraph\" id=\"paragraph_6\">Hay que recalcar que <strong>Telecinco no ha comunicado oficialmente<\/strong> cu\u00e1l ser\u00e1 la estrategia que seguir\u00e1 con GH. <\/p>\n<p class=\"paragraph\" id=\"paragraph_7\">Este jueves, Jorge Javier V\u00e1zquez conducir\u00e1 una nueva gala del concurso, en la que desde este martes, 2 de diciembre, perdi\u00f3 a un concursante por <a href=\"https:\/\/www.elespanol.com\/bluper\/20251202\/comunicado-urgente-gh-reality-anuncia-baja-definitiva-concursante-asuntos-personales\/1003744039683_0.html?utm_cmp_rs=linksinline\" rel=\"nofollow noopener\" target=\"_blank\">la baja de \u00cd\u00f1igo por \u00abmotivos personales\u00bb.<\/a><\/p>\n<p>Los motivos del tropiezo<\/p>\n<p class=\"paragraph\" id=\"paragraph_8\">Que Mediaset tire la toalla con GH 20 tras las malas audiencias -el formato no ha conseguido frenar la sangr\u00eda- es una noticia sorprendente, pero al mismo tiempo esperada.<\/p>\n<p class=\"paragraph\" id=\"paragraph_9\">El pasado jueves, la gala firm\u00f3 un <strong>nuevo m\u00ednimo en audiencia<\/strong> al marcar un 11% de share. <a href=\"https:\/\/www.elespanol.com\/bluper\/20251127\/buenafuente-bajas-medicas-sustituido-broncano-berto-romero-propia-silvia-abril\/1003744031124_0.html?utm_cmp_rs=linksinline\" rel=\"nofollow noopener\" target=\"_blank\">GH no aprovech\u00f3 la ausencia de Buenafuente en La 1<\/a>, y era superado por Iker Jim\u00e9nez y Horizonte.<\/p>\n<p class=\"paragraph\" id=\"paragraph_10\">Hay que recordar que el programa<strong> se estren\u00f3 con un 15,8%<\/strong> y la tendencia ha sido negativa. No obstante, <strong>los datos de audiencia de las galas han estado siempre por encima de la media de la cadena<\/strong>, que en noviembre ha sido de un 9%.<\/p>\n<p class=\"paragraph\" id=\"paragraph_11\">M\u00e1s all\u00e1 de que muchos seguidores del reality critiquen que GH ha perdido la esencia, <strong>la realidad es que no lo ha tenido f\u00e1cil.<\/strong> Partiendo de que <strong>el programa lleg\u00f3 en una fecha inusual<\/strong>, a principios de noviembre, en plena temporada.<\/p>\n<p><img decoding=\"async\" alt=\"Los concursantes de 'GH 20' en la gala del pasado jueves, 27 de noviembre.\" data-imgm=\"true\" height=\"180\" loading=\"lazy\"  src=\"https:\/\/www.europesays.com\/es\/wp-content\/uploads\/2025\/12\/1003744041327_260299695_1024x576.jpg\"  width=\"320\"\/><\/p>\n<p>                                                            Los concursantes de &#8216;GH 20&#8217; en la gala del pasado jueves, 27 de noviembre.<\/p>\n<p class=\"paragraph\" id=\"paragraph_12\">Al hilo de esto, <strong>Gran Hermano se lanz\u00f3 cuando Operaci\u00f3n Triunfo llevaba semanas en emisi\u00f3n en Prime Video<\/strong>. O, dicho de otro modo, el talent musical de Gestmusic reina en la conversaci\u00f3n social. Y es que ambos formatos comparten el mismo p\u00fablico: el m\u00e1s joven.<\/p>\n<p class=\"paragraph\" id=\"paragraph_13\">Tampoco ha ayudado que el reality <a href=\"https:\/\/www.elespanol.com\/bluper\/20251103\/gran-hermano-isla-tentaciones-rescate-telecinco-artilleria-pesada-relanzar-datos-audiencia\/1003743997001_0.html?utm_cmp_rs=linksinline\" rel=\"nofollow noopener\" target=\"_blank\"><strong>se lanzara a la par que La isla de las tentaciones<\/strong><\/a>, otro de los buques insignias de la cadena con sede en Fuencarral. El formato de Cuarzo se ha comido literalmente a GH con las tres emisiones semanales.<\/p>\n<p><img decoding=\"async\" alt=\"Pablo Motos, Andreu Buenafuente y Jorge Javier V\u00e1zquez en un montaje de BLUPER.\" height=\"180\" loading=\"lazy\" width=\"320\" data-lazy-status=\"processed\" id=\"913a358fa8\" src=\"https:\/\/www.elespanol.com\/bluper\/20251203\/telecinco-echa-cierre-gran-hermano-previsto-vigesima-edicion-anonimos-corta-historia\/[\" https:=\"\" data-lazy-info=\"changed src\"\/><\/p>\n<p class=\"paragraph\" id=\"paragraph_14\">Y, por \u00faltimo, <strong>las estrategias de programaci\u00f3n no han contribuido a que GH remontara<\/strong>. Colocar una tira diaria que sirviera de repaso a la convivencia contra un killer format como es <strong>Pasapalabra<\/strong> era pr\u00e1cticamente un suicidio.<\/p>\n<p class=\"paragraph\" id=\"paragraph_15\">Y lo mismo ha ocurrido con los <strong>debates dominicales de Ion Aramendi<\/strong>, postergados tras los debates de La isla de las tentaciones.<\/p>\n","protected":false},"excerpt":{"rendered":"Parece que Gran Hermano tiene los d\u00edas contados y que no se alargar\u00e1 m\u00e1s all\u00e1 de la Navidad.&hellip;\n","protected":false},"author":2,"featured_media":270150,"comment_status":"","ping_status":"","sticky":false,"template":"","format":"standard","meta":{"footnotes":""},"categories":[91],"tags":[1535,146,147,25,24,3057,23,692,807],"class_list":{"0":"post-270149","1":"post","2":"type-post","3":"status-publish","4":"format-standard","5":"has-post-thumbnail","7":"category-entretenimiento","8":"tag-bluper","9":"tag-entertainment","10":"tag-entretenimiento","11":"tag-es","12":"tag-espana","13":"tag-gran-hermano","14":"tag-spain","15":"tag-telecinco","16":"tag-television"},"share_on_mastodon":{"url":"https:\/\/pubeurope.com\/@es\/115659485434298644","error":""},"_links":{"self":[{"href":"https:\/\/www.europesays.com\/es\/wp-json\/wp\/v2\/posts\/270149","targetHints":{"allow":["GET"]}}],"collection":[{"href":"https:\/\/www.europesays.com\/es\/wp-json\/wp\/v2\/posts"}],"about":[{"href":"https:\/\/www.europesays.com\/es\/wp-json\/wp\/v2\/types\/post"}],"author":[{"embeddable":true,"href":"https:\/\/www.europesays.com\/es\/wp-json\/wp\/v2\/users\/2"}],"replies":[{"embeddable":true,"href":"https:\/\/www.europesays.com\/es\/wp-json\/wp\/v2\/comments?post=270149"}],"version-history":[{"count":0,"href":"https:\/\/www.europesays.com\/es\/wp-json\/wp\/v2\/posts\/270149\/revisions"}],"wp:featuredmedia":[{"embeddable":true,"href":"https:\/\/www.europesays.com\/es\/wp-json\/wp\/v2\/media\/270150"}],"wp:attachment":[{"href":"https:\/\/www.europesays.com\/es\/wp-json\/wp\/v2\/media?parent=270149"}],"wp:term":[{"taxonomy":"category","embeddable":true,"href":"https:\/\/www.europesays.com\/es\/wp-json\/wp\/v2\/categories?post=270149"},{"taxonomy":"post_tag","embeddable":true,"href":"https:\/\/www.europesays.com\/es\/wp-json\/wp\/v2\/tags?post=270149"}],"curies":[{"name":"wp","href":"https:\/\/api.w.org\/{rel}","templated":true}]}}