{"id":270153,"date":"2025-12-04T04:49:15","date_gmt":"2025-12-04T04:49:15","guid":{"rendered":"https:\/\/www.europesays.com\/es\/270153\/"},"modified":"2025-12-04T04:49:15","modified_gmt":"2025-12-04T04:49:15","slug":"deje-de-hacerle-perder-el-tiempo-al-mundo-la-acusacion-de-ucrania-a-putin-tras-las-conversaciones-con-ee-uu-en-moscu","status":"publish","type":"post","link":"https:\/\/www.europesays.com\/es\/270153\/","title":{"rendered":"\u00abDeje de hacerle perder el tiempo al mundo\u00bb: la acusaci\u00f3n de Ucrania a Putin tras las conversaciones con EE.UU. en Mosc\u00fa"},"content":{"rendered":"<p><img fetchpriority=\"high\" decoding=\"async\" src=\"https:\/\/www.europesays.com\/es\/wp-content\/uploads\/2025\/12\/19e94610-d098-11f0-af9b-9b8e7a88ec8c.jpg.webp.webp\"   alt=\"Vladimir Putin.\" loading=\"eager\" width=\"1534\" height=\"863\" style=\"aspect-ratio:1534 \/ 863\" class=\"css-1seqhu9\"\/><\/p>\n<p class=\"css-by8ykd\" role=\"text\">Fuente de la imagen, Reuters<\/p>\n<p>Pie de foto, Enviados especiales del presidente Donald Trump a Mosc\u00fa estuvieron este martes reunidos con el presidente Vladimir Putin.<strong id=\"article-byline\" aria-hidden=\"true\" class=\"css-2ozlq5\">Informaci\u00f3n del art\u00edculo<\/strong><\/p>\n<ul class=\"css-1dlgp3z\">\n<li class=\"css-1s1df59\">\n<ul role=\"list\" class=\"css-z50d25\">\n<li class=\"css-0\">Autor, Laura Gozzi<\/li>\n<li class=\"css-k1irjw\">T\u00edtulo del autor,  BBC News <\/li>\n<\/ul>\n<\/li>\n<li>\n<p>3 horas<\/p>\n<\/li>\n<li\/><\/ul>\n<p dir=\"ltr\" class=\"css-s4cjt0 e1yuyadm0\"><b>El ministro de Asuntos Exteriores de Ucrania, Andrii Sybiha, acus\u00f3 a Vladimir Putin de \u00abhacerle perder el tiempo al mundo\u00bb, un d\u00eda despu\u00e9s de que las negociaciones de alto nivel entre Estados Unidos y Rusia para poner fin a la guerra en Ucrania no alcanzaran resultados concretos.<\/b><\/p>\n<p dir=\"ltr\" class=\"css-s4cjt0 e1yuyadm0\">\u00abRusia debe poner fin al derramamiento de sangre que ha iniciado. Si esto no sucede y Putin vuelve a escupirle al mundo en la cara, habr\u00e1 consecuencias\u00bb, sostuvo Sybiha.<\/p>\n<p dir=\"ltr\" class=\"css-s4cjt0 e1yuyadm0\">El ministro agreg\u00f3 que la delegaci\u00f3n estadounidense le hab\u00eda dicho a sus colegas que las conversaciones han tenido \u00abuna significaci\u00f3n positiva para el proceso de paz\u201d y que hab\u00edan invitado a funcionarios ucranianos a continuar las conversaciones en Estados Unidos en un futuro pr\u00f3ximo.<\/p>\n<p dir=\"ltr\" class=\"css-s4cjt0 e1yuyadm0\">El enviado especial del presidente Donald Trump, Steve Witkoff, el yerno del mandatario, Jared Kushner, estuvieron casi cinco horas reunidos con Putin en el Kremlin este martes. <\/p>\n<p dir=\"ltr\" class=\"css-s4cjt0 e1yuyadm0\">Al d\u00eda siguiente, la Casa Blanca inform\u00f3 que despu\u00e9s del encuentro ambos le hab\u00edan dado a Trump un informe detallado y que la reuni\u00f3n hab\u00eda sido \u00abexhaustiva y productiva\u00bb.<\/p>\n<p dir=\"ltr\" class=\"css-s4cjt0 e1yuyadm0\">Las conversaciones en Mosc\u00fa se produjeron tras varios d\u00edas de reuniones de Estados Unidos con l\u00edderes ucranianos y europeos. Esto ocurri\u00f3 despu\u00e9s de que estos expresaran preocupaciones de que se estaba gestando un acuerdo demasiado favorable a las demandas de Rusia.<\/p>\n<p dir=\"ltr\" class=\"css-s4cjt0 e1yuyadm0\">Sin embargo, las conversaciones en el Kremlin parecen haber logrado pocos avances concretos para reconciliar las posiciones de Mosc\u00fa y Kyiv.<\/p>\n<p>Falta de acuerdo<\/p>\n<p dir=\"ltr\" class=\"css-s4cjt0 e1yuyadm0\">El asesor principal de pol\u00edtica exterior de Putin, Yuri Ushakov, afirm\u00f3 que no se lleg\u00f3 a ning\u00fan acuerdo para poner fin a la guerra.<\/p>\n<p dir=\"ltr\" class=\"css-s4cjt0 e1yuyadm0\">\u00abAlgunas propuestas estadounidenses parecen m\u00e1s o menos aceptables, aunque requieren mayor debate\u00bb, declar\u00f3 y agreg\u00f3 que otras iniciativas hab\u00edan sido criticadas abiertamente por el l\u00edder ruso.<\/p>\n<p dir=\"ltr\" class=\"css-s4cjt0 e1yuyadm0\">Aunque Ushakov no dio m\u00e1s detalles, al menos dos puntos importantes de discordia persisten entre Mosc\u00fa y Kyiv: el destino del territorio ucraniano ocupado por las fuerzas rusas y las garant\u00edas de seguridad para Ucrania.<\/p>\n<p dir=\"ltr\" class=\"css-s4cjt0 e1yuyadm0\">Kyiv y sus socios europeos creen que, incluso en caso de un acuerdo de paz, la forma m\u00e1s eficaz de disuadir a Rusia de volver a atacar en el futuro ser\u00eda conceder a Ucrania la membres\u00eda en la OTAN.<\/p>\n<p dir=\"ltr\" class=\"css-s4cjt0 e1yuyadm0\">Rusia se opone con fuerza a esa propuesta. Trump ha se\u00f1alado en numerosas ocasiones que no tiene intenci\u00f3n de permitir que Kyiv se una a la alianza militar.<\/p>\n<p dir=\"ltr\" class=\"css-s4cjt0 e1yuyadm0\">La posibilidad de que Ucrania se una a la OTAN fue una \u00abcuesti\u00f3n clave\u00bb que se abord\u00f3 en Mosc\u00fa, seg\u00fan informaron desde el Kremlin este mi\u00e9rcoles.<\/p>\n<p><img decoding=\"async\" src=\"https:\/\/www.europesays.com\/es\/wp-content\/uploads\/2025\/12\/761b0da0-d09e-11f0-b996-5f06d146658f.jpg.webp.webp\"   alt=\"El enviado especial estadounidense Steve Witkoff y el yerno del presidente Donald Trump, Jared Kushner, acompa\u00f1ados por asesores del Kremlin, antes de una reuni\u00f3n con el presidente ruso, Mosc\u00fa, el 2 de diciembre de 2025.\" loading=\"lazy\" width=\"1024\" height=\"576\" style=\"aspect-ratio:1024 \/ 576\" class=\"css-1seqhu9\"\/><\/p>\n<p class=\"css-by8ykd\" role=\"text\">Fuente de la imagen, Getty Images<\/p>\n<p>Pie de foto, El enviado especial de EE.UU. Steve Witkoff y el yerno de Donald Trump, Jared Kushner, mantuvieron negociaciones con Rusia en Mosc\u00fa. <\/p>\n<p dir=\"ltr\" class=\"css-s4cjt0 e1yuyadm0\">Ushakov dio a entender que la posici\u00f3n negociadora rusa se hab\u00eda fortalecido gracias a los recientes \u00e9xitos en el campo de batalla.<\/p>\n<p dir=\"ltr\" class=\"css-s4cjt0 e1yuyadm0\">Los soldados rusos \u00abhan contribuido a que las evaluaciones de nuestros socios extranjeros sobre el camino hacia un acuerdo de paz sean acertadas\u00bb, afirm\u00f3.<\/p>\n<p dir=\"ltr\" class=\"css-s4cjt0 e1yuyadm0\">Antes de la visita de la delegaci\u00f3n estadounidense al Kremlin, Putin fue filmado con uniforme militar en un puesto de mando ruso, donde recib\u00eda informes de comandantes que afirmaban la conquista de la ciudad estrat\u00e9gica clave de Pokrovsk, en el este de Ucrania, as\u00ed como de otras localidades cercanas.<\/p>\n<p dir=\"ltr\" class=\"css-s4cjt0 e1yuyadm0\">Los combates en Pokrovsk contin\u00faan y las fuerzas rusas no controlan toda la ciudad, pero los funcionarios rusos creen claramente que Estados Unidos ha escuchado el mensaje de las victorias militares.<\/p>\n<p dir=\"ltr\" class=\"css-s4cjt0 e1yuyadm0\">Las fuerzas rusas han logrado avances graduales en el este y parecen haber intensificado su campa\u00f1a en las \u00faltimas semanas. <\/p>\n<p dir=\"ltr\" class=\"css-s4cjt0 e1yuyadm0\">Rusia tom\u00f3 el control de unos 701km\u00b2 de territorio ucraniano en noviembre, seg\u00fan un an\u00e1lisis de AFP de datos del Instituto para el Estudio de la Guerra (ISW), con sede en Estados Unidos. <\/p>\n<p dir=\"ltr\" class=\"css-s4cjt0 e1yuyadm0\">Hasta el momento, controlan el 19,3% del territorio ucraniano. El Kremlin declar\u00f3 el mi\u00e9rcoles que Putin estaba dispuesto a reunirse con los estadounidenses \u00abtantas veces como sea necesario\u00bb.<\/p>\n<p>Distancia de Europa<\/p>\n<p><img decoding=\"async\" src=\"https:\/\/www.europesays.com\/es\/wp-content\/uploads\/2025\/12\/33329370-d0a1-11f0-94ff-9b8ff3817bf8.jpg.webp.webp\"   alt=\"La jefa de la Comisi\u00f3n Europea, Ursula von der Leyen, con el presidente de Ucrania, Volodymyr Zelensky.\" loading=\"lazy\" width=\"921\" height=\"519\" style=\"aspect-ratio:921 \/ 519\" class=\"css-1seqhu9\"\/><\/p>\n<p class=\"css-by8ykd\" role=\"text\">Fuente de la imagen, Getty Images<\/p>\n<p>Pie de foto, Ursula von der Leyen celebr\u00f3 \u00abel comienzo de una nueva era\u00bb vinculado a las relaciones de Europa con el gas ruso.<\/p>\n<p dir=\"ltr\" class=\"css-s4cjt0 e1yuyadm0\">Pero, a medida que las relaciones ruso-estadounidenses parecen volverse m\u00e1s cordiales, la brecha entre Mosc\u00fa y Europa se ampl\u00eda.<\/p>\n<p dir=\"ltr\" class=\"css-s4cjt0 e1yuyadm0\">Putin ha acusado a Europa de sabotear las relaciones de Rusia con Estados Unidos, de plantear exigencias que Mosc\u00fa no pod\u00eda aceptar y de bloquear el proceso de paz. <\/p>\n<p dir=\"ltr\" class=\"css-s4cjt0 e1yuyadm0\">Putin dijo en un foro en Mosc\u00fa, poco antes de reunirse con Witkoff y Kushner, que si bien no quer\u00eda un conflicto con Europa, estaba \u00ablisto para la guerra\u00bb.<\/p>\n<p dir=\"ltr\" class=\"css-s4cjt0 e1yuyadm0\">Funcionarios del gobierno brit\u00e1nico rechazaron el mensaje de Putin, calific\u00e1ndolo de \u00abm\u00e1s disparates del Kremlin de un presidente que no se toma en serio la paz\u00bb.<\/p>\n<p dir=\"ltr\" class=\"css-s4cjt0 e1yuyadm0\">Los ministros de Asuntos Exteriores de la OTAN se reunieron este mi\u00e9rcoles en Bruselas.<\/p>\n<p dir=\"ltr\" class=\"css-s4cjt0 e1yuyadm0\">En ese contexto, su secretario general, Mark Rutte, asegur\u00f3 que era bueno que se estuvieran llevando a cabo las conversaciones de paz, pero que era necesario colocar a Ucrania en la \u00abposici\u00f3n m\u00e1s fuerte para continuar la lucha\u00bb.<\/p>\n<p dir=\"ltr\" class=\"css-s4cjt0 e1yuyadm0\">Mientras tanto, los Estados miembro de la Uni\u00f3n Europea han llegado a un acuerdo con miembros del Parlamento Europeo para que Europa sea totalmente independiente del gas ruso antes de finales de 2027.<\/p>\n<p dir=\"ltr\" class=\"css-s4cjt0 e1yuyadm0\">La jefa de la Comisi\u00f3n Europea, Ursula von der Leyen, celebr\u00f3 \u00abel comienzo de una nueva era\u00bb, en virtud de un acuerdo que implica la prohibici\u00f3n de los contratos a largo plazo de gasoductos con Rusia a partir de septiembre de 2027 y la prohibici\u00f3n de los contratos a largo plazo de gas natural licuado a partir de enero de 2027.<\/p>\n<p dir=\"ltr\" class=\"css-s4cjt0 e1yuyadm0\">\u00abHemos elegido la seguridad energ\u00e9tica y la independencia para Europa. Se acab\u00f3 el chantaje. Se acab\u00f3 la manipulaci\u00f3n del mercado por parte de Putin. Nos mantenemos firmes junto a Ucrania\u00bb, declar\u00f3 el mi\u00e9rcoles el comisario de Energ\u00eda de la UE, Dan Jorgensen. <\/p>\n<p dir=\"ltr\" class=\"css-s4cjt0 e1yuyadm0\">La Comisi\u00f3n tambi\u00e9n propone recaudar 90.000 millones de euros (unos US$105.000 millones) para que Ucrania financie sus servicios militares y b\u00e1sicos mientras contin\u00faa la guerra con Rusia.<\/p>\n<p><img decoding=\"async\" src=\"https:\/\/www.europesays.com\/es\/wp-content\/uploads\/2025\/12\/9b580d40-d09c-11f0-af9b-9b8e7a88ec8c.jpg.webp.webp\"   alt=\"Yulia Svyrydenko.\" loading=\"lazy\" width=\"1024\" height=\"576\" style=\"aspect-ratio:1024 \/ 576\" class=\"css-1seqhu9\"\/><\/p>\n<p class=\"css-by8ykd\" role=\"text\">Fuente de la imagen, Getty Images<\/p>\n<p>Pie de foto, La primera ministra de Ucrania, Yulia Svyrydenko, se refiri\u00f3 a la propuesta de un \u00abpr\u00e9stamo de reparaciones\u00bb para su pa\u00eds por parte de Europa. <\/p>\n<p dir=\"ltr\" class=\"css-s4cjt0 e1yuyadm0\">El plan exigir\u00eda que B\u00e9lgica aceptara la ejecuci\u00f3n de un \u00abpr\u00e9stamo por reparaciones\u00bb utilizando activos rusos congelados depositados en una instituci\u00f3n financiera en Bruselas, o bien que el dinero se financiar\u00e1 mediante pr\u00e9stamos internacionales.<\/p>\n<p dir=\"ltr\" class=\"css-s4cjt0 e1yuyadm0\">La primera ministra ucraniana, Yulia Svyrydenko, recibi\u00f3 bien la propuesta, que cubrir\u00eda dos tercios de las necesidades de financiaci\u00f3n de Ucrania durante los pr\u00f3ximos dos a\u00f1os.<\/p>\n<p dir=\"ltr\" class=\"css-s4cjt0 e1yuyadm0\">B\u00e9lgica se ha opuesto al plan de utilizar activos congelados depositados en su territorio, por temor a las acciones legales que podr\u00eda emprender Mosc\u00fa. <\/p>\n<p dir=\"ltr\" class=\"css-s4cjt0 e1yuyadm0\">El Banco Central Europeo (BCE) tambi\u00e9n se ha opuesto a la idea, alegando que no actuar\u00eda como respaldo para un pr\u00e9stamo por reparaciones.<\/p>\n<p dir=\"ltr\" class=\"css-s4cjt0 e1yuyadm0\">El pr\u00e9stamo propuesto ahora es inferior al propuesto inicialmente que se cifraba en torno a los 140.000 millones de euros.<\/p>\n<p><img decoding=\"async\" src=\"https:\/\/www.europesays.com\/es\/wp-content\/uploads\/2025\/12\/606179e0-d099-11f0-9fb5-5f3a3703a365.png.webp.webp\"   alt=\"&quot;&quot;\" loading=\"lazy\" width=\"800\" height=\"100\" style=\"aspect-ratio:800 \/ 100\" class=\"css-1seqhu9\"\/><\/p>\n<p dir=\"ltr\" class=\"css-s4cjt0 e1yuyadm0\"><a href=\"https:\/\/www.bbc.com\/mundo\/send\/u184973209\" class=\"focusIndicatorReducedWidth css-n8oauk e1h2ur550\" rel=\"nofollow noopener\" target=\"_blank\">Suscr\u00edbete aqu\u00ed<\/a> a nuestro nuevo newsletter para recibir cada viernes una selecci\u00f3n de nuestro mejor contenido de la semana.<\/p>\n<p dir=\"ltr\" class=\"css-s4cjt0 e1yuyadm0\">Y recuerda que puedes recibir notificaciones en nuestra app. Descarga la \u00faltima versi\u00f3n y act\u00edvalas. <\/p>\n","protected":false},"excerpt":{"rendered":"Fuente de la imagen, Reuters Pie de foto, Enviados especiales del presidente Donald Trump a Mosc\u00fa estuvieron este&hellip;\n","protected":false},"author":2,"featured_media":270154,"comment_status":"","ping_status":"","sticky":false,"template":"","format":"standard","meta":{"footnotes":""},"categories":[42],"tags":[17,18,13,14,11,61,62,63,64,19,20,9,10,15,16,12,21,22,65,66,67],"class_list":{"0":"post-270153","1":"post","2":"type-post","3":"status-publish","4":"format-standard","5":"has-post-thumbnail","7":"category-internacional","8":"tag-breaking-news","9":"tag-breakingnews","10":"tag-featured-news","11":"tag-featurednews","12":"tag-headlines","13":"tag-internacional","14":"tag-international","15":"tag-international-news","16":"tag-internationalnews","17":"tag-latest-news","18":"tag-latestnews","19":"tag-news","20":"tag-noticias","21":"tag-noticias-destacadas","22":"tag-noticiasdestacadas","23":"tag-titulares","24":"tag-ultimas-noticias","25":"tag-ultimasnoticias","26":"tag-world","27":"tag-world-news","28":"tag-worldnews"},"share_on_mastodon":{"url":"https:\/\/pubeurope.com\/@es\/115659497288709848","error":""},"_links":{"self":[{"href":"https:\/\/www.europesays.com\/es\/wp-json\/wp\/v2\/posts\/270153","targetHints":{"allow":["GET"]}}],"collection":[{"href":"https:\/\/www.europesays.com\/es\/wp-json\/wp\/v2\/posts"}],"about":[{"href":"https:\/\/www.europesays.com\/es\/wp-json\/wp\/v2\/types\/post"}],"author":[{"embeddable":true,"href":"https:\/\/www.europesays.com\/es\/wp-json\/wp\/v2\/users\/2"}],"replies":[{"embeddable":true,"href":"https:\/\/www.europesays.com\/es\/wp-json\/wp\/v2\/comments?post=270153"}],"version-history":[{"count":0,"href":"https:\/\/www.europesays.com\/es\/wp-json\/wp\/v2\/posts\/270153\/revisions"}],"wp:featuredmedia":[{"embeddable":true,"href":"https:\/\/www.europesays.com\/es\/wp-json\/wp\/v2\/media\/270154"}],"wp:attachment":[{"href":"https:\/\/www.europesays.com\/es\/wp-json\/wp\/v2\/media?parent=270153"}],"wp:term":[{"taxonomy":"category","embeddable":true,"href":"https:\/\/www.europesays.com\/es\/wp-json\/wp\/v2\/categories?post=270153"},{"taxonomy":"post_tag","embeddable":true,"href":"https:\/\/www.europesays.com\/es\/wp-json\/wp\/v2\/tags?post=270153"}],"curies":[{"name":"wp","href":"https:\/\/api.w.org\/{rel}","templated":true}]}}