{"id":270176,"date":"2025-12-04T05:12:12","date_gmt":"2025-12-04T05:12:12","guid":{"rendered":"https:\/\/www.europesays.com\/es\/270176\/"},"modified":"2025-12-04T05:12:12","modified_gmt":"2025-12-04T05:12:12","slug":"rebeca-grynspan-la-onu-debe-sentarse-en-las-mesas-de-negociacion-mas-importantes-del-mundo-internacional","status":"publish","type":"post","link":"https:\/\/www.europesays.com\/es\/270176\/","title":{"rendered":"Rebeca Grynspan: \u201cLa ONU debe sentarse en las mesas de negociaci\u00f3n m\u00e1s importantes del mundo\u201d | Internacional"},"content":{"rendered":"<p class=\"\">A veces lo m\u00e1s revolucionario es volver a los principios b\u00e1sicos. <a href=\"https:\/\/elpais.com\/america\/2025-10-08\/costa-rica-propone-a-rebeca-grynspan-a-la-secretaria-general-de-la-onu-no-parto-de-cero-parto-de-una-posicion-de-fuerza.html\" target=\"_self\" rel=\"nofollow noopener\" title=\"https:\/\/elpais.com\/america\/2025-10-08\/costa-rica-propone-a-rebeca-grynspan-a-la-secretaria-general-de-la-onu-no-parto-de-cero-parto-de-una-posicion-de-fuerza.html\">La costarricense Rebeca Grynspan ya es la candidata oficial presentada por el Gobierno de su pa\u00eds para la Secretar\u00eda General de Naciones Unidas<\/a>, que el portugu\u00e9s Ant\u00f3nio Guterres abandonar\u00e1 en diciembre del pr\u00f3ximo a\u00f1o. La actual secretaria general de la UNCTAD (Conferencia de las Naciones Unidas sobre Comercio y Desarrollo) se enfrenta a una campa\u00f1a larga e intensa, que la llevar\u00e1 por todo el mundo durante meses. <\/p>\n<p class=\"\">En la cafeter\u00eda de un hotel londinense, rodeada de papeles y frente a su port\u00e1til mientras de fondo se oye en el local una m\u00fasica anodina y no requerida, propia de un domingo por la tarde, atiende a EL PA\u00cdS. Ha acudido a la capital brit\u00e1nica para presentar el informe anual de la instituci\u00f3n que ha liderado hasta ahora. Su carrera pol\u00edtica y diplom\u00e1tica tiene un bagaje contra el que resulta dif\u00edcil competir. Ha sido vicepresidenta de Costa Rica y ha estado al frente de la Secretar\u00eda General Iberoamericana.<\/p>\n<p class=\"\">\u201cSi me preguntaras cu\u00e1l es mi lema de campa\u00f1a, te dir\u00eda que es el Art\u00edculo 1 de la Carta de Naciones Unidas. All\u00ed se dice todo, y deber\u00edamos ser fieles a esos valores\u201d, defiende. \u201cPero a la vez tenemos que ser mucho m\u00e1s \u00e1giles y flexibles, m\u00e1s innovadores en las propuestas que la ONU presenta al mundo. Y para eso hay que asumir riesgos\u201d.<\/p>\n<p class=\"\">\u201cMantener la paz y la seguridad internacional, fomentar la amistad entre naciones, impulsar la cooperaci\u00f3n internacional en la soluci\u00f3n de los problemas y centralizar todos esos esfuerzos\u201d, dice ese primer art\u00edculo de la Carta de la ONU. Ah\u00ed es nada. La economista costarricense se compromete a volver a situar a la organizaci\u00f3n en el centro del tablero. \u201cEn su momento, la organizaci\u00f3n fue forjada por 50 pa\u00edses. Hoy re\u00fane a 193. Podemos decir entonces que, de alguna manera, hay 143 pa\u00edses que no participaron en esa creaci\u00f3n. Esta realidad requiere inclusi\u00f3n\u201d, explica. \u201cConozco bien Naciones Unidas, tanto como para defenderla y para reformarla\u201d, se\u00f1ala.<\/p>\n<p class=\"\">Cualquier intento de reafirmar el valor de la instituci\u00f3n multilateral por excelencia debe tener en cuenta los constantes desprecios hacia su auctoritas \u2014y hasta su legitimidad\u2014 por parte de gobiernos estadounidenses como el de Donald Trump, empe\u00f1ado en reventar el orden mundial que ha regido las \u00faltimas d\u00e9cadas. \u201cEstamos viendo c\u00f3mo Estados Unidos est\u00e1 comenzando de nuevo a usar Naciones Unidas. Es innegable su cuestionamiento de la instituci\u00f3n, pero <a href=\"https:\/\/elpais.com\/internacional\/2025-11-17\/el-consejo-de-seguridad-de-la-onu-aprueba-la-resolucion-sobre-el-plan-de-trump-para-gaza.html\" target=\"_self\" rel=\"nofollow noopener\" title=\"https:\/\/elpais.com\/internacional\/2025-11-17\/el-consejo-de-seguridad-de-la-onu-aprueba-la-resolucion-sobre-el-plan-de-trump-para-gaza.html\">a la vez decidi\u00f3 elevar hasta el Consejo de Seguridad su plan de paz para Gaza<\/a>. La frase de Trump en su intervenci\u00f3n ante la Asamblea General, cuando se\u00f1ala que la ONU tiene mucho potencial, debe ser tomada en serio (\u2026) Naciones Unidas debe poder estar en las mesas de negociaciones m\u00e1s importantes del mundo, y asumir ese papel con firmeza y determinaci\u00f3n\u201d, defiende Grynspan.<\/p>\n<p class=\"\">Suenan otras candidatas para el puesto de secretaria general de la ONU, como Michelle Bachelet, expresidenta de Chile; Jacinda Ardern, ex primera ministra de Nueva Zelanda; Alicia B\u00e1rcena, ministra de Medio Ambiente de M\u00e9xico; o Mia Mottley, primera ministra de Barbados.<\/p>\n<p class=\"\">\u00bfHa llegado el momento de que una mujer est\u00e9 al frente de la organizaci\u00f3n? \u201cLas conozco a todas, y todas tienen un curr\u00edculum impecable. No tienen ninguna necesidad de un trato especial. Todas tienen los m\u00e9ritos para el puesto, incluy\u00e9ndome a m\u00ed. No pedimos un trato especial, sino que no haya discriminaci\u00f3n. Porque si vamos a competir en pie de igualdad, cualquiera de nosotras tiene todas las posibilidades de ganar\u201d, argumenta.<\/p>\n<p>Autoritarismo e inmigraci\u00f3n<\/p>\n<p class=\"\">Grynspan es consciente de que una competici\u00f3n como la que afronta exige evitar pasos en falso. Sus respuestas liman siempre las aristas, mantienen un tono amable y diplom\u00e1tico. Pero eso no significa que est\u00e9n ausentes de contenido. Tiene un diagn\u00f3stico claro frente a fen\u00f3menos como el auge del autoritarismo en el mundo. \u201cLa democracia est\u00e1 hoy cuestionada porque no puede limitarse a generar la capacidad de un cambio de gobierno. Su legitimidad tambi\u00e9n reside en la b\u00fasqueda de soluciones para los problemas de la mayor\u00eda de la poblaci\u00f3n\u201d, defiende esta pol\u00edtica de profundas convicciones socialdem\u00f3cratas. <\/p>\n<p class=\"\">\u201cCuando estaba en el Programa de Naciones Unidas para el Desarrollo elaboramos un informe muy famoso en el que se hablaba de la democracia en Am\u00e9rica Latina, y afirm\u00e1bamos que hab\u00eda que evitar que el descontento actual \u2018en\u2019 la democracia se transformara en un descontento \u2018con\u2019 la democracia\u201d, recuerda.<\/p>\n<p class=\"\">El gran tema de fragmentaci\u00f3n de las sociedades occidentales es hoy la inmigraci\u00f3n irregular, y Grynspan puede entender la inestabilidad que provoca. Pero recuerda que, como en todo, es importante la perspectiva: \u201cLa mayor migraci\u00f3n est\u00e1 en el sur\u201d, dice, en referencia a ese t\u00e9rmino del \u201csur global\u201d que se utiliza para recordar que el mundo es m\u00e1s amplio que Occidente. \u201cLos mayores focos de concentraci\u00f3n est\u00e1n en los pa\u00edses del sur, como Turqu\u00eda, L\u00edbano o Sud\u00e1n del Sur [\u2026] El objetivo final debe ser que migren solo los que quieren hacerlo, y no los que se ven obligados a hacerlo. Por eso debemos enfocarnos en solucionar las causas estructurales que la impulsan, como el desarrollo de muchos de estos pa\u00edses o el cambio clim\u00e1tico\u201d, se\u00f1ala. <\/p>\n","protected":false},"excerpt":{"rendered":"A veces lo m\u00e1s revolucionario es volver a los principios b\u00e1sicos. La costarricense Rebeca Grynspan ya es la&hellip;\n","protected":false},"author":2,"featured_media":270177,"comment_status":"","ping_status":"","sticky":false,"template":"","format":"standard","meta":{"footnotes":""},"categories":[42],"tags":[17,18,15772,352,629,13,14,11,61,62,63,64,19,20,4044,9,10,15,16,732,66423,66421,2444,12,21,22,66422,65,66,67],"class_list":{"0":"post-270176","1":"post","2":"type-post","3":"status-publish","4":"format-standard","5":"has-post-thumbnail","7":"category-internacional","8":"tag-breaking-news","9":"tag-breakingnews","10":"tag-costa-rica","11":"tag-donald-trump","12":"tag-estados-unidos","13":"tag-featured-news","14":"tag-featurednews","15":"tag-headlines","16":"tag-internacional","17":"tag-international","18":"tag-international-news","19":"tag-internationalnews","20":"tag-latest-news","21":"tag-latestnews","22":"tag-mujeres","23":"tag-news","24":"tag-noticias","25":"tag-noticias-destacadas","26":"tag-noticiasdestacadas","27":"tag-onu","28":"tag-pnud","29":"tag-rebeca-grynspan-mayufis","30":"tag-reino-unido","31":"tag-titulares","32":"tag-ultimas-noticias","33":"tag-ultimasnoticias","34":"tag-unctad","35":"tag-world","36":"tag-world-news","37":"tag-worldnews"},"share_on_mastodon":{"url":"","error":"Validation failed: Text character limit of 500 exceeded"},"_links":{"self":[{"href":"https:\/\/www.europesays.com\/es\/wp-json\/wp\/v2\/posts\/270176","targetHints":{"allow":["GET"]}}],"collection":[{"href":"https:\/\/www.europesays.com\/es\/wp-json\/wp\/v2\/posts"}],"about":[{"href":"https:\/\/www.europesays.com\/es\/wp-json\/wp\/v2\/types\/post"}],"author":[{"embeddable":true,"href":"https:\/\/www.europesays.com\/es\/wp-json\/wp\/v2\/users\/2"}],"replies":[{"embeddable":true,"href":"https:\/\/www.europesays.com\/es\/wp-json\/wp\/v2\/comments?post=270176"}],"version-history":[{"count":0,"href":"https:\/\/www.europesays.com\/es\/wp-json\/wp\/v2\/posts\/270176\/revisions"}],"wp:featuredmedia":[{"embeddable":true,"href":"https:\/\/www.europesays.com\/es\/wp-json\/wp\/v2\/media\/270177"}],"wp:attachment":[{"href":"https:\/\/www.europesays.com\/es\/wp-json\/wp\/v2\/media?parent=270176"}],"wp:term":[{"taxonomy":"category","embeddable":true,"href":"https:\/\/www.europesays.com\/es\/wp-json\/wp\/v2\/categories?post=270176"},{"taxonomy":"post_tag","embeddable":true,"href":"https:\/\/www.europesays.com\/es\/wp-json\/wp\/v2\/tags?post=270176"}],"curies":[{"name":"wp","href":"https:\/\/api.w.org\/{rel}","templated":true}]}}