{"id":270188,"date":"2025-12-04T05:25:11","date_gmt":"2025-12-04T05:25:11","guid":{"rendered":"https:\/\/www.europesays.com\/es\/270188\/"},"modified":"2025-12-04T05:25:11","modified_gmt":"2025-12-04T05:25:11","slug":"mazon-y-el-arquitecto-guardiola-del-edificio-monaco-a-la-casa-judia","status":"publish","type":"post","link":"https:\/\/www.europesays.com\/es\/270188\/","title":{"rendered":"Maz\u00f3n y el arquitecto Guardiola: del Edificio M\u00f3naco a la Casa Jud\u00eda"},"content":{"rendered":"<p>Carlos Maz\u00f3n ya no es presidente de la Comunitat. Ocupa un discreto asiento en la \u00faltima fila del Grupo Popular en Les Corts, porque conserva  &#8230; el esca\u00f1o, y se acomoda a su nueva situaci\u00f3n, que dispone de unas cuantas prerrogativas de las que gozan tambi\u00e9n sus antecesores. Una serie de recursos humanos puestos a su servicio en su condici\u00f3n de exjefe del Consell y tambi\u00e9n de recursos materiales: una oficina que radica en el Edificio M\u00f3naco, situado en la Explanada de su Alicante natal. Una finca de llamativo estilo, debida al ingenio de un arquitecto que dej\u00f3 una honda huella en toda la Comunitat, con especial incidencia en la provincia alicantina. Su autor, Juan Guardiola Gaya, es autor de unos cuantos rascacielos en Benidorm, a cuyo &#8216;skyline&#8217; contribuy\u00f3 de manera admirable. Disc\u00edpulo de Antonio Gaud\u00ed, su biograf\u00eda incluye un cap\u00edtulo dedicado a la construcci\u00f3n del Camp Nou y recala adem\u00e1s en Valencia: a su firma se debe el espectacular inmueble conocido como Casa Jud\u00eda.<\/p>\n<p class=\"v-p\">El edificio no pasa desapercibido. Erigida con una rica ornamentaci\u00f3n que remite al imaginario propio del art d\u00e9co en su versi\u00f3n m\u00e1s valenciana, la Casa Jud\u00eda sigue llamando la atenci\u00f3n del paseante desde su inauguraci\u00f3n, all\u00e1 en 1930. A punto de cumplir un siglo de vida, desde su emplazamiento en la calle Castell\u00f3n ha ido cumpliendo la funci\u00f3n inicial que le dio nombre (acog\u00eda las reuniones de la comunidad religiosa que profesaba en la ciudad la fe hebrea) y tambi\u00e9n la dom\u00e9stica. Uno de los vecinos all\u00ed empadronados confesaba hace unos a\u00f1os a LAS PROVINCIAS que la experiencia de vivir entre sus muros se distingu\u00eda por un car\u00e1cter contradictorio: la espectacularidad de su fachada escond\u00eda un interior m\u00e1s bien humilde. Lo cual no evita seguir maravill\u00e1ndonos por alguno de los atributos que Guardiola confiri\u00f3 a su criatura: por ejemplo, el suntuoso remate del edificio de inspiraci\u00f3n oriental, mitad \u00e1rabe, mitad hind\u00fa.<\/p>\n<p class=\"v-p\">Otros elementos pasan m\u00e1s desapercibidos y obligan a ingresar en el edificio. Es el caso del peque\u00f1o patio, decorado con un techo con motivos de estrellas y formas egipcias a su lado, que remiten a la hip\u00f3tesis que hizo fama en la Valencia de cuando se construy\u00f3: que el arquitecto militaba en el movimiento mas\u00f3nico y esos detalles ornamentales se inspiraban en sus creencias. Si as\u00ed fuera, debe anotarse que Guardiola extendi\u00f3 sus hallazgos desde la Casa Jud\u00eda de Valencia a su Sueca natal, donde vio la luz en 1895 (aunque otras fuentes citan su nacimiento en la localidad tarraconense de Reus). Sea como fuere, en Sueca levant\u00f3 Guardiola la sede del Ateneo, otro edificio igualmente llamativo, de nuevo con una profusa decoraci\u00f3n que encajar\u00eda con la patolog\u00eda conocida como &#8216;horror vacui&#8217;: un horror al vac\u00edo que justifica la aparatosa ornamentaci\u00f3n de su fachada, donde tal vez habite tambi\u00e9n la huella que dej\u00f3 en el arquitecto su maestro Gaud\u00ed.<\/p>\n<p class=\"v-p\">Con el tiempo, el estilo de Guardiola se ir\u00eda depurando. Fallecido en Alzira en 1962, fue un profesional militante en la escuela del movimiento moderno en la etapa final de su carrera y de su vida, objeto por lo tanto de un reconocimiento postrero que puso especial \u00e9nfasis en sus colaboraciones con el urbanista Antonio Perpi\u00f1\u00e0, con estudio en Madrid, hasta que se traslada a Alicante para redactar el Plan de la Playa de San Juan, resuelto mediante una cuadr\u00edcula de super manzanas paralela al mar: un gesto, en efecto, radicalmente moderno. Los arquitectos Justo Oliva Meyer y Andr\u00e9s Mart\u00ednez-Medina, que han estudiado su obra, apuntan como su principal referencia a otro gran maestro, Le Corbusier, de cuyo lenguaje nace esa propensi\u00f3n a plantear \u00abdiversos tipos de edificaci\u00f3n abierta\u00bb, es decir, \u00abbloques prism\u00e1ticos y torres cuadradas\u00bb. <\/p>\n<p class=\"v-p\">Oliva Meyer y Mart\u00ednez-Medina citan entre sus mejores creaciones el conjunto La Rotonda (1965), \u00abque supone el paradigma de la urbanizaci\u00f3n tur\u00edstica, caracterizada por el uso de diferentes tipolog\u00edas residenciales \u2500torre, bloque y viviendas adosadas\u2500 dispuestas alrededor de los espacios libres ajardinados y bien equipados para el ocio estival\u00bb. Otro ejemplo que mencionan en el escrito de homenaje p\u00f3stumo que le tributaron en la publicaci\u00f3n del Movimiento Docomomo, fue el edificio conocido como El Gale\u00f3n, datado en 1963 y concebido como \u00abuna torre que desarrolla un esquema helicoidal para el acceso a las viviendas\u00bb. Y como gran art\u00edfice de la arquitectura tur\u00edstica de Alicante y Benidorm, sus edificios llevar\u00e1n un sello de autor en su gusto por las amplias terrazas, \u00abque llegan a rodear los inmuebles en todo su per\u00edmetro y mejoran la calidad de vida\u00bb. <\/p>\n<p class=\"v-p\">Otros proyectos de esa fase \u00faltima de su actividad cimentar\u00edan su fama como profesional vanguardista, adicto a soluciones muy imaginativas: en la sierra Grossa, \u00abproyecta un conjunto urbano de alta densidad con una arquitectura realista uniformada por sus revestimientos materiales, sobre todo de ladrillo\u00bb, como se puede leer en la citada publicaci\u00f3n, que destaca otras obras: la torre Vistamar (1962-1967) de Alicante, influida por el rascacielos Pirelli de Gio Ponti o, ya en el entorno de Playa de San Juan, fincas como la Chicharra y el Club del Mar (1966-1972). Edificios embebidos de una geometr\u00eda curva, de orden gigante, que treinta a\u00f1os despu\u00e9s de su Casa Jud\u00eda evidencian ese cambio estil\u00edstico insospechado en quien observe su obra valenciana. O la que tiene en Barcelona, donde estudi\u00f3 la carrera: la vivienda que hizo para su hermano Ferran en pleno Eixample, conocida como Casa China porque (en efecto) se caracteriza por una fisonom\u00eda de naturaleza asi\u00e1tica muy llamativa. <\/p>\n<p class=\"v-p\">De esa obra inicial a la Casa Jud\u00eda medi\u00f3 un a\u00f1o. M\u00e1s de treinta despu\u00e9s, en 1967, Guardiola factura su edificio M\u00f3naco en Alicante, donde Maz\u00f3n acaba de plantar su despacho. Si quer\u00eda pasar inadvertido, mala elecci\u00f3n. El inmueble es una conocida referencia alicantina, porque su estampa impresiona durante este medio siglo de vida: cuenta con noventa murales decorando con medallones su fachada, de aire medievalizante. A medio camino entre lo ar\u00e1bigo (de nuevo), la inspiraci\u00f3n marinera que el arquitecto resolvi\u00f3 seg\u00fan su particular c\u00f3digo&#8230; incluyendo alguna alegor\u00eda mitol\u00f3gica tan misteriosa como los detalles que introdujo en su encargo para Valencia. La Casa Jud\u00eda que desde ahora une su destino al de Maz\u00f3n, v\u00eda Guardiola.<\/p>\n","protected":false},"excerpt":{"rendered":"Carlos Maz\u00f3n ya no es presidente de la Comunitat. Ocupa un discreto asiento en la \u00faltima fila del&hellip;\n","protected":false},"author":2,"featured_media":270189,"comment_status":"","ping_status":"","sticky":false,"template":"","format":"standard","meta":{"footnotes":""},"categories":[173],"tags":[839,229,233,231,230,385,232,234,1155,146,147,25,24,24984,15161,1439,5095,23],"class_list":{"0":"post-270188","1":"post","2":"type-post","3":"status-publish","4":"format-standard","5":"has-post-thumbnail","7":"category-arte-y-diseno","8":"tag-arquitecto","9":"tag-arte","10":"tag-arte-y-diseno","11":"tag-arts","12":"tag-arts-and-design","13":"tag-casa","14":"tag-design","15":"tag-diseno","16":"tag-edificio","17":"tag-entertainment","18":"tag-entretenimiento","19":"tag-es","20":"tag-espana","21":"tag-guardiola","22":"tag-judia","23":"tag-mazon","24":"tag-monaco","25":"tag-spain"},"share_on_mastodon":{"url":"https:\/\/pubeurope.com\/@es\/115659638243390244","error":""},"_links":{"self":[{"href":"https:\/\/www.europesays.com\/es\/wp-json\/wp\/v2\/posts\/270188","targetHints":{"allow":["GET"]}}],"collection":[{"href":"https:\/\/www.europesays.com\/es\/wp-json\/wp\/v2\/posts"}],"about":[{"href":"https:\/\/www.europesays.com\/es\/wp-json\/wp\/v2\/types\/post"}],"author":[{"embeddable":true,"href":"https:\/\/www.europesays.com\/es\/wp-json\/wp\/v2\/users\/2"}],"replies":[{"embeddable":true,"href":"https:\/\/www.europesays.com\/es\/wp-json\/wp\/v2\/comments?post=270188"}],"version-history":[{"count":0,"href":"https:\/\/www.europesays.com\/es\/wp-json\/wp\/v2\/posts\/270188\/revisions"}],"wp:featuredmedia":[{"embeddable":true,"href":"https:\/\/www.europesays.com\/es\/wp-json\/wp\/v2\/media\/270189"}],"wp:attachment":[{"href":"https:\/\/www.europesays.com\/es\/wp-json\/wp\/v2\/media?parent=270188"}],"wp:term":[{"taxonomy":"category","embeddable":true,"href":"https:\/\/www.europesays.com\/es\/wp-json\/wp\/v2\/categories?post=270188"},{"taxonomy":"post_tag","embeddable":true,"href":"https:\/\/www.europesays.com\/es\/wp-json\/wp\/v2\/tags?post=270188"}],"curies":[{"name":"wp","href":"https:\/\/api.w.org\/{rel}","templated":true}]}}