{"id":270192,"date":"2025-12-04T05:29:10","date_gmt":"2025-12-04T05:29:10","guid":{"rendered":"https:\/\/www.europesays.com\/es\/270192\/"},"modified":"2025-12-04T05:29:10","modified_gmt":"2025-12-04T05:29:10","slug":"el-templo-de-los-huesos-deja-claro-que-2026-va-a-empezar-con-fuerza","status":"publish","type":"post","link":"https:\/\/www.europesays.com\/es\/270192\/","title":{"rendered":"El templo de los huesos deja claro que 2026 va a empezar con fuerza"},"content":{"rendered":"<p>Hoy, 3 de diciembre de 2025, hemos recibido un nuevo tr\u00e1iler de <strong>28 a\u00f1os despu\u00e9s: El templo de los huesos<\/strong>. Una esperada secuela que <a href=\"https:\/\/es.ign.com\/28-years-later\/211226\/news\/28-years-later-the-bone-temple-continua-la-trilogia-de-28-anos-despues-en-2026\" rel=\"nofollow noopener\" target=\"_blank\">llegar\u00e1 <\/a><strong><a href=\"https:\/\/es.ign.com\/28-years-later\/211226\/news\/28-years-later-the-bone-temple-continua-la-trilogia-de-28-anos-despues-en-2026\" rel=\"nofollow noopener\" target=\"_blank\">el 16 de enero de 2026<\/a>, <\/strong>como se puede ver al final del v\u00eddeo.<\/p>\n<p>Este adelanto empieza con el Dr. Ian Kelson, siendo interpretado por Ralph Fiennes, diciendo que ha estado \u00abdesarrollando una idea sobre la naturaleza de la infecci\u00f3n. Cuando los infectados atacan, \u00bfqu\u00e9 ven?,\u00bb lo que quiz\u00e1s nos d\u00e9 una ligera pista de lo que podr\u00edamos ver en esta pel\u00edcula. M\u00e1s adelante, vemos a Spike, papel que da vida Alfie Williams, quien parece estar asustado frente a la secta que aparece al final de la anterior pel\u00edcula.<\/p>\n<p>Por todo lo dem\u00e1s, el tr\u00e1iler se siente realmente tenso, como lo han sido los anteriores filmes. Afortunadamente, no tendremos que esperar mucho tiempo para ver esta continuaci\u00f3n porque solo queda poco m\u00e1s de un mes.<\/p>\n<p>\u00bfQui\u00e9nes est\u00e1n detr\u00e1s de<strong> 28 a\u00f1os despu\u00e9s: El templo de los huesos<\/strong>?<\/p>\n<p>Seg\u00fan <a href=\"https:\/\/www.imdb.com\/es-es\/title\/tt32141377\/\" rel=\"noopener nofollow\" target=\"_blank\">la ficha de IMDb<\/a>, <strong>28 a\u00f1os despu\u00e9s: El templo de los huesos<\/strong> est\u00e1 dirigida por <strong>Nia DaCosta<\/strong> (Candyman) y escrita por <strong>Alex Garland<\/strong> (Ex_Machina). El reparto principal est\u00e1 compuesto por <strong>Ralph Fiennes <\/strong>(La lista de Schindler) como Dr. Ian Kelson, <strong>Jack O&#8217;Conell<\/strong> (Los pecadores) y <strong>Emma Laird <\/strong>(28 a\u00f1os despu\u00e9s).<\/p>\n","protected":false},"excerpt":{"rendered":"Hoy, 3 de diciembre de 2025, hemos recibido un nuevo tr\u00e1iler de 28 a\u00f1os despu\u00e9s: El templo de&hellip;\n","protected":false},"author":2,"featured_media":270193,"comment_status":"","ping_status":"","sticky":false,"template":"","format":"standard","meta":{"footnotes":""},"categories":[169],"tags":[177,146,147,25,24,176,175,23],"class_list":{"0":"post-270192","1":"post","2":"type-post","3":"status-publish","4":"format-standard","5":"has-post-thumbnail","7":"category-cine","8":"tag-cine","9":"tag-entertainment","10":"tag-entretenimiento","11":"tag-es","12":"tag-espana","13":"tag-film","14":"tag-movies","15":"tag-spain"},"share_on_mastodon":{"url":"https:\/\/pubeurope.com\/@es\/115659654355794611","error":""},"_links":{"self":[{"href":"https:\/\/www.europesays.com\/es\/wp-json\/wp\/v2\/posts\/270192","targetHints":{"allow":["GET"]}}],"collection":[{"href":"https:\/\/www.europesays.com\/es\/wp-json\/wp\/v2\/posts"}],"about":[{"href":"https:\/\/www.europesays.com\/es\/wp-json\/wp\/v2\/types\/post"}],"author":[{"embeddable":true,"href":"https:\/\/www.europesays.com\/es\/wp-json\/wp\/v2\/users\/2"}],"replies":[{"embeddable":true,"href":"https:\/\/www.europesays.com\/es\/wp-json\/wp\/v2\/comments?post=270192"}],"version-history":[{"count":0,"href":"https:\/\/www.europesays.com\/es\/wp-json\/wp\/v2\/posts\/270192\/revisions"}],"wp:featuredmedia":[{"embeddable":true,"href":"https:\/\/www.europesays.com\/es\/wp-json\/wp\/v2\/media\/270193"}],"wp:attachment":[{"href":"https:\/\/www.europesays.com\/es\/wp-json\/wp\/v2\/media?parent=270192"}],"wp:term":[{"taxonomy":"category","embeddable":true,"href":"https:\/\/www.europesays.com\/es\/wp-json\/wp\/v2\/categories?post=270192"},{"taxonomy":"post_tag","embeddable":true,"href":"https:\/\/www.europesays.com\/es\/wp-json\/wp\/v2\/tags?post=270192"}],"curies":[{"name":"wp","href":"https:\/\/api.w.org\/{rel}","templated":true}]}}