{"id":270196,"date":"2025-12-04T05:31:29","date_gmt":"2025-12-04T05:31:29","guid":{"rendered":"https:\/\/www.europesays.com\/es\/270196\/"},"modified":"2025-12-04T05:31:29","modified_gmt":"2025-12-04T05:31:29","slug":"salud-amplia-la-vacunacion-sin-cita-previa-en-pleno-repunte-de-casos-de-gripe-y-covid","status":"publish","type":"post","link":"https:\/\/www.europesays.com\/es\/270196\/","title":{"rendered":"Salud ampl\u00eda la vacunaci\u00f3n sin cita previa en pleno repunte de casos de gripe y covid"},"content":{"rendered":"<p class=\"v-mdl-ath__p v-mdl-ath__p--6\">\nMi\u00e9rcoles, 3 de diciembre 2025, 10:49<\/p>\n<p>| Actualizado 11:13h.<\/p>\n<p class=\"v-p\">Tras el aumento \u00abgeneralizado\u00bb de infecciones respiratorias aguas (IRA) y de las <a href=\"https:\/\/www.larioja.com\/la-rioja\/incidencia-casos-gripe-covid-rioja-20251202113545-nt.html\" target=\"_blank\" data-voc-vtm-id=\"in-text-traffic\" title=\"hospitalizaciones de los \u00faltimos d\u00edas por gripe y covid\" data-mrf-link=\"www.larioja.com\" rel=\"nofollow noopener\">hospitalizaciones de los \u00faltimos d\u00edas por gripe y covid<\/a>, la Consejer\u00eda de Salud ha decidido ampliar la vacunaci\u00f3n sin cita previa frente a estos dos \u00faltimos virus. De esta forma, el Hospital San Pedro de Logro\u00f1o habilitar\u00e1 nuevos turnos de inmunizaci\u00f3n durante los d\u00edas 9, 10 y 11 de diciembre, de 17.00 a 19.00 horas, en su Sal\u00f3n de Actos.<\/p>\n<p class=\"v-p\">A fecha 3 de diciembre, la situaci\u00f3n asistencial es de 30 personas ingresadas en los hospitales riojanos, 26 por gripe y 4 por covid (uno m\u00e1s que en la jornada anterior). Sin embargo, el impacto de los virus estacionales tambi\u00e9n se ha notado en los servicios de Urgencias de los complejos hospitalarios, con 339 atendidos en el San Pedro (243 adultos) y 78 en el Hospital de Calahorra (63 adultos). <\/p>\n<p class=\"v-p\">La vigilancia centinela ha situado la incidencia de la gripe en 173,56 casos por 100.000 habitantes, cifras similares a la de la semana previa; y 3,27 casos de covid tras no haberse detectado ninguno la semana anterior. Con estas cifras, Salud tambi\u00e9n ha confirmado que La Rioja contin\u00faa en fase epid\u00e9mica, con un aumento \u00absignificativo\u00bb de las infecciones respiratorias agudas, que alcanzan los 743,36 casos por 100.000 habitantes (frente a los 638,57 de la semana anterior).<\/p>\n<p class=\"v-p\">Los grupos m\u00e1s afectados por las infecciones respiratorias son los menores de 1 a 4 a\u00f1os, seguidos del grupo de 5 a 14 a\u00f1os. Por ello, Salud ha insistido en la importancia de que las familias acudan a vacunar a los menores, al igual que las personas mayores o los grupos de riesgo, con el objetivo de reducir la incidencia de la gripe y prevenir posibles complicaciones graves.<\/p>\n<p class=\"v-p\">Las personas interesadas en vacunarse en su centro de salud pueden solicitar cita a trav\u00e9s de la web o en la app de Rioja Salud, llamando a Salud Responde (941 29 83 33, opci\u00f3n 2), o directamente en su centro de salud.<\/p>\n<p class=\"v-p\">La campa\u00f1a de vacunaci\u00f3n, seg\u00fan Salud, \u00absigue avanzando de manera s\u00f3lida\u00bb. En total, se han administrado 80.683 dosis frente a la gripe (6.000 m\u00e1s que la semana pasada) y 35.345 frente al covid (2.000 m\u00e1s). La cobertura en mayores de 65 a\u00f1os, en el primer caso, se sit\u00faa en 59,64% (4 puntos m\u00e1s) y en el caso del covid, en 47,41% entre los mayores de 70 a\u00f1os (2 puntos m\u00e1s).<\/p>\n<p>Reporta un error<\/p>\n","protected":false},"excerpt":{"rendered":"Mi\u00e9rcoles, 3 de diciembre 2025, 10:49 | Actualizado 11:13h. Tras el aumento \u00abgeneralizado\u00bb de infecciones respiratorias aguas (IRA)&hellip;\n","protected":false},"author":2,"featured_media":270197,"comment_status":"","ping_status":"","sticky":false,"template":"","format":"standard","meta":{"footnotes":""},"categories":[92],"tags":[19363,858,7716,2270,25,24,7749,165,2464,1884,166,23,7589],"class_list":{"0":"post-270196","1":"post","2":"type-post","3":"status-publish","4":"format-standard","5":"has-post-thumbnail","7":"category-salud","8":"tag-amplia","9":"tag-casos","10":"tag-cita","11":"tag-covid","12":"tag-es","13":"tag-espana","14":"tag-gripe","15":"tag-health","16":"tag-pleno","17":"tag-repunte","18":"tag-salud","19":"tag-spain","20":"tag-vacunacion"},"share_on_mastodon":{"url":"https:\/\/pubeurope.com\/@es\/115659662004955077","error":""},"_links":{"self":[{"href":"https:\/\/www.europesays.com\/es\/wp-json\/wp\/v2\/posts\/270196","targetHints":{"allow":["GET"]}}],"collection":[{"href":"https:\/\/www.europesays.com\/es\/wp-json\/wp\/v2\/posts"}],"about":[{"href":"https:\/\/www.europesays.com\/es\/wp-json\/wp\/v2\/types\/post"}],"author":[{"embeddable":true,"href":"https:\/\/www.europesays.com\/es\/wp-json\/wp\/v2\/users\/2"}],"replies":[{"embeddable":true,"href":"https:\/\/www.europesays.com\/es\/wp-json\/wp\/v2\/comments?post=270196"}],"version-history":[{"count":0,"href":"https:\/\/www.europesays.com\/es\/wp-json\/wp\/v2\/posts\/270196\/revisions"}],"wp:featuredmedia":[{"embeddable":true,"href":"https:\/\/www.europesays.com\/es\/wp-json\/wp\/v2\/media\/270197"}],"wp:attachment":[{"href":"https:\/\/www.europesays.com\/es\/wp-json\/wp\/v2\/media?parent=270196"}],"wp:term":[{"taxonomy":"category","embeddable":true,"href":"https:\/\/www.europesays.com\/es\/wp-json\/wp\/v2\/categories?post=270196"},{"taxonomy":"post_tag","embeddable":true,"href":"https:\/\/www.europesays.com\/es\/wp-json\/wp\/v2\/tags?post=270196"}],"curies":[{"name":"wp","href":"https:\/\/api.w.org\/{rel}","templated":true}]}}