{"id":270198,"date":"2025-12-04T05:32:19","date_gmt":"2025-12-04T05:32:19","guid":{"rendered":"https:\/\/www.europesays.com\/es\/270198\/"},"modified":"2025-12-04T05:32:19","modified_gmt":"2025-12-04T05:32:19","slug":"se-descubre-la-identidad-del-ladron-de-recetas","status":"publish","type":"post","link":"https:\/\/www.europesays.com\/es\/270198\/","title":{"rendered":"se descubre la identidad del ladr\u00f3n de recetas"},"content":{"rendered":"<p data-gtm-element-container=\"modulo-texto-link\" class=\"paragraph\">\u201c1913. El mundo entero est\u00e1 al borde del abismo, pero hay remansos de paz aislados de los conflictos. Como el Palacio La Promesa, en el valle de Los Pedroches, propiedad de los Marqueses de Luj\u00e1n, uno de los mayores terratenientes del pa\u00eds. \u00bfPuede el amor aplacar la sed de venganza? \u00bfPodr\u00edas olvidar a los que hundieron tu vida? \u00bfA los asesinos de tu madre? \u00bfA los que hicieron desaparecer a tu hermano?\u201d, reza la sinopsis de La Promesa, cuyos tres pilares prominentes son \u201cuna mujer, una venganza y una gran historia de amor\u201d.<\/p>\n<p data-gtm-element-container=\"modulo-texto-link\" class=\"paragraph\">La producci\u00f3n de Televisi\u00f3n Espa\u00f1ola, estrenada en <a href=\"https:\/\/www.lavanguardia.com\/television\/programacion-tv\/la-1\" target=\"_blank\" rel=\"noopener noreferrer nofollow\">La 1<\/a> en 2022, se ha convertido en una pieza imprescindible de las tardes del canal. De lunes a viernes, a las 18:35, los espectadores pueden adentrarse en un sinf\u00edn de tramas, traiciones, romances y tragedias que cada semana se multiplican o agravan de forma impredecible. El \u00faltimo episodio de esta semana, que se emitir\u00e1 ma\u00f1ana jueves, 4 de diciembre, sigue escalando las tensiones en un periodo interrumpido por la final de la UEFA Women&#8217;s Nations League y el sorteo del Mundial masculino de f\u00fatbol 2026.<\/p>\n<p>                <img loading=\"lazy\" decoding=\"async\" data-full-src=\"https:\/\/www.lavanguardia.com\/uploads\/2025\/11\/28\/6929eace41d73.jpeg\" alt=\"Avance del cap\u00edtulo 727 de 'La Promesa'\" width=\"449\" height=\"299\" src=\"https:\/\/www.europesays.com\/es\/wp-content\/uploads\/2025\/11\/1764362650_423_6929eace41d73.jpeg\" class=\"lazy\"\/><\/p>\n<p class=\"caption-title \">Avance del cap\u00edtulo de &#8216;La Promesa&#8217;<\/p>\n<p>                    @lapromesa_tve<\/p>\n<p data-gtm-element-container=\"modulo-texto-link\" class=\"paragraph\">\u201cLas investigaciones de Petra no tardan en dar frutos, pero el ladr\u00f3n de recetas trata de convencerla para que no lo delate. Samuel y Mar\u00eda Fern\u00e1ndez se ven obligados a reprender a Carlo por prestarle demasiada atenci\u00f3n a las doncellas. En vez de investigar para Manuel, Enora y To\u00f1o trabajan en secreto en un nuevo motor que promete ser mucho mejor que el anterior. Adriano pide a Leocadia hablar personalmente con el detective que ella contrat\u00f3 para buscar a Catalina. Teresa informa al servicio de que no habr\u00e1 libranzas ni gratificaci\u00f3n, lo que desemboca en las protestas de Petra\u201d, detalla el extracto publicado por RTVE.<\/p>\n<p>        Lee tambi\u00e9n<\/p>\n<p>    La Vanguardia<\/p>\n<p>             <img loading=\"lazy\" decoding=\"async\" data-full-src=\"https:\/\/www.lavanguardia.com\/uploads\/2025\/11\/26\/6926d65506b20.jpeg\" alt=\"Presentadora, jurado y concursantes, en foto de familia\" width=\"104\" height=\"108\" src=\"https:\/\/www.europesays.com\/es\/wp-content\/uploads\/2025\/12\/6926d65506b20.r_d.1463-1136.jpeg\" class=\"lazy\"\/><\/p>\n<p data-gtm-element-container=\"modulo-texto-link\" class=\"paragraph\">En el cap\u00edtulo anterior, emitido este mi\u00e9rcoles, \u00c1ngela ha reconocido con Martina su desesperaci\u00f3n ante la boda, mientras esta sigue lidiando con las doble tensiones de Jacobo y Adriano. No ayuda por su parte que estas hayan estallado en una dura discusi\u00f3n, agravada por Leocadia. Por su parte, Curro ha descubierto a Manuel su amor por \u00c1ngela y su enfrentamiento con Lorenzo, logrando su apoyo para impedir la boda. Sin embargo, esto provocar\u00e1 un nuevo encontronazo de consecuencias imprevisibles.<\/p>\n<p>                <img loading=\"lazy\" decoding=\"async\" data-full-src=\"https:\/\/www.lavanguardia.com\/uploads\/2025\/11\/21\/6920b9e22cf4c.jpeg\" alt=\"Avance 'La Promesa'\" width=\"449\" height=\"299\" src=\"https:\/\/www.europesays.com\/es\/wp-content\/uploads\/2025\/12\/6920b9e22cf4c.jpeg\" class=\"lazy\"\/><\/p>\n<p class=\"caption-title \">Avance de &#8216;La Promesa&#8217;<\/p>\n<p>                    @lapromesa_tve<\/p>\n<p>Una escena tensa<\/p>\n<p data-gtm-element-container=\"modulo-texto-link\" class=\"paragraph\">En los compases adjuntos que llevan a estos desarrollos, Curro por fin se ha lanzado a ejecutar su venganza contra Lorenzo, secuestr\u00e1ndolo y encerr\u00e1ndolo en la ya mentada habitaci\u00f3n secreta. Tres acusaciones sobrevuelan al capit\u00e1n: el asesinato de Jana, el suicidio provocado de su madre haci\u00e9ndola enloquecer y su forma de utilizar a \u00c1ngela para hacer que sufriera. Tal es el odio que le tiene que el lacayo llega a apuntarlo con una pistola para que confiese.<\/p>\n<p>        Lee tambi\u00e9n<\/p>\n<p>    Judith del R\u00edo<\/p>\n<p>             <img loading=\"lazy\" decoding=\"async\" data-full-src=\"https:\/\/www.lavanguardia.com\/uploads\/2025\/11\/25\/69256a9af1029.png\" alt=\"Pablo Motos cuenta cu\u00e1les son sus supersticiones.\" width=\"104\" height=\"108\" src=\"https:\/\/www.europesays.com\/es\/wp-content\/uploads\/2025\/12\/69256a9af1029.r_d.545-343.png\" class=\"lazy\"\/><\/p>\n<p data-gtm-element-container=\"modulo-texto-link\" class=\"paragraph\">Sorprendentemente, la grabaci\u00f3n de ese \u201cplano secuencia de 40 p\u00e1ginas\u201d provoc\u00f3 un problema con las autoridades, seg\u00fan cont\u00f3 el int\u00e9rprete de Curro, Xavi Lock: \u201cEsto fue que un viernes Josep me dijo que fuera a su casa para mirar el ensayo porque quer\u00edamos hacer una cosa bastante loca que no se hubiera visto. Entonces fuimos probando y probando y me dio una pistola falsa. Desde su terraza deb\u00edan verme a m\u00ed apuntando y grit\u00e1ndole a Josep como si fuese Guillermo (Lorenzo). Entonces la gente se alert\u00f3 un poco\u201d.<\/p>\n","protected":false},"excerpt":{"rendered":"\u201c1913. El mundo entero est\u00e1 al borde del abismo, pero hay remansos de paz aislados de los conflictos.&hellip;\n","protected":false},"author":2,"featured_media":270199,"comment_status":"","ping_status":"","sticky":false,"template":"","format":"standard","meta":{"footnotes":""},"categories":[91],"tags":[146,147,25,24,23],"class_list":{"0":"post-270198","1":"post","2":"type-post","3":"status-publish","4":"format-standard","5":"has-post-thumbnail","7":"category-entretenimiento","8":"tag-entertainment","9":"tag-entretenimiento","10":"tag-es","11":"tag-espana","12":"tag-spain"},"share_on_mastodon":{"url":"https:\/\/pubeurope.com\/@es\/115659666203746354","error":""},"_links":{"self":[{"href":"https:\/\/www.europesays.com\/es\/wp-json\/wp\/v2\/posts\/270198","targetHints":{"allow":["GET"]}}],"collection":[{"href":"https:\/\/www.europesays.com\/es\/wp-json\/wp\/v2\/posts"}],"about":[{"href":"https:\/\/www.europesays.com\/es\/wp-json\/wp\/v2\/types\/post"}],"author":[{"embeddable":true,"href":"https:\/\/www.europesays.com\/es\/wp-json\/wp\/v2\/users\/2"}],"replies":[{"embeddable":true,"href":"https:\/\/www.europesays.com\/es\/wp-json\/wp\/v2\/comments?post=270198"}],"version-history":[{"count":0,"href":"https:\/\/www.europesays.com\/es\/wp-json\/wp\/v2\/posts\/270198\/revisions"}],"wp:featuredmedia":[{"embeddable":true,"href":"https:\/\/www.europesays.com\/es\/wp-json\/wp\/v2\/media\/270199"}],"wp:attachment":[{"href":"https:\/\/www.europesays.com\/es\/wp-json\/wp\/v2\/media?parent=270198"}],"wp:term":[{"taxonomy":"category","embeddable":true,"href":"https:\/\/www.europesays.com\/es\/wp-json\/wp\/v2\/categories?post=270198"},{"taxonomy":"post_tag","embeddable":true,"href":"https:\/\/www.europesays.com\/es\/wp-json\/wp\/v2\/tags?post=270198"}],"curies":[{"name":"wp","href":"https:\/\/api.w.org\/{rel}","templated":true}]}}