{"id":270204,"date":"2025-12-04T05:36:11","date_gmt":"2025-12-04T05:36:11","guid":{"rendered":"https:\/\/www.europesays.com\/es\/270204\/"},"modified":"2025-12-04T05:36:11","modified_gmt":"2025-12-04T05:36:11","slug":"llorca-manda-a-rovira-a-hacienda-nombra-a-barrachina-portavoz-y-crea-una-conselleria-de-presidencia-con-jose-diez-al-frente","status":"publish","type":"post","link":"https:\/\/www.europesays.com\/es\/270204\/","title":{"rendered":"Llorca manda a Rovira a Hacienda, nombra a Barrachina portavoz y crea una conselleria de Presidencia con Jos\u00e9 D\u00edez al frente"},"content":{"rendered":"<p>VAL\u00c8NCIA. El nuevo president de la Generalitat Valenciana,\u00a0<strong>Juanfran P\u00e9rez Llorca<\/strong>, ha desvelado este mi\u00e9rcoles los departamentos que conformar\u00e1n su Consell, as\u00ed como las figuras que liderar\u00e1n cada una de estas \u00e1reas. En la que ha sido su primera declaraci\u00f3n institucional desde el Palau de la Generalitat, P\u00e9rez Llorca ha presentado un Ejecutivo m\u00e1s amplio que hasta la fecha, con novedades como las consellerias de Presidencia o de Vivienda. El jefe del Consell ha prescindido para el que ser\u00e1 el quinto Consell de\u00a0<strong>Ruth Merino<\/strong>, que ven\u00eda\u00a0ejerciedo desde julio de 2023 las competencias en Econom\u00eda y Hacienda, respectivamente.\u00a0<\/p>\n<p>\u00abNo podemos perder un d\u00eda y el nuevo Consell debe ponerse a trabajar cuanto antes. Ayer, en mi toma de posesi\u00f3n, puse mucho \u00e9nfasis en la vivienda, la juventud y el empleo. Fruto de ello, quiero que la\u00a0Vicepresidencia Primera asuma las competencias de Vivienda, Empleo, Juventud e Igualdad, que estar\u00e1 dirigida por <strong>Susana Camarero<\/strong>\u00ab, ha se\u00f1alado. Camarero, no obstante, dejar\u00e1 de ser la portavoz del Consell, que pasa a ostentar el conseller de Agricultura, Agua, Ganader\u00eda y Pesca, <strong>Miguel Barrachina<\/strong>, que se mantiene en el cargo. Las competencias<\/p>\n<p>La <strong>Vicepresidencia Segunda y Conselleria de Presidencia<\/strong>, es una de las nuevas apuestas de P\u00e9rez Llorca y\u00a0ser\u00e1 dirigida por <strong>Jos\u00e9 D\u00edez Climent,<\/strong> hasta ahora director general de Proyectos Estrat\u00e9gicos, una materia que seguir\u00e1 integrada en este departamento.\u00a0Jos\u00e9 D\u00edez, adem\u00e1s, asumir\u00e1 la secretar\u00eda del Consell. Presidencia, seg\u00fan ha se\u00f1alado P\u00e9rez Llorca,\u00a0asumir\u00e1 la pol\u00edtica ling\u00fc\u00edstica del Consell \u00abpara reforzar el uso y la promoci\u00f3n del valenciano\u00bb, quien adem\u00e1s ha desvelado tres secretarios auton\u00f3micos que conformar\u00e1n su equipo en el Palau:\u00a0<strong>Henar Molinero<\/strong> como secretaria auton\u00f3mica de Presidencia,<strong> Jacobo Navarro<\/strong> <strong>Peralta<\/strong> como secretario auton\u00f3mico de Estudio y Pol\u00edticas P\u00fablicas y\u00a0<strong>Vicente Ordaz Soriano<\/strong> ser\u00e1 el nuevo secretario auton\u00f3mico de Comunicaci\u00f3n. Las competencias en materia de Deportes todo apunta a que seguir\u00e1n en el seno de Presidencia con <strong>Luis Cervera\u00a0<\/strong>a la cabeza.<\/p>\n<p>Respecto a los nuevos secretarios auton\u00f3micos de Presidencia, el jefe del Consell ha explicado\u00a0que ha buscado perfiles \u00abcon solvencia y experiencia\u00bb para la composici\u00f3n de su nuevo equipo en Presidencia. La llegada de Ordaz al Consell implicar\u00e1, por tanto, <a href=\"https:\/\/valenciaplaza.com\/valenciaplaza\/comunitat-valenciana1\/vicente-ordaz-abandona-la-presidencia-de-a-punt-para-dirigir-la-comunicacion-de-perez-llorca\" rel=\"nofollow noopener\" target=\"_blank\">que deje el cargo como presidente del consejo de administraci\u00f3n de \u00c0 Punt<\/a>. Un nombramiento que abre de nuevo el debate sobre la presidencia de la radiotelevisi\u00f3n p\u00fablica y en el que puede que el nuevo president abogue por pactar con los grupos de la oposici\u00f3n su entrada en el consejo de admisitraci\u00f3n de manera conjunta con un hueco en la Mesa de Les Corts para el PSPV y la renovaci\u00f3n de los \u00f3rganos estatutarios.\u00a0<\/p>\n<p><strong>Vicente Mart\u00ednez Mus<\/strong> seguir\u00e1 al frente de Medio ambiente, Infraestructuras y Territorio y con rango de vicepresidente tercero. En este \u00e1rea,\u00a0<strong>Ra\u00fal M\u00e9rida<\/strong>\u00a0ser\u00e1 Comisionado para la Recuperaci\u00f3n, que hasta ahora era secretario auton\u00f3mico de medioambiente. De esta manera, la nueva cabeza visible para la recuperaci\u00f3n tras la Dana una de las principales figuras del departamento que encabeza Mus, que tendr\u00e1 entre sus principales retos la reuni\u00f3n con la comisionada del Gobierno, <strong>Zulima P\u00e9rez<\/strong>, y la reclamaci\u00f3n de una comixi\u00f3n mixtra Consell-Gobierno para la recuperaci\u00f3n.<\/p>\n<p>La Conselleria de Econom\u00eda, Hacienda y Administraci\u00f3n P\u00fablica ser\u00e1 dirigida por <strong>Jos\u00e9 Antonio Rovira <\/strong>que deja Educaci\u00f3n, y sigue\u00a0en el Ejecutivo pese a las dudas que hab\u00eda suscitado su continuidad. Las competencias en materia educativa pasan a ser asumidas <strong>Mar\u00eda del Carmen Ort\u00ed Ferrer<\/strong>. Por otro lado, siguen<strong>\u00a0Miguel Barrachina (Agricultura, que asume la portavoc\u00eda del Consell), Marciano G\u00f3mez (Sanidad),\u00a0Juan Carlos Valderrama (Emergencias), Nuria Mart\u00ednez (Justicia, que asume adem\u00e1s Transparencia) y Marian Cano (Industria).<\/strong><\/p>\n<p>As\u00ed queda el nuevo Consell:<\/p>\n<p>&#8211; Presidencia: <strong>Juanfran P\u00e9rez Llorca<\/strong><\/p>\n<p>&#8211; Vicepresidencia Primera y Conselleria de Vivienda, Empleo, Juventud e Igualdad: <strong>Susana Camarero<\/strong><\/p>\n<p>&#8211; Vicepresidencia Segunda y Conselleria de Presidencia:<strong> Jos\u00e9 D\u00edez Climent<\/strong>. Ha sido director general de Proyectos Estrat\u00e9gicos desde agosto de 2023.\u00a0Ha sido abogado de la Generalitat y asesor jur\u00eddico en varias instituciones, como el Palau de Les Arts.<\/p>\n<p>&#8211; Vicepresidencia Tercera y Conselleria de Medioambiente, Infraestructuras y Territorio:<strong> Vicente Mart\u00ednez Mus<\/strong><\/p>\n<p>&#8211; Conselleria de Econom\u00eda, Hacienda y Administraci\u00f3n P\u00fablica: <strong>Jos\u00e9 Antonio Rovira<\/strong>. Este departamento asume tambi\u00e9n las competencias de simplificaci\u00f3n administrativa.<\/p>\n<p>&#8211; Conselleria de Servicios Sociales, Familia e Infancia:<strong> Elena Albalat<\/strong>.\u00a0Hasta ahora secretaria auton\u00f3mica de Sistemas Sociasanitario. Licenciada en Publicidad y Relaciones P\u00fablicas y ha sido concejal de Onda.<\/p>\n<p>&#8211; Conselleria de Sanidad:<strong> Marciano G\u00f3mez<\/strong><\/p>\n<p>&#8211; Conselleria de Emergencias e Interior: <strong>Juan Carlos Valderrama<\/strong><\/p>\n<p>&#8211; Conselleria de Educaci\u00f3n, Cultura y Universidades: <strong>Mar\u00eda del Carmen Ort\u00edz. <\/strong>Es Diplomada y profesora de educaci\u00f3n general b\u00e1sica, Licenciada en psicopedagog\u00eda, inspectora de educaci\u00f3n de la Generalitat y actualmente directora de la Univesidad popular de Val\u00e8ncia.<\/p>\n<p>&#8211; Conselleria de Agua, Agricultura, Ganader\u00eda y Pesca: <strong>Miguel Barrachina<\/strong><\/p>\n<p>&#8211; Conselleria de Justicia,\u00a0Transparencia y Participaci\u00f3n:<strong> Nuria Mart\u00ednez<\/strong><\/p>\n<p>&#8211; Conselleria de Industria, Comercio y Turismo: <strong>Marian Cano<\/strong><\/p>\n","protected":false},"excerpt":{"rendered":"VAL\u00c8NCIA. El nuevo president de la Generalitat Valenciana,\u00a0Juanfran P\u00e9rez Llorca, ha desvelado este mi\u00e9rcoles los departamentos que conformar\u00e1n&hellip;\n","protected":false},"author":2,"featured_media":270205,"comment_status":"","ping_status":"","sticky":false,"template":"","format":"standard","meta":{"footnotes":""},"categories":[8],"tags":[17,18,25,24,13,14,11,19,20,9,10,15,16,23,12,21,22],"class_list":{"0":"post-270204","1":"post","2":"type-post","3":"status-publish","4":"format-standard","5":"has-post-thumbnail","7":"category-espana","8":"tag-breaking-news","9":"tag-breakingnews","10":"tag-es","11":"tag-espana","12":"tag-featured-news","13":"tag-featurednews","14":"tag-headlines","15":"tag-latest-news","16":"tag-latestnews","17":"tag-news","18":"tag-noticias","19":"tag-noticias-destacadas","20":"tag-noticiasdestacadas","21":"tag-spain","22":"tag-titulares","23":"tag-ultimas-noticias","24":"tag-ultimasnoticias"},"share_on_mastodon":{"url":"https:\/\/pubeurope.com\/@es\/115659681624661879","error":""},"_links":{"self":[{"href":"https:\/\/www.europesays.com\/es\/wp-json\/wp\/v2\/posts\/270204","targetHints":{"allow":["GET"]}}],"collection":[{"href":"https:\/\/www.europesays.com\/es\/wp-json\/wp\/v2\/posts"}],"about":[{"href":"https:\/\/www.europesays.com\/es\/wp-json\/wp\/v2\/types\/post"}],"author":[{"embeddable":true,"href":"https:\/\/www.europesays.com\/es\/wp-json\/wp\/v2\/users\/2"}],"replies":[{"embeddable":true,"href":"https:\/\/www.europesays.com\/es\/wp-json\/wp\/v2\/comments?post=270204"}],"version-history":[{"count":0,"href":"https:\/\/www.europesays.com\/es\/wp-json\/wp\/v2\/posts\/270204\/revisions"}],"wp:featuredmedia":[{"embeddable":true,"href":"https:\/\/www.europesays.com\/es\/wp-json\/wp\/v2\/media\/270205"}],"wp:attachment":[{"href":"https:\/\/www.europesays.com\/es\/wp-json\/wp\/v2\/media?parent=270204"}],"wp:term":[{"taxonomy":"category","embeddable":true,"href":"https:\/\/www.europesays.com\/es\/wp-json\/wp\/v2\/categories?post=270204"},{"taxonomy":"post_tag","embeddable":true,"href":"https:\/\/www.europesays.com\/es\/wp-json\/wp\/v2\/tags?post=270204"}],"curies":[{"name":"wp","href":"https:\/\/api.w.org\/{rel}","templated":true}]}}