{"id":270206,"date":"2025-12-04T05:37:54","date_gmt":"2025-12-04T05:37:54","guid":{"rendered":"https:\/\/www.europesays.com\/es\/270206\/"},"modified":"2025-12-04T05:37:54","modified_gmt":"2025-12-04T05:37:54","slug":"estabamos-superbien-la-relacion-era-muy-buena","status":"publish","type":"post","link":"https:\/\/www.europesays.com\/es\/270206\/","title":{"rendered":"Est\u00e1bamos superbi\u00e9n, la relaci\u00f3n era muy buena"},"content":{"rendered":"<p class=\"c-paragraph\">Los familiares de Sharit, la ni\u00f1a de 16 a\u00f1os que fue encontrada muerta el s\u00e1bado en <a href=\"https:\/\/www.20minutos.es\/tags\/temas\/el-tiempo-jaen.html\" title=\"El tiempo Ja\u00e9n\" rel=\"nofollow noopener\" target=\"_blank\">Ja\u00e9n <\/a>junto a su amiga Rosmed, de 15, sigue sin creer el tr\u00e1gico desenlace. Tras las sospechas vertidas por los padres, su novio ha asegurado recientemente que ambos estaban pasando por una buena racha. <b>\u00abEst\u00e1bamos s\u00faper bien y la relaci\u00f3n era s\u00faper buena\u00bb<\/b>, tal y como explic\u00f3 el chico a <a href=\"https:\/\/www.elmundo.es\/andalucia\/2025\/12\/03\/692f316521efa075078b457e.html\" rel=\"nofollow noreferrer noopener\" target=\"_blank\">El Mundo<\/a>.\u00a0<\/p>\n<p class=\"c-paragraph\">Estas declaraciones no hacen m\u00e1s que alimentar las sospechas de los padres, quienes han asegurado que ella nunca se habr\u00eda suicidado. El pasado lunes, antes los medios de comunicaci\u00f3n, Claudia, madre de Sharit, asegur\u00f3 que <b>\u00abel tel\u00e9fono estaba manipulado\u00bb<\/b>: \u00abHasta un tonto puede verlo\u00bb.\u00a0<\/p>\n<p class=\"c-paragraph\">Revel\u00f3 que, los mensajes que los familiares le enviaron a Sharit<b> se marcaron como \u00able\u00eddos\u00bb<\/b> horas despu\u00e9s, \u00aba las 23.38\u00bb, cuando se supone que ya estaban muertas, seg\u00fan indic\u00f3. \u00abEntonces yo me vuelvo loca\u00bb, advirti\u00f3, pensando que su hija le coger\u00eda el tel\u00e9fono, pero, a pesar de llamarla varias veces, nunca obtuvo respuesta.\u00a0<\/p>\n<p>\u00abLos m\u00f3viles estaban como si nada\u00bb<\/p>\n<p class=\"c-paragraph\">Horas despu\u00e9s fueron los padres quienes encontraron los cuerpos en el parque. All\u00ed, apunta Claudia, pudieron comprobar como \u00ab<b>los m\u00f3viles estaban en sus bolsillos como si nada\u00bb<\/b>. Eran las 1.30 horas. Las incongruencias de las que sospechan el novio y la madre apuntan en la misma l\u00ednea a las de Alexander, padre de la menor.\u00a0<\/p>\n<p class=\"c-paragraph\">Seg\u00fan apunt\u00f3, podr\u00eda haber \u00abterceras personas implicadas\u00bb:\u00a0<b>\u00abNuestra ni\u00f1a nunca har\u00eda algo as\u00ed\u00bb. <\/b>El progenitor mostr\u00f3 su desconcierto y pidi\u00f3 que se investigue el caso hasta \u00abllegar a la verdad\u00bb porque ve \u00abincoherencias\u00bb y no comparte que se trate de un suicidio pactado. \u00ab<b><b><b><b>Quieren montar el suicidio perfecto<\/b><\/b><\/b><\/b>, cuando es el homicidio perfecto\u00bb, dijo en declaraciones al programa\u00a0Hoy en d\u00eda,\u00a0de Canal Sur Televisi\u00f3n.\u00a0<\/p>\n<p class=\"c-paragraph\">Hiz\u00f3 hincapi\u00e9 en que\u00a0<b><b><b><b>era una \u00abni\u00f1a feliz\u00bb<\/b><\/b><\/b><\/b>, que no sufr\u00eda de depresi\u00f3n ni tampoco de acoso en el instituto, donde cursaba un ciclo de peluquer\u00eda y est\u00e9tica. \u00ab<b><b>N<\/b><\/b><b><b>o ten\u00eda problemas<\/b><\/b>\u00a0de autoestima\u00bb, advirti\u00f3, indicando que para el fin de semana su hija ten\u00eda planes con sus amigos y con su novio. \u00abNunca hab\u00eda sido tan feliz como ahora, llevaba unos meses con\u00a0<b><b>su primer novio y estaba muy contenta\u00bb,<\/b><\/b>\u00a0coment\u00f3 tambi\u00e9n a las puertas del tanatorio una familiar, de acuerdo con el mismo medio.<\/p>\n","protected":false},"excerpt":{"rendered":"Los familiares de Sharit, la ni\u00f1a de 16 a\u00f1os que fue encontrada muerta el s\u00e1bado en Ja\u00e9n junto&hellip;\n","protected":false},"author":2,"featured_media":270207,"comment_status":"","ping_status":"","sticky":false,"template":"","format":"standard","meta":{"footnotes":""},"categories":[5],"tags":[17,18,25,24,13,14,11,4207,19,20,33760,9,3625,10,15,16,25265,23,12,21,22,20877],"class_list":{"0":"post-270206","1":"post","2":"type-post","3":"status-publish","4":"format-standard","5":"has-post-thumbnail","7":"category-titulares","8":"tag-breaking-news","9":"tag-breakingnews","10":"tag-es","11":"tag-espana","12":"tag-featured-news","13":"tag-featurednews","14":"tag-headlines","15":"tag-las","16":"tag-latest-news","17":"tag-latestnews","18":"tag-muertas","19":"tag-news","20":"tag-ninas","21":"tag-noticias","22":"tag-noticias-destacadas","23":"tag-noticiasdestacadas","24":"tag-novio","25":"tag-spain","26":"tag-titulares","27":"tag-ultimas-noticias","28":"tag-ultimasnoticias","29":"tag-una"},"share_on_mastodon":{"url":"https:\/\/pubeurope.com\/@es\/115659689357466045","error":""},"_links":{"self":[{"href":"https:\/\/www.europesays.com\/es\/wp-json\/wp\/v2\/posts\/270206","targetHints":{"allow":["GET"]}}],"collection":[{"href":"https:\/\/www.europesays.com\/es\/wp-json\/wp\/v2\/posts"}],"about":[{"href":"https:\/\/www.europesays.com\/es\/wp-json\/wp\/v2\/types\/post"}],"author":[{"embeddable":true,"href":"https:\/\/www.europesays.com\/es\/wp-json\/wp\/v2\/users\/2"}],"replies":[{"embeddable":true,"href":"https:\/\/www.europesays.com\/es\/wp-json\/wp\/v2\/comments?post=270206"}],"version-history":[{"count":0,"href":"https:\/\/www.europesays.com\/es\/wp-json\/wp\/v2\/posts\/270206\/revisions"}],"wp:featuredmedia":[{"embeddable":true,"href":"https:\/\/www.europesays.com\/es\/wp-json\/wp\/v2\/media\/270207"}],"wp:attachment":[{"href":"https:\/\/www.europesays.com\/es\/wp-json\/wp\/v2\/media?parent=270206"}],"wp:term":[{"taxonomy":"category","embeddable":true,"href":"https:\/\/www.europesays.com\/es\/wp-json\/wp\/v2\/categories?post=270206"},{"taxonomy":"post_tag","embeddable":true,"href":"https:\/\/www.europesays.com\/es\/wp-json\/wp\/v2\/tags?post=270206"}],"curies":[{"name":"wp","href":"https:\/\/api.w.org\/{rel}","templated":true}]}}