{"id":270228,"date":"2025-12-04T05:59:12","date_gmt":"2025-12-04T05:59:12","guid":{"rendered":"https:\/\/www.europesays.com\/es\/270228\/"},"modified":"2025-12-04T05:59:12","modified_gmt":"2025-12-04T05:59:12","slug":"trump-dice-que-putin-quiere-terminar-la-guerra-en-ucrania-pese-a-conversaciones-inconclusas","status":"publish","type":"post","link":"https:\/\/www.europesays.com\/es\/270228\/","title":{"rendered":"Trump dice que Putin quiere terminar la guerra en Ucrania pese a conversaciones inconclusas"},"content":{"rendered":"<p>    <img src=\"https:\/\/www.europesays.com\/es\/wp-content\/uploads\/2025\/12\/1764827952_42_2025-12-03T143A303A58Z-90578244.jpg\" width=\"1024\" height=\"682\" alt=\"\" loading=\"eager\" decoding=\"sync\" fetchpriority=\"high\"\/><\/p>\n<p>            afp_tickers        <\/p>\n<p>        Este contenido fue publicado en    <\/p>\n<p>        04 diciembre 2025 &#8211; 00:34\n<\/p>\n<p>El presidente Donald Trump dijo el mi\u00e9rcoles que Vladimir Putin quiere poner fin a la guerra de casi cuatro a\u00f1os en Ucrania, pese a las recientes conversaciones inconclusas entre el mandatario ruso y negociadores estadounidenses.<\/p>\n<p>Putin se reuni\u00f3 el martes en Mosc\u00fa con el emisario norteamericano Steve Witkoff y con Jared Kushner, el yerno de Trump.<\/p>\n<p>Sin embargo, el encuentro no desemboc\u00f3 en ning\u00fan avance concreto para poner fin al conflicto desencadenado por una ofensiva del Kremlin en 2022.\u00a0<\/p>\n<p>Estados Unidos lleva semanas intentando que ambos bandos acepten un plan elaborado por Washington para acabar con las hostilidades. El primer borrador fue enmendado tras ser criticado por considerarse demasiado favorable a Rusia.<\/p>\n<p>\u00abAyer (martes) tuvieron una reuni\u00f3n muy buena con el presidente Putin\u00bb, dijo Trump cuando un reportero de la AFP le pregunt\u00f3 en el Despacho Oval c\u00f3mo hab\u00edan ido las negociaciones. \u00ab\u00bfQu\u00e9 se ha conseguido con esa reuni\u00f3n? No sabr\u00eda decirlo\u00bb, a\u00f1adi\u00f3.<\/p>\n<p>\u00abSu impresi\u00f3n fue\u2026 que le gustar\u00eda que la guerra terminara\u00bb, indic\u00f3 Trump el mi\u00e9rcoles sobre la imagen del l\u00edder ruso que tuvieron sus representantes en el encuentro.<\/p>\n<p>\u00abSu impresi\u00f3n fue muy fuerte de que le gustar\u00eda llegar a un acuerdo\u00bb, a\u00f1adi\u00f3 el republicano.<\/p>\n<p>Sus emisarios Witkoff y Kushner se reunir\u00e1n el jueves en Florida con el negociador de Kiev, Rustem Umerov, inform\u00f3 un alto cargo de Estados Unidos bajo condici\u00f3n de anonimato.<\/p>\n<p>Tras la reuni\u00f3n del martes, el asesor diplom\u00e1tico de Putin, Yuri Ushakov, consider\u00f3 que los\u00a0recientes \u00ab\u00e9xitos\u00bb del ej\u00e9rcito ruso en el campo de batalla \u00abinfluyeron\u00bb en las conversaciones.<\/p>\n<p>Seg\u00fan Ushakov, la \u00abcuesti\u00f3n clave\u00bb de la participaci\u00f3n de Kiev en la Organizaci\u00f3n del Tratado del Atl\u00e1ntico Norte (OTAN), a la que Mosc\u00fa se opone categ\u00f3ricamente, tambi\u00e9n se abord\u00f3 en las conversaciones.<\/p>\n<p>El ucraniano Umerov se reuni\u00f3 a su vez con asesores de seguridad europeos en Bruselas.<\/p>\n<p>\u00abLes di a mis colegas informaci\u00f3n detallada sobre las negociaciones en Ginebra y Florida, y sobre los pr\u00f3ximos pasos en el proceso diplom\u00e1tico\u00bb, dijo Umerov, en referencia a las \u00faltimas negociaciones en las que particip\u00f3.\u00a0<\/p>\n<p>\u00abEs importante que Europa siga participando activamente en esto\u00bb, a\u00f1adi\u00f3.<\/p>\n<p>\u2013 \u00abNinguna soluci\u00f3n de compromiso\u00bb \u2013<\/p>\n<p>La intensa actividad diplom\u00e1tica no ha logrado alcanzar un acuerdo sobre la cuesti\u00f3n clave de los territorios. Rusia reclama que Kiev le ceda completamente la regi\u00f3n de Donetsk, en el este de Ucrania, el epicentro de los combates.<\/p>\n<p>Rusia controla aproximadamente el 19\u202f% de Ucrania.\u00a0Sin embargo, sobre esta cuesti\u00f3n, \u00abtodav\u00eda no se ha adoptado ninguna soluci\u00f3n de compromiso\u00bb, aunque \u00abalgunas propuestas estadounidenses pueden ser discutidas\u00bb, declar\u00f3 el asesor diplom\u00e1tico del Kremlin, Yuri Ushakov.<\/p>\n<p>Por su parte, el portavoz del Kremlin, Dmitri Peskov, afirm\u00f3 el mi\u00e9rcoles que Mosc\u00fa est\u00e1 dispuesto a reunirse \u00abtantas veces como sea necesario\u00bb con delegados estadounidenses para encontrar una salida al conflicto.<\/p>\n<p>\u2013 Amenazas de Putin \u2013<\/p>\n<p>Putin amenaz\u00f3 a los europeos, al acusarlos de tratar de \u00abimpedir\u00bb los esfuerzos de Washington para poner fin al conflicto.<\/p>\n<p>\u00abNo tenemos intenci\u00f3n de ir a la guerra con Europa, pero si Europa quiere y empieza, estamos listos\u00bb, declar\u00f3 a los periodistas en el marco de un foro econ\u00f3mico.<\/p>\n<p>La diplomacia alemana consider\u00f3 el mi\u00e9rcoles que Rusia no est\u00e1 \u00aben modo negociaci\u00f3n\u00bb.<\/p>\n<p>La presidenta de la Comisi\u00f3n Europea, Ursula von der Leyen, present\u00f3 por su parte el plan de la Uni\u00f3n Europea para financiar a Ucrania durante dos a\u00f1os y \u00abponerla en una posici\u00f3n de fuerza\u00bb en las negociaciones con Mosc\u00fa.<\/p>\n<p>Los europeos temen que la administraci\u00f3n Trump pueda sacrificar la soberan\u00eda de Ucrania, considerada como un baluarte frente a Rusia.<\/p>\n<p>En el frente, las fuerzas rusas, m\u00e1s numerosas, contin\u00faan avanzando de forma constante, aunque lenta, en algunos sectores.<\/p>\n<p>Las tropas de Mosc\u00fa reivindicaron el lunes la toma de la ciudad de Pokrovsk, en el este de Ucrania, un cruce clave para Kiev, as\u00ed como la de Vovchansk, en el noreste. Sin embargo Ucrania asegura que contin\u00faan los combates en Pokrovsk.<\/p>\n<p>bur-rco\/sag\/pc\/atm\/nn<\/p>\n","protected":false},"excerpt":{"rendered":"afp_tickers Este contenido fue publicado en 04 diciembre 2025 &#8211; 00:34 El presidente Donald Trump dijo el mi\u00e9rcoles&hellip;\n","protected":false},"author":2,"featured_media":270229,"comment_status":"","ping_status":"","sticky":false,"template":"","format":"standard","meta":{"footnotes":""},"categories":[42],"tags":[635,17,18,636,83,13,14,11,61,62,63,86,64,19,20,9,10,15,16,88,90,12,21,22,65,66,67],"class_list":{"0":"post-270228","1":"post","2":"type-post","3":"status-publish","4":"format-standard","5":"has-post-thumbnail","7":"category-internacional","8":"tag-armed-conflict","9":"tag-breaking-news","10":"tag-breakingnews","11":"tag-conflict","12":"tag-diplomacy","13":"tag-featured-news","14":"tag-featurednews","15":"tag-headlines","16":"tag-internacional","17":"tag-international","18":"tag-international-news","19":"tag-international-relations","20":"tag-internationalnews","21":"tag-latest-news","22":"tag-latestnews","23":"tag-news","24":"tag-noticias","25":"tag-noticias-destacadas","26":"tag-noticiasdestacadas","27":"tag-politics","28":"tag-ticker","29":"tag-titulares","30":"tag-ultimas-noticias","31":"tag-ultimasnoticias","32":"tag-world","33":"tag-world-news","34":"tag-worldnews"},"share_on_mastodon":{"url":"https:\/\/pubeurope.com\/@es\/115659772661269490","error":""},"_links":{"self":[{"href":"https:\/\/www.europesays.com\/es\/wp-json\/wp\/v2\/posts\/270228","targetHints":{"allow":["GET"]}}],"collection":[{"href":"https:\/\/www.europesays.com\/es\/wp-json\/wp\/v2\/posts"}],"about":[{"href":"https:\/\/www.europesays.com\/es\/wp-json\/wp\/v2\/types\/post"}],"author":[{"embeddable":true,"href":"https:\/\/www.europesays.com\/es\/wp-json\/wp\/v2\/users\/2"}],"replies":[{"embeddable":true,"href":"https:\/\/www.europesays.com\/es\/wp-json\/wp\/v2\/comments?post=270228"}],"version-history":[{"count":0,"href":"https:\/\/www.europesays.com\/es\/wp-json\/wp\/v2\/posts\/270228\/revisions"}],"wp:featuredmedia":[{"embeddable":true,"href":"https:\/\/www.europesays.com\/es\/wp-json\/wp\/v2\/media\/270229"}],"wp:attachment":[{"href":"https:\/\/www.europesays.com\/es\/wp-json\/wp\/v2\/media?parent=270228"}],"wp:term":[{"taxonomy":"category","embeddable":true,"href":"https:\/\/www.europesays.com\/es\/wp-json\/wp\/v2\/categories?post=270228"},{"taxonomy":"post_tag","embeddable":true,"href":"https:\/\/www.europesays.com\/es\/wp-json\/wp\/v2\/tags?post=270228"}],"curies":[{"name":"wp","href":"https:\/\/api.w.org\/{rel}","templated":true}]}}