{"id":270238,"date":"2025-12-04T06:12:22","date_gmt":"2025-12-04T06:12:22","guid":{"rendered":"https:\/\/www.europesays.com\/es\/270238\/"},"modified":"2025-12-04T06:12:22","modified_gmt":"2025-12-04T06:12:22","slug":"del-palacio-al-granero-todas-las-opciones-de-sarah-ferguson-tras-dejar-royal-lodge","status":"publish","type":"post","link":"https:\/\/www.europesays.com\/es\/270238\/","title":{"rendered":"Del palacio al granero, todas las opciones de Sarah Ferguson tras dejar Royal Lodge"},"content":{"rendered":"<p id=\"et9_WVeMMK\" data-wc=\"131\">La vida de \u00a0Andr\u00e9s Mountbatten-Windsor ha cambiado mucho en las \u00faltimas semanas y la principal v\u00edctima colateral ha sido<strong> Sarah Ferguson<\/strong>, quien lo ha perdido pr\u00e1cticamente todo con la ca\u00edda en desgracia del que fue su marido durante seis a\u00f1os, hasta 1992. A pesar de su separaci\u00f3n, su relaci\u00f3n sigue siendo magn\u00edfica y han convivido durante mucho tiempo en Royal Lodge, residencia de la que se preparan para salir. Aunque algunas voces apuntaban a que seguir\u00edan compartiendo techo en otra propiedad, finalmente emprenden caminos diferentes: su divorcio se hace oficial tres d\u00e9cadas despu\u00e9s. <a class=\"hm-link ho-link\" href=\"https:\/\/www.hola.com\/realeza\/casa_inglesa\/20251030864768\/principe-andres-nueva-casa-tras-royal-lodge-perder-titulos\/\" data-mrf-recirculation=\"article-body-link\" rel=\"nofollow noopener\" target=\"_blank\">Carlos III proporcionar\u00e1 una vivienda privada<\/a> en los terrenos de Sandringham a su hermano, pero <strong>su excu\u00f1ada deber\u00e1 hacerse cargo de su futuro y son muchas (y muy variadas) las opciones que se barajan para sus pr\u00f3ximos pasos.<\/strong><\/p>\n<p> <img src=\"https:\/\/www.europesays.com\/es\/wp-content\/uploads\/2025\/12\/d13942db318c-gettyimages-1157455201.jpg\"   width=\"1024\" height=\"705\" loading=\"lazy\" decoding=\"async\" alt=\"Sarah Ferguson y el exprincipe Andr\u00e9s, en una imagen de archivo\" fetchpriority=\"auto\" class=\"image ho-image\"\/>\u00a9 Getty ImagesSarah Ferguson y el exprincipe Andr\u00e9s, en una imagen de archivo<br \/>\nEl exclusivo b\u00fanker de Eugenia de York en Portugal<\/p>\n<p id=\"eCo_gB6RWM\" data-wc=\"150\">Una de las posibilidades es que Sarah Ferguson deje Reino Unido y se instale en Portugal, pa\u00eds en el que su hija Eugenia y \u00a0Jack Brooksbank <a class=\"hm-link ho-link\" href=\"https:\/\/www.hola.com\/realeza\/casa_inglesa\/20220601210850\/eugenia-york-jack-brooksbank-mudanza-portugal\/\" data-mrf-recirculation=\"article-body-link\" rel=\"nofollow noopener\" target=\"_blank\">tienen una lujosa mansi\u00f3n<\/a>. Se trata de u<strong>na vivienda ubicada en el exclusivo resort Costa Terra Golf and Ocean Club, a una hora al sur de Lisboa y con vecinos tan conocidos como el dise\u00f1ador franc\u00e9s Christian Loboutin,<\/strong> la actriz Alicia Vikander o el piloto de F\u00f3rmula 1 Max Verstappen. Adem\u00e1s, en la zona veranean personalidades como Jeff Bezos, los hijos de Carolina de M\u00f3naco, el matrimonio formado por Nicolas Sarkozy y Carla Bruni o la marquesa de Gri\u00f1\u00f3n, entre otros.<br \/>Con el Atl\u00e1ntico como tel\u00f3n de fondo, entre las localidades de Melides y Comporta, este complejo garantiza la privacidad y tiene numerosas comodidades como su propio campo de golf, gimnasio y spa. Ofrece adem\u00e1s actividades de pesca, senderismo as\u00ed como aventuras terrestres y mar\u00edtima.<\/p>\n<p> <img src=\"https:\/\/www.europesays.com\/es\/wp-content\/uploads\/2025\/12\/4f715e7c1c84-gettyimages-1681414754.jpg\"   width=\"702\" height=\"1024\" loading=\"lazy\" decoding=\"async\" alt=\"Las dos hijas de Sarah Ferguson son su m\u00e1ximo apoyo\" fetchpriority=\"auto\" class=\"image ho-image\"\/>\u00a9 Getty ImagesLas dos hijas de Sarah Ferguson son su m\u00e1ximo apoyo<br \/>\nEl granero de Beatriz<\/p>\n<p id=\"eS9CtRY_Vr\" data-wc=\"154\">Tambi\u00e9n suena con fuerza la opci\u00f3n de que se mude a la casa de los Cotswolds de la princesa Beatriz y Edardo Mapelli.<strong> La vivienda tiene un peque\u00f1o cobertizo que antiguamente se usaba para el ganado y que ha sido rehabilitado: ahora tiene una habitaci\u00f3n, est\u00e1 equipado con nuevas puertas y ventanas, se ha hecho una \u00abrenovaci\u00f3n y recableado\u00bb<\/strong>, tiene nuevos canalones y una caldera de gas, lo que ha invitado a pensar que Sarah se mude antes de Navidad. Esta casa cuenta con su propia entrada, lo que dar\u00eda independencia a Sarah Ferguson. \u00abSer\u00eda perfecto para la ex duquesa, ya que est\u00e1 cerca de su hija, pero tambi\u00e9n es completamente independiente de la casa principal donde viven Beatrice y Eduardo.&#8217;Sarah podr\u00eda simplemente caminar unos metros y ser ni\u00f1era en el lugar para Sienna, a quien adora, y con Eugenie viviendo en Portugal, tiene todo el sentido\u00bb, ha deslizado a Daily Mail una fuente.<\/p>\n<p> <img src=\"https:\/\/www.europesays.com\/es\/wp-content\/uploads\/2025\/10\/144fa8636ffc-gettyimages-2220645021.jpg\"   width=\"831\" height=\"1024\" loading=\"lazy\" decoding=\"async\" alt=\"A la madre de las princesas Beatriz y Eugenia de York le est\u00e1 pasando factura sus vinculaciones con Epstein\" fetchpriority=\"auto\" class=\"image ho-image\"\/>\u00a9 Getty ImagesBeatriz de York ha ofrecido a su madre mudarse con ella<br \/>\nAustralia con su hermana<\/p>\n<p id=\"edJm2FEYtt\" data-wc=\"81\">Otras voces apuntan a que no hay una decisi\u00f3n definitiva, pero que s\u00ed tiene claro que no aceptar\u00e1 ninguna de las propuestas de sus hijas porque \u00abcontinuar\u00e1 llevando una vida independiente\u00bb. Incluso hay quienes apuestan a que <strong>podr\u00eda poner tierra de por medio y pasar largas temporadas en Australia, donde vive Jane, su hermana<\/strong>, que a su vez es su persona de m\u00e1xima confianza. De hecho, a finales de octubre vol\u00f3 a Reino Unido para apoyarla en plena ola de pol\u00e9mica.<\/p>\n<p> <img src=\"https:\/\/www.europesays.com\/es\/wp-content\/uploads\/2025\/11\/5b0e212e0b8a-gettyimages-1874164440.jpg\"   width=\"1080\" height=\"1800\" loading=\"lazy\" decoding=\"async\" alt=\"Sarah Ferguson en la \u00faltima Navidad que fue invitada a Sandringham\" fetchpriority=\"auto\" class=\"image ho-image\"\/>\u00a9 Getty Images<br \/>\nUna nueva entrevista de la venganza<\/p>\n<p id=\"eK0FHplWG3\" data-wc=\"148\">Sarah Ferguson vive una de sus etapas m\u00e1s complicadas. Ha perdido la casa que compart\u00eda con el padre de sus hijas, el t\u00edtulo de Duquesa de York que segu\u00eda utilizando y su trabajo como escritora infantil. Se presupone que tambi\u00e9n acaban aqu\u00ed sus lazos con la realeza y la alta sociedad. En medio de las inc\u00f3gnitas sobre su futuro, suena con fuerza la idea de que podr\u00eda estar negociando una entrevista bomba con Oprah Winfrey. Desde The Sun aseguran que \u00abtiene sobre la mesa una oferta televisiva de seis cifras\u00bb. Estamos as\u00ed ante la posibilidad de <a class=\"hm-link ho-link\" href=\"https:\/\/www.hola.com\/realeza\/casa_inglesa\/20251124869119\/windsor-temen-entrevista-sarah-ferguson-ofertas-de-seis-cifras\/\" data-mrf-recirculation=\"article-body-link\" rel=\"nofollow noopener\" target=\"_blank\">una nueva entrevista de la venganza<\/a>, despu\u00e9s de las que ofrecieron Diana de Gales, los duques de Sussex y la propia Ferguson. <strong>Los Windsor estar\u00edan inquietos ante esta posibilidad porque temen que, ahora que est\u00e1 fuera de la familia real, se vuelva \u00abdeshonesta\u00bb o \u00abrebelde\u00bb, pero \u00abno pueden hacer mucho para detenerla\u00bb. <\/strong><\/p>\n<p><\/p>\n<p id=\"eleAkahE0_n\" data-wc=\"0\">\u00a0<\/p>\n","protected":false},"excerpt":{"rendered":"La vida de \u00a0Andr\u00e9s Mountbatten-Windsor ha cambiado mucho en las \u00faltimas semanas y la principal v\u00edctima colateral ha&hellip;\n","protected":false},"author":2,"featured_media":270239,"comment_status":"","ping_status":"","sticky":false,"template":"","format":"standard","meta":{"footnotes":""},"categories":[174],"tags":[255,146,147,25,24,256,1027,6856,12767,23],"class_list":{"0":"post-270238","1":"post","2":"type-post","3":"status-publish","4":"format-standard","5":"has-post-thumbnail","7":"category-famosos","8":"tag-celebrities","9":"tag-entertainment","10":"tag-entretenimiento","11":"tag-es","12":"tag-espana","13":"tag-famosos","14":"tag-realeza","15":"tag-realeza-inglesa","16":"tag-sarah-ferguson","17":"tag-spain"},"share_on_mastodon":{"url":"https:\/\/pubeurope.com\/@es\/115659823508598223","error":""},"_links":{"self":[{"href":"https:\/\/www.europesays.com\/es\/wp-json\/wp\/v2\/posts\/270238","targetHints":{"allow":["GET"]}}],"collection":[{"href":"https:\/\/www.europesays.com\/es\/wp-json\/wp\/v2\/posts"}],"about":[{"href":"https:\/\/www.europesays.com\/es\/wp-json\/wp\/v2\/types\/post"}],"author":[{"embeddable":true,"href":"https:\/\/www.europesays.com\/es\/wp-json\/wp\/v2\/users\/2"}],"replies":[{"embeddable":true,"href":"https:\/\/www.europesays.com\/es\/wp-json\/wp\/v2\/comments?post=270238"}],"version-history":[{"count":0,"href":"https:\/\/www.europesays.com\/es\/wp-json\/wp\/v2\/posts\/270238\/revisions"}],"wp:featuredmedia":[{"embeddable":true,"href":"https:\/\/www.europesays.com\/es\/wp-json\/wp\/v2\/media\/270239"}],"wp:attachment":[{"href":"https:\/\/www.europesays.com\/es\/wp-json\/wp\/v2\/media?parent=270238"}],"wp:term":[{"taxonomy":"category","embeddable":true,"href":"https:\/\/www.europesays.com\/es\/wp-json\/wp\/v2\/categories?post=270238"},{"taxonomy":"post_tag","embeddable":true,"href":"https:\/\/www.europesays.com\/es\/wp-json\/wp\/v2\/tags?post=270238"}],"curies":[{"name":"wp","href":"https:\/\/api.w.org\/{rel}","templated":true}]}}