{"id":270242,"date":"2025-12-04T06:15:09","date_gmt":"2025-12-04T06:15:09","guid":{"rendered":"https:\/\/www.europesays.com\/es\/270242\/"},"modified":"2025-12-04T06:15:09","modified_gmt":"2025-12-04T06:15:09","slug":"silencio-eduardo-casanova-se-pone-clasico-sin-perder-locura-con-su-viaje-vampirico-al-vih-y-al-dolor-de-la-eternidad-el-pais","status":"publish","type":"post","link":"https:\/\/www.europesays.com\/es\/270242\/","title":{"rendered":"\u2018Silencio\u2019: Eduardo Casanova se pone cl\u00e1sico, sin perder locura, con su viaje vamp\u00edrico al VIH y al dolor de la eternidad &#8211; EL PA\u00cdS"},"content":{"rendered":"<ol>\n<li><a href=\"https:\/\/news.google.com\/rss\/articles\/CBMi_gFBVV95cUxQWXdhSG9yeTZhNGdoaF81UEw5MHM2Rm52RzZJcldCalpEcVFsVV9zeXl2TDkxbkE5bEpHRnUtWUFGQ3BUbDdhYzBUc3E3aTlRUk9DNWxnaWN2SzhtVXBCa21EY2JCaE9PTzlMRXRjbGhqVFdtRFRNZGtXOFo2YVowS2ZEVG1hMmZOU2VpWGhOYm5hQjVlcTFZYndHYjEtX2JELXBRUHZNakl3WXV5UEpGZm1EeWo2elJuZUhVcHNvdVM5Zl8zN0FEc3RFZkZkdW5teENZcUVBTEI1MHBzWTZyMW5qYnVYbHZQNlRoRXlYdUk2NnNSNjFxLVRsLTFhUdIBkgJBVV95cUxOSERwWlJkMmh6bEFCMWd6X3RsX0F3WDRYMUJxNmRscXo1b3JNSVRXRDNXQlBMY0ZwYk5temNOck9id0xuTDRPdlZHVGFlVG9PZFBfb1I1NUptU3NWblp6QVFKMERMeS1RUFo1cXNGbHZHSnJCLUY5SUZpVk9Wck15NFBFVVgwLW96OVNBZjlvXy1NcjU3ZjV6a0RwNV83UWVNOG9IWmt4TG9MMFNVNVlnTWpEcHFsUFJhMURpanQwT0t4MXN1SDE3YmRTb0swZ2F2c1gtaVpxVm5vOWxrTFJLeXFhamdhR0pPRGdxLXdfTkpHaXVvOUttZjB0T1lwVm1Gb1JIeDF0WHFiLWt3R0ZSYmFn?oc=5\" target=\"_blank\" rel=\"nofollow noopener\">\u2018Silencio\u2019: Eduardo Casanova se pone cl\u00e1sico, sin perder locura, con su viaje vamp\u00edrico al VIH y al dolor de la eternidad<\/a>&nbsp;&nbsp;EL PA\u00cdS<\/li>\n<li><a href=\"https:\/\/news.google.com\/rss\/articles\/CBMiuAFBVV95cUxQZGNsZ1pNbWdJVGM5QTVVdFR6T3ZkRWtkRF9HcGFrNTJmQ3VKSERLZ0pwbXVPN25GNXJtV0Jhd29pc1l3TlZvcXd0S040a3hNeDl1UENMUEgtUjlLcHJ5RUxGRjRVVTJYX0ttTEhXdHVzOFhYSXJ0M0N5TXg5ZmR0cGtDem4xTkJ0NWxIZGpoOVRhVjl6dW1ORG1wRTNZN01KRGlBNmFZWTBDSWJwRzh2R3JOVXliZjdh?oc=5\" target=\"_blank\" rel=\"nofollow noopener\">\u00abRompe tab\u00faes y estigmas\u00bb: La serie de fantas\u00eda de solo 3 episodios de la que todo el mundo est\u00e1 hablando en Movistar Plus+<\/a>&nbsp;&nbsp;Fotogramas<\/li>\n<li><a href=\"https:\/\/news.google.com\/rss\/articles\/CBMi7wFBVV95cUxNZGhUNktQa21jNjN2T0RMZjI0bUZpWkQtTWREUkFBbU95cThLX3JBSU9oLUxlajcwRThXSjdMZm8yaW96QkIxc3JzZEtDU3MxMjRXdEh3VUh5NVU3WTd3anhxME5wazNrVkJLUU5TTDBCeTdwekRSV0VKUk8tMHdfd3U3M0VTWC15bEY2MkVJMXF3eFJNbFBrYVdqY200S3duc1Z0NlQyZi13dG56RHRnSE5lVzF5YXZ5OXlORGVaMVIxZXdQdXJyRVU4enFuc1NBNTNXTGhFY1JyNFhKUl9TUDRqN2JsNXV2M2N4MEVQQQ?oc=5\" target=\"_blank\" rel=\"nofollow noopener\">Eduardo Casanova se reinventa con &#8216;Silencio&#8217;: \u00abYa solo quiero hacer comedias, ser el Santiago Segura homosexual\u00bb<\/a>&nbsp;&nbsp;elDiario.es<\/li>\n<li><a href=\"https:\/\/news.google.com\/rss\/articles\/CBMisgFBVV95cUxPRUFMTmF2dmRVajBuVmFtNENub0I2Mmh2MUhYMjFuZTljSVNEM1YwbC1lQmwtQXFQQkhOT0NDU1ZmcVRwRmM4SVhHVDRpenRpX09CRXFHcEUybXowT1F2UU1RS29TWmp6MDhwdGN6S09sUC0wRGxfaFQ5X2F3Yk4yVjF2SkRTS1NMMkJTZllSM3I3TDJlNm41ekstajZpUEI4eWFlLUt6OGtxTS1iYkJPWkF3?oc=5\" target=\"_blank\" rel=\"nofollow noopener\">Entrevista completa a Eduardo Casanova, director de la serie &#8216;Silencio&#8217;<\/a>&nbsp;&nbsp;ABC<\/li>\n<li><a href=\"https:\/\/news.google.com\/rss\/articles\/CBMibkFVX3lxTE1LcnNRd2VocUphc2dMVkxSZFZRRERCeVJ0bW1UWEgtVXd0ZmhDRmxVM05mblA1Rmd6NmxqTG1qZ0RFU3B0T3pSOWdqa3dPR2NnMDNxN1czc0NnTkE4ZlNFbGVRN2h6aDVtYXZxUTZR?oc=5\" target=\"_blank\" rel=\"nofollow noopener\">Eduardo Casanova: \u201cRodamos &#8216;Silencio&#8217; con sudor y l\u00e1grimas. Una serie tan complicada y tan ambiciosa\u201d<\/a>&nbsp;&nbsp;SensaCine<\/li>\n<\/ol>\n","protected":false},"excerpt":{"rendered":"\u2018Silencio\u2019: Eduardo Casanova se pone cl\u00e1sico, sin perder locura, con su viaje vamp\u00edrico al VIH y al dolor&hellip;\n","protected":false},"author":2,"featured_media":248356,"comment_status":"","ping_status":"","sticky":false,"template":"","format":"standard","meta":{"footnotes":""},"categories":[171],"tags":[146,147,25,24,23,214],"class_list":{"0":"post-270242","1":"post","2":"type-post","3":"status-publish","4":"format-standard","5":"has-post-thumbnail","7":"category-tv","8":"tag-entertainment","9":"tag-entretenimiento","10":"tag-es","11":"tag-espana","12":"tag-spain","13":"tag-tv"},"share_on_mastodon":{"url":"https:\/\/pubeurope.com\/@es\/115659834872075312","error":""},"_links":{"self":[{"href":"https:\/\/www.europesays.com\/es\/wp-json\/wp\/v2\/posts\/270242","targetHints":{"allow":["GET"]}}],"collection":[{"href":"https:\/\/www.europesays.com\/es\/wp-json\/wp\/v2\/posts"}],"about":[{"href":"https:\/\/www.europesays.com\/es\/wp-json\/wp\/v2\/types\/post"}],"author":[{"embeddable":true,"href":"https:\/\/www.europesays.com\/es\/wp-json\/wp\/v2\/users\/2"}],"replies":[{"embeddable":true,"href":"https:\/\/www.europesays.com\/es\/wp-json\/wp\/v2\/comments?post=270242"}],"version-history":[{"count":0,"href":"https:\/\/www.europesays.com\/es\/wp-json\/wp\/v2\/posts\/270242\/revisions"}],"wp:featuredmedia":[{"embeddable":true,"href":"https:\/\/www.europesays.com\/es\/wp-json\/wp\/v2\/media\/248356"}],"wp:attachment":[{"href":"https:\/\/www.europesays.com\/es\/wp-json\/wp\/v2\/media?parent=270242"}],"wp:term":[{"taxonomy":"category","embeddable":true,"href":"https:\/\/www.europesays.com\/es\/wp-json\/wp\/v2\/categories?post=270242"},{"taxonomy":"post_tag","embeddable":true,"href":"https:\/\/www.europesays.com\/es\/wp-json\/wp\/v2\/tags?post=270242"}],"curies":[{"name":"wp","href":"https:\/\/api.w.org\/{rel}","templated":true}]}}