{"id":270248,"date":"2025-12-04T06:20:11","date_gmt":"2025-12-04T06:20:11","guid":{"rendered":"https:\/\/www.europesays.com\/es\/270248\/"},"modified":"2025-12-04T06:20:11","modified_gmt":"2025-12-04T06:20:11","slug":"telecinco-anuncia-el-inmediato-regreso-de-lydia-lozano-en-este-programa-tras-su-triste-baja-en-de-viernes","status":"publish","type":"post","link":"https:\/\/www.europesays.com\/es\/270248\/","title":{"rendered":"Telecinco anuncia el inmediato regreso de Lydia Lozano en este programa tras su triste baja en &#8216;De Viernes&#8217;"},"content":{"rendered":"<p><a href=\"https:\/\/eltelevisero.huffingtonpost.es\/2025\/12\/lydia-lozano-irrumpe-en-el-tiempo-justo-con-la-ultima-hora-de-su-marido-charly-no-es-una-tonteria\/\" data-type=\"link\" data-id=\"https:\/\/eltelevisero.huffingtonpost.es\/2025\/12\/lydia-lozano-irrumpe-en-el-tiempo-justo-con-la-ultima-hora-de-su-marido-charly-no-es-una-tonteria\/\" rel=\"nofollow noopener\" target=\"_blank\">Lydia Lozano<\/a> no atraviesa su mejor momento personal ante la preocupaci\u00f3n por el estado de salud de su marido Charly. Un problema que ha llevado a que haya faltado a su cita con la audiencia en &#8216;De Viernes&#8217; durante varias semanas pues la colaboradora est\u00e1 centrada en acompa\u00f1ar a su pareja, que lleva ingresado en el hospital dos meses tras una infecci\u00f3n derivada de su operaci\u00f3n de espalda. <\/p>\n<p>Sin embargo, Lydia Lozano ya tiene fecha para su inminente regreso a Telecinco. Y es que la periodista participar\u00e1 este mi\u00e9rcoles en el <a href=\"https:\/\/eltelevisero.huffingtonpost.es\/2025\/11\/santi-acosta-al-rescate-de-otro-prime-time-de-telecinco-con-un-programa-especial-en-detrimento-de-la-ficcion\/\" data-type=\"link\" data-id=\"https:\/\/eltelevisero.huffingtonpost.es\/2025\/11\/santi-acosta-al-rescate-de-otro-prime-time-de-telecinco-con-un-programa-especial-en-detrimento-de-la-ficcion\/\" rel=\"nofollow noopener\" target=\"_blank\">nuevo especial de &#8216;El precio de la corona&#8217;<\/a>, que conducir\u00e1 Santi Acosta a partir de las 23:10 horas justo despu\u00e9s de &#8216;La isla de las tentaciones&#8217;. <\/p>\n<p>&#8216;El precio de&#8217; tomar\u00e1 as\u00ed este mi\u00e9rcoles el <a href=\"https:\/\/eltelevisero.huffingtonpost.es\/2025\/11\/telecinco-anuncia-un-paron-en-la-agencia-por-esta-razon-y-explica-cuando-volvera-con-su-episodio-final\/\" data-type=\"link\" data-id=\"https:\/\/eltelevisero.huffingtonpost.es\/2025\/11\/telecinco-anuncia-un-paron-en-la-agencia-por-esta-razon-y-explica-cuando-volvera-con-su-episodio-final\/\" rel=\"nofollow noopener\" target=\"_blank\">relevo de &#8216;La Agencia&#8217;,<\/a> que regresar\u00e1 el pr\u00f3ximo mi\u00e9rcoles con el cap\u00edtulo final, para analizar el impacto de las memorias del rey Juan Carlos I y las revelaciones que rodean su figura.<\/p>\n<p><strong>Miguel \u00c1ngel Revilla y Pilar Eyre<\/strong> valorar\u00e1n en directo en el plat\u00f3 de &#8216;El precio de la corona&#8217; los episodios m\u00e1s pol\u00e9micos relatados por el rey em\u00e9rito en las memorias que se publican hoy en Espa\u00f1a. El ex presidente de Cantabria, \u00fanico ciudadano demandado por el monarca, se referir\u00e1 tambi\u00e9n a en qu\u00e9 punto se encuentra dicha demanda y a los \u00faltimos pasos dados por Juan Carlos I, como la reciente publicaci\u00f3n de un video en redes sociales en el que justifica la difusi\u00f3n de &#8216;Reconciliaci\u00f3n&#8217;. Tambi\u00e9n valorar\u00e1 algunos adelantos de las memorias que tendr\u00eda previsto publicar pr\u00f3ximamente I\u00f1aki Urdangar\u00edn. <\/p>\n<p>Lydia Lozano, entre los colaboradores de &#8216;El precio de la corona&#8217; <\/p>\n<p>Adem\u00e1s, el programa contar\u00e1 en plat\u00f3 con la presencia de <strong>Lydia Lozano, Javier Chicote, Sonia Ferrer, \u00c1lvaro Garc\u00eda Pelayo, Mar\u00eda Jamardo, Eduardo Inda &#8211;<\/strong>que entrevist\u00f3 en su momento a Corinna Larsen- y <strong>Alejandro Entrambasaguas<\/strong> -por quien el rey em\u00e9rito intercedi\u00f3 ante una serie de dificultades que el periodista tuvo en un viaje a Abu Dabi-. <\/p>\n<p>El especial tambi\u00e9n emitir\u00e1 fragmentos in\u00e9ditos de una entrevista que la fotoperiodista <strong>Queca Campillo<\/strong>, con quien el rey em\u00e9rito habr\u00eda mantenido una relaci\u00f3n secreta de m\u00e1s de 30 a\u00f1os, ofreci\u00f3 en el pasado, en las que se refiere, entre otras situaciones, a las dificultades para trabajar con la reina Sof\u00eda, a su cercan\u00eda con el rey em\u00e9rito y a la \u00faltima vez que habl\u00f3 con \u00e9l. Por otro lado, tambi\u00e9n ofrecer\u00e1 nuevos datos y revelaciones de la relaci\u00f3n del monarca con B\u00e1rbara Rey.<\/p>\n<p>&#8216;El Precio de la Corona&#8217; acoger\u00e1 la emisi\u00f3n de un amplio documental en el que Miguel \u00c1ngel Revilla;<strong> Francis Franco<\/strong>, nieto del dictador Francisco Franco; <strong>Jaime Pe\u00f1afiel; I\u00f1aki Anasagasti; Rosa Villacast\u00edn y Lourdes Crespo<\/strong>, amiga y ahijada, respectivamente, de Queca Campillo; y Jos\u00e9 Luis Ortega, exjefe de gabinete de do\u00f1a Sof\u00eda, realizar\u00e1n un perfil detallado del monarca, con datos hasta ahora desconocidos sobre los negocios que originan su fortuna; y abordar\u00e1n sus relaciones personales -con especial atenci\u00f3n a sus cr\u00edticas a la reina Letizia- y lo que le depara el futuro.<\/p>\n","protected":false},"excerpt":{"rendered":"Lydia Lozano no atraviesa su mejor momento personal ante la preocupaci\u00f3n por el estado de salud de su&hellip;\n","protected":false},"author":2,"featured_media":270249,"comment_status":"","ping_status":"","sticky":false,"template":"","format":"standard","meta":{"footnotes":""},"categories":[91],"tags":[146,147,25,24,23],"class_list":{"0":"post-270248","1":"post","2":"type-post","3":"status-publish","4":"format-standard","5":"has-post-thumbnail","7":"category-entretenimiento","8":"tag-entertainment","9":"tag-entretenimiento","10":"tag-es","11":"tag-espana","12":"tag-spain"},"share_on_mastodon":{"url":"https:\/\/pubeurope.com\/@es\/115659854508537124","error":""},"_links":{"self":[{"href":"https:\/\/www.europesays.com\/es\/wp-json\/wp\/v2\/posts\/270248","targetHints":{"allow":["GET"]}}],"collection":[{"href":"https:\/\/www.europesays.com\/es\/wp-json\/wp\/v2\/posts"}],"about":[{"href":"https:\/\/www.europesays.com\/es\/wp-json\/wp\/v2\/types\/post"}],"author":[{"embeddable":true,"href":"https:\/\/www.europesays.com\/es\/wp-json\/wp\/v2\/users\/2"}],"replies":[{"embeddable":true,"href":"https:\/\/www.europesays.com\/es\/wp-json\/wp\/v2\/comments?post=270248"}],"version-history":[{"count":0,"href":"https:\/\/www.europesays.com\/es\/wp-json\/wp\/v2\/posts\/270248\/revisions"}],"wp:featuredmedia":[{"embeddable":true,"href":"https:\/\/www.europesays.com\/es\/wp-json\/wp\/v2\/media\/270249"}],"wp:attachment":[{"href":"https:\/\/www.europesays.com\/es\/wp-json\/wp\/v2\/media?parent=270248"}],"wp:term":[{"taxonomy":"category","embeddable":true,"href":"https:\/\/www.europesays.com\/es\/wp-json\/wp\/v2\/categories?post=270248"},{"taxonomy":"post_tag","embeddable":true,"href":"https:\/\/www.europesays.com\/es\/wp-json\/wp\/v2\/tags?post=270248"}],"curies":[{"name":"wp","href":"https:\/\/api.w.org\/{rel}","templated":true}]}}