{"id":270269,"date":"2025-12-04T06:41:11","date_gmt":"2025-12-04T06:41:11","guid":{"rendered":"https:\/\/www.europesays.com\/es\/270269\/"},"modified":"2025-12-04T06:41:11","modified_gmt":"2025-12-04T06:41:11","slug":"gerard-martin-el-hombre-inesperado-para-resolver-el-jeroglifico-de-la-defensa-del-barcelona-futbol-deportes","status":"publish","type":"post","link":"https:\/\/www.europesays.com\/es\/270269\/","title":{"rendered":"Gerard Mart\u00edn, el hombre inesperado para resolver el jerogl\u00edfico de la defensa del Barcelona | F\u00fatbol | Deportes"},"content":{"rendered":"<p class=\"\">Hansi Flick prometi\u00f3, tras la derrota ante el Chelsea, que se ver\u00eda un mejor Bar\u00e7a. Este martes, <a href=\"https:\/\/elpais.com\/deportes\/futbol\/2025-12-02\/simeone-me-voy-contento-el-equipo-compitio-aunque-lo-pudimos-hacer-mejor-defensivamente.html\" target=\"_self\" rel=\"nofollow noopener\" title=\"https:\/\/elpais.com\/deportes\/futbol\/2025-12-02\/simeone-me-voy-contento-el-equipo-compitio-aunque-lo-pudimos-hacer-mejor-defensivamente.html\">ante el Atl\u00e9tico de Madrid<\/a>, cumpli\u00f3. Por primera vez en un gran escenario, el equipo venci\u00f3 como lo hac\u00eda el Barcelona de la temporada pasada: el\u00e9ctrico, vital y con remontada, la quinta del curso en siete partidos. Lo hizo con intensidad, gracias al regreso a la titularidad de un Raphinha que comand\u00f3 al equipo y levant\u00f3 la grada, y a un Pedri estelar, el pegamento que une todas las piezas. \u201cNuestra actuaci\u00f3n ha sido de otro nivel ante un gran rival. <a href=\"https:\/\/elpais.com\/deportes\/futbol\/2025-12-02\/el-barca-se-gusta-como-lider-de-la-liga.html\" target=\"_self\" rel=\"nofollow noopener\" title=\"https:\/\/elpais.com\/deportes\/futbol\/2025-12-02\/el-barca-se-gusta-como-lider-de-la-liga.html\">Necesit\u00e1bamos una victoria as\u00ed para ganar confianza<\/a>\u201d, asegur\u00f3 Flick en la rueda de prensa posterior. Parte de la mejora se explic\u00f3 tambi\u00e9n en una versi\u00f3n m\u00e1s s\u00f3lida en defensa, que ven\u00eda sufriendo este curso tras la dolorosa marcha de I\u00f1igo Mart\u00ednez, y que dej\u00f3 al Atl\u00e9tico con tan solo dos remates a porter\u00eda. Y la soluci\u00f3n ha sido inesperada: Gerard Mart\u00edn.<\/p>\n<p class=\"\">Flick ha probado esta temporada hasta cinco parejas distintas de centrales, modificando el eje de la zaga titular en trece ocasiones de un encuentro a otro. Un vaiv\u00e9n de pruebas para suplir una baja tan sensible como la de I\u00f1igo mientras el club rastreaba el mercado. Y con una defensa en la que Cubars\u00ed present\u00f3 problemas en la rodilla, Kound\u00e9 no es el mismo del a\u00f1o pasado, Araujo ha pedido tiempo para recuperarse an\u00edmicamente tras su expulsi\u00f3n en Stamford Bridge y Christensen no termina de cuajar. En la ecuaci\u00f3n, Eric Garc\u00eda, fundamental, es utilizado por Flick en diferentes posiciones \u2014central, lateral y mediocentro\u2014 gracias a su gran polivalencia, y Balde es due\u00f1o de la banda izquierda. <\/p>\n<p class=\"\">Pero el alem\u00e1n necesitaba un central zurdo para naturalizar la salida de bal\u00f3n. En su rompecabezas, Flick reconvirti\u00f3 a Gerard como central, y lo prob\u00f3 en los entrenamientos. El lateral, tras cinco a\u00f1os en la cantera del Cornell\u00e0, lleg\u00f3 al filial del Bar\u00e7a en 2023. La temporada pasada ya subi\u00f3 al primer equipo, y su rol se limit\u00f3 a ser el suplente de Balde, a quien tuvo que sustituir por lesi\u00f3n en la semifinal ante el Inter de Mil\u00e1n. En la vuelta, dio una asistencia, pero tambi\u00e9n fue se\u00f1alado en uno de los goles del conjunto italiano. Qued\u00f3 devastado por la derrota. Szcz\u0119sny se acerc\u00f3 a \u00e9l mientras lloraba tras el encuentro. \u201cPerder\u00e1s cien partidos importantes, ganar\u00e1s otros cien \u00bfD\u00f3nde estabas hace dos a\u00f1os? Mira d\u00f3nde est\u00e1s hoy: esto es el ba\u00f1o de San Siro, y estabas jugando una semifinal de la Champions\u201d, le consol\u00f3 el portero. <\/p>\n<p class=\"\">Su andadura como central en el Bar\u00e7a comenz\u00f3 ante el Athletic Club, en el regreso del f\u00fatbol al Camp Nou 909 d\u00edas despu\u00e9s del \u00faltimo partido. Su madre, antes del encuentro, le envi\u00f3 fotos de \u00e9l de peque\u00f1o viendo un enfrentamiento en el Camp Nou. Era su estreno en el feudo azulgrana, tambi\u00e9n como central, al menos en el Barcelona: en la temporada 2022-2023 ya jug\u00f3 como zaguero en Cornell\u00e0. <\/p>\n<p class=\"\">Y funcion\u00f3. Tambi\u00e9n ante el Alav\u00e9s el pasado fin de semana, y de nuevo este martes ante el Atl\u00e9tico. M\u00e1s all\u00e1 de las sensaciones, los datos avalan su notable rendimiento: cinco duelos ganados de siete, ocho balones recuperados, otros ocho interceptados y dos entradas exitosas de tres. Gerard crece bajo las \u00f3rdenes de Flick, el mismo que la pasada temporada revitaliz\u00f3 a Raphinha, a quien el equipo ha echado en falta durante su lesi\u00f3n.<\/p>\n<p class=\"\">El regreso del brasile\u00f1o a la titularidad,<a href=\"https:\/\/elpais.com\/deportes\/futbol\/2025-12-02\/pedri-el-pegamento-del-barcelona-ante-el-atletico.html\" target=\"_self\" rel=\"nofollow noopener\" title=\"https:\/\/elpais.com\/deportes\/futbol\/2025-12-02\/pedri-el-pegamento-del-barcelona-ante-el-atletico.html\"> junto al de Pedri<\/a>, result\u00f3 decisivo. \u201cSab\u00edamos lo dif\u00edcil que era ganar, pero lo conseguimos jugando como equipo\u201d, dijo el brasile\u00f1o, el jugador que m\u00e1s veces remat\u00f3 a porter\u00eda junto a Lewandowski (cuatro). Simeone se rindi\u00f3 ante \u00e9l: \u201cNo s\u00e9 c\u00f3mo no gan\u00f3 el Bal\u00f3n de Oro\u201d. <\/p>\n<p class=\"\">Con Raphinha de vuelta, el equipo recupera intensidad y presi\u00f3n, una de las quejas de los centrales. \u201cCuanto m\u00e1s presionamos arriba, m\u00e1s cerca estamos de la porter\u00eda y m\u00e1s balones recuperamos\u201d, explic\u00f3 el brasile\u00f1o. Lamine Yamal, por ejemplo, rob\u00f3 nueve balones. La nota negativa fue la lesi\u00f3n de Dani Olmo, que hab\u00eda marcado ante el Atl\u00e9tico y empezaba a coger ritmo con tres tantos seguidos: estar\u00e1 un mes de baja por una luxaci\u00f3n en el hombro izquierdo tras una mala ca\u00edda despu\u00e9s de anotar. <\/p>\n<p class=\"\">Las individualidades vuelven a aparecer y el Camp Nou vibra, lejos del fr\u00edo Montju\u00efc. Con un hombre inesperado como Gerard Mart\u00edn como soluci\u00f3n, el Barcelona vuelve a brillar en un gran escenario, vuelve a remontar y vuelve a sentirse l\u00edder. <\/p>\n","protected":false},"excerpt":{"rendered":"Hansi Flick prometi\u00f3, tras la derrota ante el Chelsea, que se ver\u00eda un mejor Bar\u00e7a. Este martes, ante&hellip;\n","protected":false},"author":2,"featured_media":270270,"comment_status":"","ping_status":"","sticky":false,"template":"","format":"standard","meta":{"footnotes":""},"categories":[93],"tags":[3409,1540,168,1539,25,24,881,282,1538,23,167],"class_list":{"0":"post-270269","1":"post","2":"type-post","3":"status-publish","4":"format-standard","5":"has-post-thumbnail","7":"category-deportes","8":"tag-atletico-de-madrid","9":"tag-competiciones","10":"tag-deportes","11":"tag-entrenadores","12":"tag-es","13":"tag-espana","14":"tag-fc-barcelona","15":"tag-futbol","16":"tag-futbolistas","17":"tag-spain","18":"tag-sports"},"share_on_mastodon":{"url":"https:\/\/pubeurope.com\/@es\/115659937082592695","error":""},"_links":{"self":[{"href":"https:\/\/www.europesays.com\/es\/wp-json\/wp\/v2\/posts\/270269","targetHints":{"allow":["GET"]}}],"collection":[{"href":"https:\/\/www.europesays.com\/es\/wp-json\/wp\/v2\/posts"}],"about":[{"href":"https:\/\/www.europesays.com\/es\/wp-json\/wp\/v2\/types\/post"}],"author":[{"embeddable":true,"href":"https:\/\/www.europesays.com\/es\/wp-json\/wp\/v2\/users\/2"}],"replies":[{"embeddable":true,"href":"https:\/\/www.europesays.com\/es\/wp-json\/wp\/v2\/comments?post=270269"}],"version-history":[{"count":0,"href":"https:\/\/www.europesays.com\/es\/wp-json\/wp\/v2\/posts\/270269\/revisions"}],"wp:featuredmedia":[{"embeddable":true,"href":"https:\/\/www.europesays.com\/es\/wp-json\/wp\/v2\/media\/270270"}],"wp:attachment":[{"href":"https:\/\/www.europesays.com\/es\/wp-json\/wp\/v2\/media?parent=270269"}],"wp:term":[{"taxonomy":"category","embeddable":true,"href":"https:\/\/www.europesays.com\/es\/wp-json\/wp\/v2\/categories?post=270269"},{"taxonomy":"post_tag","embeddable":true,"href":"https:\/\/www.europesays.com\/es\/wp-json\/wp\/v2\/tags?post=270269"}],"curies":[{"name":"wp","href":"https:\/\/api.w.org\/{rel}","templated":true}]}}