{"id":270273,"date":"2025-12-04T06:43:09","date_gmt":"2025-12-04T06:43:09","guid":{"rendered":"https:\/\/www.europesays.com\/es\/270273\/"},"modified":"2025-12-04T06:43:09","modified_gmt":"2025-12-04T06:43:09","slug":"mercadillos-en-malaga-en-el-puente-de-diciembre","status":"publish","type":"post","link":"https:\/\/www.europesays.com\/es\/270273\/","title":{"rendered":"Mercadillos en M\u00e1laga en el puente de diciembre"},"content":{"rendered":"<p>El largo fin de semana de diciembre traer\u00e1 tambi\u00e9n una amplia agenda de mercadillos a M\u00e1laga. Aquellos que los busquen con tem\u00e1tica navide\u00f1a, pueden pasear  &#8230; por Muelle Uno, que acoger\u00e1 el domingo su Zoco y adem\u00e1s el Mercado de Navidad, que puede visitarse diariamente de 10 a 22 horas hasta el 11 de enero. Cita imprescindible son los puestos tradicionales del Paseo del Parque, que una Navidad m\u00e1s est\u00e1n ya instalados y que tendr\u00e1n en la acera de enfrente a la gran feria Sabor a M\u00e1laga, con la gastronom\u00eda como gran protagonista del jueves 4 al martes 9.<\/p>\n<p class=\"v-p\">Adem\u00e1s, del viernes al lunes abrir\u00e1 el mercado internacional de Navidad de Torrox Costa, que contar\u00e1 con unos 30 expositores as\u00ed como actuaciones, adem\u00e1s de tres barras con gastronom\u00eda diversa, bebidas tradicionales de estas fechas y distintas variedades de cerveza artesanales. Puede visitarse de 12 a 00 horas en la avenida Esperanto, frente a la parada de taxis. <\/p>\n<p class=\"v-p\">Por su parte, La Merced &amp; Co tambi\u00e9n tendr\u00e1 mucho de Navidad, pero tambi\u00e9n de moda, complementos y decoraci\u00f3n en su cita mensual en la c\u00e9ntrica plaza de la Merced este domingo, de 11 a 19 horas y que contar\u00e1 con la presencia adem\u00e1s de Polic\u00eda Amigo, que recaudar\u00e1 fondos para sus proyectos. Otra convocatoria habitual en el primer fin de semana del mes es el mercadillo de los Clicks, que se llevar\u00e1 a cabo en el M\u00e1laga Factory este s\u00e1bado de 11 a 21 horas.<\/p>\n<p class=\"v-p\">En la provincia, las diversas citas gastron\u00f3micas tambi\u00e9n ofrecen mercadillos como es el caso de la Fiesta de la Zanahoria Mor\u00e1 en Cuevas Bajas o la feria de Artesan\u00eda y Gastronom\u00eda en Benalaur\u00eda.<\/p>\n","protected":false},"excerpt":{"rendered":"El largo fin de semana de diciembre traer\u00e1 tambi\u00e9n una amplia agenda de mercadillos a M\u00e1laga. Aquellos que&hellip;\n","protected":false},"author":2,"featured_media":270274,"comment_status":"","ping_status":"","sticky":false,"template":"","format":"standard","meta":{"footnotes":""},"categories":[91],"tags":[35329,146,147,25,24,3855,30470,2497,23],"class_list":{"0":"post-270273","1":"post","2":"type-post","3":"status-publish","4":"format-standard","5":"has-post-thumbnail","7":"category-entretenimiento","8":"tag-diciembre","9":"tag-entertainment","10":"tag-entretenimiento","11":"tag-es","12":"tag-espana","13":"tag-malaga","14":"tag-mercadillos","15":"tag-puente","16":"tag-spain"},"share_on_mastodon":{"url":"https:\/\/pubeurope.com\/@es\/115659944946895134","error":""},"_links":{"self":[{"href":"https:\/\/www.europesays.com\/es\/wp-json\/wp\/v2\/posts\/270273","targetHints":{"allow":["GET"]}}],"collection":[{"href":"https:\/\/www.europesays.com\/es\/wp-json\/wp\/v2\/posts"}],"about":[{"href":"https:\/\/www.europesays.com\/es\/wp-json\/wp\/v2\/types\/post"}],"author":[{"embeddable":true,"href":"https:\/\/www.europesays.com\/es\/wp-json\/wp\/v2\/users\/2"}],"replies":[{"embeddable":true,"href":"https:\/\/www.europesays.com\/es\/wp-json\/wp\/v2\/comments?post=270273"}],"version-history":[{"count":0,"href":"https:\/\/www.europesays.com\/es\/wp-json\/wp\/v2\/posts\/270273\/revisions"}],"wp:featuredmedia":[{"embeddable":true,"href":"https:\/\/www.europesays.com\/es\/wp-json\/wp\/v2\/media\/270274"}],"wp:attachment":[{"href":"https:\/\/www.europesays.com\/es\/wp-json\/wp\/v2\/media?parent=270273"}],"wp:term":[{"taxonomy":"category","embeddable":true,"href":"https:\/\/www.europesays.com\/es\/wp-json\/wp\/v2\/categories?post=270273"},{"taxonomy":"post_tag","embeddable":true,"href":"https:\/\/www.europesays.com\/es\/wp-json\/wp\/v2\/tags?post=270273"}],"curies":[{"name":"wp","href":"https:\/\/api.w.org\/{rel}","templated":true}]}}