{"id":270277,"date":"2025-12-04T06:46:11","date_gmt":"2025-12-04T06:46:11","guid":{"rendered":"https:\/\/www.europesays.com\/es\/270277\/"},"modified":"2025-12-04T06:46:11","modified_gmt":"2025-12-04T06:46:11","slug":"eeuu-no-descarta-redadas-y-detenciones-antiinmigracion-durante-el-mundial-de-futbol","status":"publish","type":"post","link":"https:\/\/www.europesays.com\/es\/270277\/","title":{"rendered":"EEUU \u00abno descarta\u00bb redadas y detenciones antiinmigraci\u00f3n durante el Mundial de f\u00fatbol"},"content":{"rendered":"<p><img id=\"fotoPrincipalNoticia\" src=\"https:\/\/www.europesays.com\/es\/wp-content\/uploads\/2025\/12\/fotonoticia_20251204055927_690.jpg\" loading=\"eager\" decoding=\"async\" style=\"view-transition-name: fechor_20251204055927;\" border=\"0\" alt=\"Archivo - El director del grupo de trabajo de la Casa Blanca para la preparaci\u00f3n del Mundial de f\u00fatbol masculino, Andrew Giuliani\" fetchpriority=\"high\" title=\"EEUU &quot;no descarta&quot; redadas y detenciones antiinmigraci\u00f3n durante el Mundial de f\u00fatbol\" width=\"690\" height=\"460\" itemprop=\"image\"\/><\/p>\n<p>Archivo &#8211; El director del grupo de trabajo de la Casa Blanca para la preparaci\u00f3n del Mundial de f\u00fatbol masculino, Andrew Giuliani &#8211; Europa Press\/Contacto\/Aaron Schwartz &#8211; Pool via CN<\/p>\n<p>   MADRID 4 Dic. (EUROPA PRESS) &#8211; <\/p>\n<p>   Las autoridades de Estados Unidos han afirmado este mi\u00e9rcoles que el presidente del pa\u00eds, Donald Trump, \u00abno descarta nada\u00bb, tampoco la ejecuci\u00f3n de redadas del Servicio de Inmigraci\u00f3n y Control de Aduanas (ICE, por sus siglas en ingl\u00e9s) en partidos del Mundial de f\u00fatbol de 2026, que se celebrar\u00e1 en junio y julio en Norteam\u00e9rica, y han se\u00f1alado que el ICE podr\u00e1 realizar detenciones durante los encuentros.<\/p>\n<p>   \u00abConozco al presidente desde hace 25 a\u00f1os, no descarta nada que ayude a mejorar la seguridad de los ciudadanos estadounidenses\u00bb, ha declarado en rueda de prensa el director del grupo de trabajo de la Casa Blanca para la preparaci\u00f3n del Mundial de f\u00fatbol masculino, Andrew Giuliani.<\/p>\n<p>   El hijo del exalcalde de Nueva York y exabogado de Trump, Rudy Giuliani, ha especificado adem\u00e1s que \u00abs\u00ed\u00bb ser\u00e1 posible ver detenciones por parte del ICE durante los enfrentamientos entre selecciones, tanto en los estadios como en sus alrededores, ya que Trump \u00abquiere que la gente venga legalmente a Estados Unidos y que siga el proceso legal\u00bb. \u00abDe esa manera, tambi\u00e9n podemos identificar qui\u00e9n est\u00e1 aqu\u00ed\u00bb, ha agregado.<\/p>\n<p>   \u00abQueremos dar la bienvenida a todo el mundo para que venga legalmente\u00bb, ha subrayado el responsable, que tambi\u00e9n ha indicado que el proceso de evaluaci\u00f3n de visados no es distinto para quienes quieran acudir a Estados Unidos espec\u00edficamente para el Mundial. \u00abIncluso con este sistema de programaci\u00f3n de citas priorizadas de la FIFA, aunque las personas puedan adelantarse en la cola si tienen una entrada (para un partido), seguir\u00e1n pasando por los procedimientos de control habituales que se requieren para entrar en el pa\u00eds\u00bb, ha se\u00f1alado.<\/p>\n<p>   Seg\u00fan ha informado, Estados Unidos espera \u00abentre cinco y siete millones de visitantes internacionales\u00bb durante un torneo en el que Washington est\u00e1 priorizando la seguridad. \u00abCelebramos el gran entusiasmo que traer\u00e1 este torneo (&#8230;). Lo que no aceptamos ni toleraremos son los disturbios que amenacen la seguridad de los aficionados o de las comunidades\u00bb, ha subrayado.<\/p>\n<p>   Por ello, ha destacado, entre otras medidas, la creaci\u00f3n por parte de la Polic\u00eda Federal (FBI) y del Departamento de Seguridad Nacional de un \u00abcentro internacional de coordinaci\u00f3n policial\u00bb, as\u00ed como el gasto de 625 millones de d\u00f3lares (m\u00e1s de 536 millones de euros) para \u00abapoyar a las fuerzas del orden, desde entrenamientos y ejercicios hasta ciberseguridad y respuesta a emergencias\u00bb, y el de 500 millones de d\u00f3lares (cerca de 429 millones de euros) en sistemas contra drones ilegales.<\/p>\n","protected":false},"excerpt":{"rendered":"Archivo &#8211; El director del grupo de trabajo de la Casa Blanca para la preparaci\u00f3n del Mundial de&hellip;\n","protected":false},"author":2,"featured_media":270278,"comment_status":"","ping_status":"","sticky":false,"template":"","format":"standard","meta":{"footnotes":""},"categories":[42],"tags":[17,18,13,14,11,61,62,63,64,19,20,9,10,15,16,12,21,22,65,66,67],"class_list":{"0":"post-270277","1":"post","2":"type-post","3":"status-publish","4":"format-standard","5":"has-post-thumbnail","7":"category-internacional","8":"tag-breaking-news","9":"tag-breakingnews","10":"tag-featured-news","11":"tag-featurednews","12":"tag-headlines","13":"tag-internacional","14":"tag-international","15":"tag-international-news","16":"tag-internationalnews","17":"tag-latest-news","18":"tag-latestnews","19":"tag-news","20":"tag-noticias","21":"tag-noticias-destacadas","22":"tag-noticiasdestacadas","23":"tag-titulares","24":"tag-ultimas-noticias","25":"tag-ultimasnoticias","26":"tag-world","27":"tag-world-news","28":"tag-worldnews"},"share_on_mastodon":{"url":"https:\/\/pubeurope.com\/@es\/115659957252374172","error":""},"_links":{"self":[{"href":"https:\/\/www.europesays.com\/es\/wp-json\/wp\/v2\/posts\/270277","targetHints":{"allow":["GET"]}}],"collection":[{"href":"https:\/\/www.europesays.com\/es\/wp-json\/wp\/v2\/posts"}],"about":[{"href":"https:\/\/www.europesays.com\/es\/wp-json\/wp\/v2\/types\/post"}],"author":[{"embeddable":true,"href":"https:\/\/www.europesays.com\/es\/wp-json\/wp\/v2\/users\/2"}],"replies":[{"embeddable":true,"href":"https:\/\/www.europesays.com\/es\/wp-json\/wp\/v2\/comments?post=270277"}],"version-history":[{"count":0,"href":"https:\/\/www.europesays.com\/es\/wp-json\/wp\/v2\/posts\/270277\/revisions"}],"wp:featuredmedia":[{"embeddable":true,"href":"https:\/\/www.europesays.com\/es\/wp-json\/wp\/v2\/media\/270278"}],"wp:attachment":[{"href":"https:\/\/www.europesays.com\/es\/wp-json\/wp\/v2\/media?parent=270277"}],"wp:term":[{"taxonomy":"category","embeddable":true,"href":"https:\/\/www.europesays.com\/es\/wp-json\/wp\/v2\/categories?post=270277"},{"taxonomy":"post_tag","embeddable":true,"href":"https:\/\/www.europesays.com\/es\/wp-json\/wp\/v2\/tags?post=270277"}],"curies":[{"name":"wp","href":"https:\/\/api.w.org\/{rel}","templated":true}]}}