{"id":270279,"date":"2025-12-04T06:47:08","date_gmt":"2025-12-04T06:47:08","guid":{"rendered":"https:\/\/www.europesays.com\/es\/270279\/"},"modified":"2025-12-04T06:47:08","modified_gmt":"2025-12-04T06:47:08","slug":"la-empresa-gestora-del-hospital-de-torrejon-despidio-a-cuatro-directivos-que-denunciaron-en-el-canal-etico-las-medidas-impuestas-sociedad","status":"publish","type":"post","link":"https:\/\/www.europesays.com\/es\/270279\/","title":{"rendered":"La empresa gestora del hospital de Torrej\u00f3n despidi\u00f3 a cuatro directivos que denunciaron en el canal \u00e9tico las medidas impuestas | Sociedad"},"content":{"rendered":"<p class=\"\">El grupo Ribera Salud ha despedido al menos a cuatro directivos que denunciaron en el canal \u00e9tico interno <a href=\"https:\/\/elpais.com\/sociedad\/2025-12-03\/la-empresa-gestora-del-hospital-publico-de-torrejon-ordena-rechazar-pacientes-para-ganar-mas-hacemos-actividad-que-nos-perjudica.html\" target=\"_self\" rel=\"nofollow noopener\" title=\"https:\/\/elpais.com\/sociedad\/2025-12-03\/la-empresa-gestora-del-hospital-publico-de-torrejon-ordena-rechazar-pacientes-para-ganar-mas-hacemos-actividad-que-nos-perjudica.html\">las instrucciones del CEO, Pablo Gallart<\/a>, para aumentar las listas de espera y descartar procesos no rentables para aumentar beneficios en el Hospital de Torrej\u00f3n, centro p\u00fablico madrile\u00f1o de gesti\u00f3n privada. <\/p>\n<p class=\"\"><a href=\"https:\/\/elpais.com\/sociedad\/2025-12-03\/la-empresa-gestora-del-hospital-publico-de-torrejon-ordena-rechazar-pacientes-para-ganar-mas-hacemos-actividad-que-nos-perjudica.html\" rel=\"nofollow noopener\" title=\"https:\/\/elpais.com\/sociedad\/2025-12-03\/la-empresa-gestora-del-hospital-publico-de-torrejon-ordena-rechazar-pacientes-para-ganar-mas-hacemos-actividad-que-nos-perjudica.html\" target=\"_blank\">EL PA\u00cdS desvel\u00f3 el mi\u00e9rcoles<\/a> los audios de una reuni\u00f3n el pasado 25 de octubre en los que el CEO dio estas instrucciones a una veintena de directivos. Unas horas despu\u00e9s, a las 21.40 de ayer, Ribera <a href=\"https:\/\/elpais.com\/sociedad\/2025-12-03\/el-ceo-de-ribera-salud-se-desvincula-del-hospital-de-torrejon-y-la-compania-anuncia-una-auditoria-en-profundidad.html\" target=\"_blank\" rel=\"noreferrer nofollow noopener\" title=\"https:\/\/elpais.com\/sociedad\/2025-12-03\/el-ceo-de-ribera-salud-se-desvincula-del-hospital-de-torrejon-y-la-compania-anuncia-una-auditoria-en-profundidad.html\">envi\u00f3 un comunicado anunciando<\/a> que, \u201cpara garantizar los valores y la \u00e9tica que siempre ha caracterizado al Grupo, Pablo Gallart ha solicitado al presidente de Ribera, Emmanuel de Geuser, desvincularse de las responsabilidades sobre la gesti\u00f3n del Hospital de Torrej\u00f3n mientras el grupo lleva a cabo una auditor\u00eda en profundidad para garantizar que no se ha producido ning\u00fan incumplimiento de los est\u00e1ndares de calidad en la atenci\u00f3n a los pacientes, de la \u00e9tica profesional, ni de la ley\u201d. <\/p>\n<p class=\"\">A esa reuni\u00f3n de septiembre siguieron otras en las que se confirmaron y especificaron estas \u00f3rdenes. Poco despu\u00e9s, el 22 de octubre, Pilar Navarro, que por entonces era gerente del hospital, curs\u00f3 una denuncia interna en la web del grupo para alertar de estas pr\u00e1cticas, seg\u00fan documentos a los que ha tenido acceso este peri\u00f3dico. Dos d\u00edas despu\u00e9s fue despedida.<\/p>\n<p class=\"\">El 26 de octubre, tres miembros de la direcci\u00f3n asistencial de Ribera remitieron otra denuncia por el mismo canal. La firmaban Carlos Catal\u00e1n, director m\u00e9dico del grupo, Mar\u00eda Josefa Soriano, directora de enfermer\u00eda, y Jos\u00e9 David Zafrilla, director de calidad y experiencia del paciente. Los tres fueron despedidos al d\u00eda siguiente, el 27 de octubre.<\/p>\n<p class=\"\">Al ser preguntado por estos cuatro despidos, un portavoz del grupo Ribera ha explicado por escrito a este peri\u00f3dico que la compa\u00f1\u00eda decidi\u00f3 poner fin a la relaci\u00f3n laboral con estas personas, \u201cdebido a la p\u00e9rdida de confianza en su gesti\u00f3n y su falta de liderazgo, con motivos justificados que nada tienen que ver con el asunto en cuesti\u00f3n\u201d. \u201cLos cambios en los puestos de responsabilidad son habituales en las organizaciones, y muchas veces van acompa\u00f1ados de denuncias en los canales internos, que son objeto de investigaciones internas para determinar su veracidad o no\u201d, ha a\u00f1adido.<\/p>\n<p class=\"\">En las comunicaciones internas a las que ha tenido acceso EL PA\u00cdS, dirigidas tanto al grupo espa\u00f1ol como a la matriz francesa, Vivalto Sant\u00e9 (propietaria de un 75% de Ribera), los firmantes denuncian las medidas que impuls\u00f3 el CEO de Ribera. Gallart pidi\u00f3 a los mandos del grupo y del Hospital de Torrej\u00f3n \u201cimaginaci\u00f3n\u201d para mejorar los resultados de la empresa y marc\u00f3 una directriz clara: \u201cdesandar el camino\u201d en la bajada de listas de espera de a\u00f1os anteriores y \u201chacer iteraciones\u201d \u2014es decir, ajustes\u2014 para \u201calcanzar un ebitda [beneficio antes de intereses, impuestos, depreciaciones y amortizaciones] de cuatro o cinco millones\u201d.<\/p>\n<p>\u201cMala praxis asistencial\u201d<\/p>\n<p class=\"\">Los firmantes describen en sus denuncias su preocupaci\u00f3n por la \u201cvulneraci\u00f3n de los derechos de los pacientes\u201d y la \u201cmala praxis asistencial\u201d que estas indicaciones pueden conllevar, y solicitan una investigaci\u00f3n interna que indague en posibles incumplimientos de compromisos adquiridos con la Consejer\u00eda de Sanidad de la Comunidad de Madrid, la administraci\u00f3n que contrat\u00f3 a Ribera para gestionar el hospital.<\/p>\n<p class=\"\">Entre ellos, enumeran las instrucciones que Gallart dio y otras que, aseguran en esos escritos, se recibieron con posterioridad, como dar prioridad a pacientes \u201cno c\u00e1pita\u201d \u2015aquellos que no tienen asignado por defecto el hospital, pero que piden ser atendidos en \u00e9l\u2015 rentables, relegando la atenci\u00f3n a los no rentables.<\/p>\n<p class=\"\">En las dos denuncias presentadas en el canal de cumplimiento \u00e9tico y legal (Compliance) de Ribera se incluyen alertas sobre las \u00f3rdenes de atender consultas a pacientes \u201cc\u00e1pita\u201d, pero no realizar sus cirug\u00edas, lo que provoca una \u201cdemora deliberada para derivarlos a otros hospitales\u201d. O suspender la atenci\u00f3n de di\u00e1lisis peritoneal \u201cno c\u00e1pita\u201d por su coste, remitiendo pacientes a otros centros, y vulnerando as\u00ed la <a href=\"https:\/\/elpais.com\/ccaa\/2019\/07\/03\/madrid\/1562157195_974960.html\" target=\"_blank\" rel=\"noreferrer nofollow noopener\" title=\"https:\/\/elpais.com\/ccaa\/2019\/07\/03\/madrid\/1562157195_974960.html\">Ley de Libre Elecci\u00f3n de la Comunidad<\/a> de Madrid, que permite a los residentes elegir el centro en el que quieren ser atendidos.<\/p>\n<p class=\"\">Las comunicaciones en este canal interno van m\u00e1s all\u00e1 de los audios publicados el mi\u00e9rcoles por este peri\u00f3dico. Aseguran, por ejemplo, que hay instrucciones de incrementar la cirug\u00eda de los pacientes a los que no les corresponde el hospital \u2015por las que la Comunidad paga\u2015 desplazando a pacientes del \u00e1rea de la programaci\u00f3n quir\u00fargica, que ya est\u00e1n incluidos en el canon fijo que abona la Consejer\u00eda.<\/p>\n<p class=\"\">El departamento de Compliance respondi\u00f3 a esas denuncias casi un mes m\u00e1s tarde, cuando los directivos ya hab\u00edan sido despedidos. En su respuesta explica que tras una investigaci\u00f3n interna no se hab\u00edan obtenido \u201cevidencias del incumplimiento del contrato concesional o de la normativa aplicable\u201d, o la comisi\u00f3n de \u201cinfracciones penales o administrativas graves o muy graves\u201d. Y que, por tanto, se proced\u00eda al \u201carchivo de la comunicaci\u00f3n\u201d.<\/p>\n<p class=\"\">Tras el despido, Carlos Catal\u00e1n, que era director asistencial del grupo, envi\u00f3 un correo electr\u00f3nico a una veintena de compa\u00f1eros, al que tambi\u00e9n ha accedido EL PA\u00cdS. En \u00e9l lamenta que el proyecto por el que apost\u00f3 hace 26 a\u00f1os \u201cha desaparecido de la mano de los actuales gestores, que quieren cumplir sus objetivos financieros a cualquier precio, incluida la salud de los pacientes\u201d. <\/p>\n<p class=\"\">\u201cNunca durante este largo periodo nadie me ha pedido que haga u obligue a hacer a otros nada que pusiera en riesgo la salud de los pacientes, y, por tanto, ahora no puedo ceder a esta amenaza\u201d, contin\u00faa. <\/p>\n<p>Una reuni\u00f3n de urgencia<\/p>\n<p class=\"\">Ante los planes que han revelado los audios del CEO de Ribera revelados por EL PA\u00cdS, la Consejer\u00eda de Sanidad de la Comunidad de Madrid ha convocado de urgencia una reuni\u00f3n con la c\u00fapula directiva de la empresa y <a href=\"https:\/\/elpais.com\/sociedad\/2025-12-03\/la-comunidad-de-madrid-envia-un-equipo-al-hospital-de-torrejon-para-constatar-in-situ-como-presta-el-servicio.html\" target=\"_blank\" rel=\"noreferrer nofollow noopener\" title=\"https:\/\/elpais.com\/sociedad\/2025-12-03\/la-comunidad-de-madrid-envia-un-equipo-al-hospital-de-torrejon-para-constatar-in-situ-como-presta-el-servicio.html\">ha informado que ha movilizado a un equipo multidisciplinar<\/a> que se ha personado en el hospital para \u201cconstatar \u2018in situ\u2019 la adecuada prestaci\u00f3n del servicio en todos sus \u00e1mbitos\u201d y que \u201cadoptar\u00e1 todas las actuaciones y controles que pudieran corresponder\u201d. <\/p>\n<p class=\"\">\u201cEn ning\u00fan caso se va a tolerar ning\u00fan tipo de actuaci\u00f3n o pr\u00e1ctica que pueda perjudicar el acceso a la asistencia sanitaria, que ser\u00e1 prestada siempre con la mayor calidad y en igualdad de condiciones en todos los hospitales del Servicio Madrile\u00f1o de Salud (Sermas)\u201d, asegura en un comunicado.<\/p>\n<p class=\"\">La comunidad ha inyectado 88 millones de euros adicionales en los \u00faltimos cinco a\u00f1os a Ribera para la gesti\u00f3n del hospital, <a href=\"https:\/\/elpais.com\/espana\/madrid\/2025-07-16\/el-gobierno-de-ayuso-rescata-con-33-millones-al-hospital-publico-de-gestion-privada-de-torrejon.html\" target=\"_blank\" rel=\"noreferrer nofollow noopener\" title=\"https:\/\/elpais.com\/espana\/madrid\/2025-07-16\/el-gobierno-de-ayuso-rescata-con-33-millones-al-hospital-publico-de-gestion-privada-de-torrejon.html\">a los que se suman un rescate de otros 32,7 millones<\/a> el pasado julio para que el grupo pudiera hacer frente a las deudas adquiridas en el Hospital de Torrej\u00f3n, que en 2022 alcanzaba los 124 millones de euros. <\/p>\n<p class=\"\">Un portavoz auton\u00f3mico justific\u00f3 entonces que este abono extraordinario se deb\u00eda a la necesidad de un reequilibrio del contrato por gastos no contemplados al inicio, como el gran gasto farmac\u00e9utico. Es, precisamente, uno de los gastos que Gallart pidi\u00f3 a sus mandos revisar: \u201cLa actividad que lleva pareja temas de farmacia es posible que no nos interese. No s\u00e9, hay much\u00edsimas teclas que podemos tocar\u201d.<\/p>\n<p class=\"\">El modelo del Hospital del Torrej\u00f3n es una invenci\u00f3n del propio grupo Ribera, que lo puso en marcha a finales de los noventa en la Comunidad Valenciana. Se basa en que la empresa construye la infraestructura y la gestiona \u2015incluida la actividad cl\u00ednica\u2015 durante un periodo de tiempo que suele ser de 30 a\u00f1os. La administraci\u00f3n paga un canon fijo por el servicio, que va en funci\u00f3n de la poblaci\u00f3n, no de la actividad, como sucede en otro tipo de concesiones. En el caso de Madrid hay abonos adicionales por intervenciones a pacientes \u201cno c\u00e1pita\u201d. <\/p>\n<p class=\"\">A los efectos de la asistencia sanitaria de los ciudadanos, los hospitales que operan bajo este modelo son p\u00fablicos y deben proveer los mismos servicios que cualquier otro. En Madrid, adem\u00e1s del de Torrej\u00f3n, funcionan bajo el mismo sistema el Hospital General de Villalba, el Infanta Elena y el Rey Juan Carlos, gestionados por Quir\u00f3n.<\/p>\n","protected":false},"excerpt":{"rendered":"El grupo Ribera Salud ha despedido al menos a cuatro directivos que denunciaron en el canal \u00e9tico interno&hellip;\n","protected":false},"author":2,"featured_media":270280,"comment_status":"","ping_status":"","sticky":false,"template":"","format":"standard","meta":{"footnotes":""},"categories":[8],"tags":[17,18,1467,5702,25,24,13,14,11,19,20,205,9,10,15,16,66347,166,1811,26164,17109,492,23,12,65845,21,22],"class_list":{"0":"post-270279","1":"post","2":"type-post","3":"status-publish","4":"format-standard","5":"has-post-thumbnail","7":"category-espana","8":"tag-breaking-news","9":"tag-breakingnews","10":"tag-comunidad-de-madrid","11":"tag-despido","12":"tag-es","13":"tag-espana","14":"tag-featured-news","15":"tag-featurednews","16":"tag-headlines","17":"tag-latest-news","18":"tag-latestnews","19":"tag-madrid","20":"tag-news","21":"tag-noticias","22":"tag-noticias-destacadas","23":"tag-noticiasdestacadas","24":"tag-ribera-salud","25":"tag-salud","26":"tag-sanidad","27":"tag-sanidad-privada","28":"tag-sanidad-publica","29":"tag-sociedad","30":"tag-spain","31":"tag-titulares","32":"tag-torrejon-de-ardoz","33":"tag-ultimas-noticias","34":"tag-ultimasnoticias"},"share_on_mastodon":{"url":"https:\/\/pubeurope.com\/@es\/115659960696245869","error":""},"_links":{"self":[{"href":"https:\/\/www.europesays.com\/es\/wp-json\/wp\/v2\/posts\/270279","targetHints":{"allow":["GET"]}}],"collection":[{"href":"https:\/\/www.europesays.com\/es\/wp-json\/wp\/v2\/posts"}],"about":[{"href":"https:\/\/www.europesays.com\/es\/wp-json\/wp\/v2\/types\/post"}],"author":[{"embeddable":true,"href":"https:\/\/www.europesays.com\/es\/wp-json\/wp\/v2\/users\/2"}],"replies":[{"embeddable":true,"href":"https:\/\/www.europesays.com\/es\/wp-json\/wp\/v2\/comments?post=270279"}],"version-history":[{"count":0,"href":"https:\/\/www.europesays.com\/es\/wp-json\/wp\/v2\/posts\/270279\/revisions"}],"wp:featuredmedia":[{"embeddable":true,"href":"https:\/\/www.europesays.com\/es\/wp-json\/wp\/v2\/media\/270280"}],"wp:attachment":[{"href":"https:\/\/www.europesays.com\/es\/wp-json\/wp\/v2\/media?parent=270279"}],"wp:term":[{"taxonomy":"category","embeddable":true,"href":"https:\/\/www.europesays.com\/es\/wp-json\/wp\/v2\/categories?post=270279"},{"taxonomy":"post_tag","embeddable":true,"href":"https:\/\/www.europesays.com\/es\/wp-json\/wp\/v2\/tags?post=270279"}],"curies":[{"name":"wp","href":"https:\/\/api.w.org\/{rel}","templated":true}]}}