{"id":270287,"date":"2025-12-04T06:59:12","date_gmt":"2025-12-04T06:59:12","guid":{"rendered":"https:\/\/www.europesays.com\/es\/270287\/"},"modified":"2025-12-04T06:59:12","modified_gmt":"2025-12-04T06:59:12","slug":"salvador-uno-de-los-medicos-que-suministro-ketamina-a-matthew-perry-sentenciado-a-dos-anos-y-medio-de-prision","status":"publish","type":"post","link":"https:\/\/www.europesays.com\/es\/270287\/","title":{"rendered":"Salvador, uno de los m\u00e9dicos que suministr\u00f3 ketamina a Matthew Perry, sentenciado a dos a\u00f1os y medio de prisi\u00f3n"},"content":{"rendered":"<p class=\"paragraph\" id=\"paragraph_1\">Este mi\u00e9rcoles, 3 de diciembre, el doctor <strong>Salvador Plasencia<\/strong>, uno de los cinco acusados por la muerte de <a href=\"https:\/\/www.elespanol.com\/corazon\/celebrities\/20251028\/historia-matthew-perry-contada-expertos-adicto-cualquier-cosa-abuses-despierta-bestia\/1003743987685_0.html?utm_cmp_rs=linksinline\" rel=\"nofollow noopener\" target=\"_blank\"><strong>Matthew Perry<\/strong><\/a>, ha sido sentenciado a dos a\u00f1os y medio de prisi\u00f3n -30 meses- por los cuatro delitos de distribuci\u00f3n de ketamina que se le atribu\u00edan.<\/p>\n<p class=\"paragraph\" id=\"paragraph_2\">Adem\u00e1s, deber\u00e1 pagar una multa de <strong>5.600 d\u00f3lares<\/strong> -unos 4.800 euros-.<\/p>\n<p class=\"paragraph\" id=\"paragraph_3\">Los cargos conllevaban <strong>una pena m\u00e1xima de 40 a\u00f1os de prisi\u00f3n<\/strong>, aunque la Fiscal\u00eda ya hab\u00eda avisado de que no ser\u00edan m\u00e1s de tres a\u00f1os.<\/p>\n<p><img loading=\"lazy\" decoding=\"async\" alt=\"Matthew Perry\" height=\"180\" src=\"https:\/\/www.europesays.com\/es\/wp-content\/uploads\/2025\/12\/1003743807664_256525299_320x180.jpg\" width=\"320\" data-lazy-status=\"processed\" data-lazy-info=\"remove loading item 1\"\/><\/p>\n<p><img decoding=\"async\" alt=\"El doctor Salvador Plasencia en un tribunal federal en Los \u00c1ngeles este mi\u00e9rcoles, 3 de diciembre de 2025.\" data-imgm=\"true\" height=\"180\" loading=\"lazy\"  src=\"https:\/\/www.europesays.com\/es\/wp-content\/uploads\/2025\/12\/1003744041722_260304941_1024x576.jpg\"  width=\"320\"\/><\/p>\n<p>                                                            El doctor Salvador Plasencia en un tribunal federal en Los \u00c1ngeles este mi\u00e9rcoles, 3 de diciembre de 2025.<\/p>\n<p>                    EFE<\/p>\n<p class=\"paragraph\" id=\"paragraph_4\">El actor de Friends, cabe recordar, fue <a href=\"https:\/\/www.elespanol.com\/bluper\/series\/20231029\/muere-matthew-perry-chandler-friends-ahogado-jacuzzi-casa-angeles\/805669427_0.html?utm_cmp_rs=linksinline\" rel=\"nofollow noopener\" target=\"_blank\"><strong>encontrado sin vida en el jacuzzi de su casa<\/strong><\/a> en octubre de 2023 a los 54 a\u00f1os de edad.<\/p>\n<p class=\"paragraph\" id=\"paragraph_5\">Plasencia ha sido <strong>el primero de los cinco investigados<\/strong> por la muerte de Perry en recibir sentencia. El pasado mes de julio, el m\u00e9dico se declar\u00f3 culpable de suministrar ketamina al int\u00e9rprete sin raz\u00f3n cl\u00ednica por <strong>m\u00e1s de 50.000 d\u00f3lares<\/strong>.<\/p>\n<p class=\"paragraph\" id=\"paragraph_6\">En aquel entonces, Salvador relat\u00f3 que hab\u00eda facilitado ketamina a Matthew Perry semanas antes de su muerte <strong>\u00absin finalidad m\u00e9dica\u00bb<\/strong>.<\/p>\n<p class=\"paragraph\" id=\"paragraph_7\">Plasencia no es sino uno de los cinco presuntos implicados en la tr\u00e1gica muerte del actor. Adem\u00e1s del actor, est\u00e1n acusados de diversos delitos <strong>Kenneth Imawasa<\/strong>, quien fuera el asistente de Perry, y el doctor <strong>Mark Chavez<\/strong>.<\/p>\n<p><img decoding=\"async\" alt=\"El doctor Salvador Plasencia en un tribunal federal en Los \u00c1ngeles este mi\u00e9rcoles, 3 de diciembre de 2025.\" data-imgm=\"true\" height=\"180\" loading=\"lazy\"  src=\"https:\/\/www.europesays.com\/es\/wp-content\/uploads\/2025\/12\/1003744041846_260306436_1024x576.jpg\"  width=\"320\"\/><\/p>\n<p>                                                            El doctor Salvador Plasencia en un tribunal federal en Los \u00c1ngeles este mi\u00e9rcoles, 3 de diciembre de 2025.<\/p>\n<p>                    EFE<\/p>\n<p class=\"paragraph\" id=\"paragraph_8\">Tambi\u00e9n as\u00ed <strong>Kasveen Shanga<\/strong> -conocida como la reina de la ketamina- y <strong>Erik Fleming<\/strong>, un director de televisi\u00f3n y cine vinculado al narcotr\u00e1fico. Ambos, presuntamente, tambi\u00e9n formaron parte de la venta de sustancias nocivas al actor de Friends.<\/p>\n<p class=\"paragraph\" id=\"paragraph_9\">Todos los implicados en la muerte de Perry se han ido declarando <strong>culpables<\/strong> de haber formado parte del caso durante estos dos a\u00f1os.<\/p>\n<p class=\"paragraph\" id=\"paragraph_10\">La sentencia a Salvador Plasencia por el fallecimiento de Matthew Perry sucede pocas semanas despu\u00e9s de ver la luz el documental llamado <strong>Matthew Perry: La tragedia<\/strong>. El filme vio la luz el pasado 28 de octubre en la plataforma AMC Crime.<\/p>\n<p><img decoding=\"async\" alt=\"El actor Matthew Perry, en una imagen de archivo.\" data-imgm=\"true\" height=\"180\" loading=\"lazy\"  src=\"https:\/\/www.europesays.com\/es\/wp-content\/uploads\/2025\/12\/878422422_248493263_1024x576.jpg\"  width=\"320\"\/><\/p>\n<p>                                                            El actor Matthew Perry, en una imagen de archivo.<\/p>\n<p>                    Reuters<\/p>\n<p class=\"paragraph\" id=\"paragraph_11\">A lo largo del formato audiovisual, diversos expertos en la materia as\u00ed como amigos del malogrado actor ofrec\u00edan su versi\u00f3n de los hechos. El doctor Plasencia, de hecho, tiene <strong>un especial protagonismo<\/strong>.<\/p>\n<p class=\"paragraph\" id=\"paragraph_12\"><strong>\u00abEl doctor Plasencia casi lo vio morir y se aprovech\u00f3 econ\u00f3micamente de \u00e9l\u00bb<\/strong>, confes\u00f3 Katy Forrester, periodista del medio The Us Sun.<\/p>\n<p>Los padres de Matthew Perry<\/p>\n<p class=\"paragraph\" id=\"paragraph_13\">Previo a la sentencia a Salvador Plasencia, los padres del malogrado actor, Susanne Perry y Keith Morrison -este \u00faltimo en realidad era su padrastro-, enviaron <strong>una carta al Tribunal<\/strong> expresando su malestar ante la situaci\u00f3n.<\/p>\n<p><img decoding=\"async\" alt=\"Susanne Perry y Keith Morrison, este mi\u00e9rcoles, 3 de diciembre de 2025, en un tribunal federal en Los \u00c1ngeles\" data-imgm=\"true\" height=\"180\" loading=\"lazy\"  src=\"https:\/\/www.europesays.com\/es\/wp-content\/uploads\/2025\/12\/1003744041724_260305003_1024x576.jpg\"  width=\"320\"\/><\/p>\n<p>                                                            Susanne Perry y Keith Morrison, este mi\u00e9rcoles, 3 de diciembre de 2025, en un tribunal federal en Los \u00c1ngeles<\/p>\n<p>                    EFE<\/p>\n<p class=\"paragraph\" id=\"paragraph_14\">\u00abAqu\u00ed hab\u00eda una vida tan entrelazada con la nuestra y sostenida a veces con cinta adhesiva y alambre de estiba, <strong>con cualquier cosa que pudiera impedir que esa cosa grande y terrible matara a nuestro primog\u00e9nito, y nuestros corazones con \u00e9l\u00bb<\/strong>, rezaba parte del escrito.<\/p>\n<p class=\"paragraph\" id=\"paragraph_15\">Tambi\u00e9n apuntaron directamente a Plasencia, diciendo que administr\u00f3 la droga \u00absin un prop\u00f3sito m\u00e9dico leg\u00edtimo\u00bb y lo describieron como<strong> \u00abuno de los m\u00e1s culpables de todos\u00bb<\/strong>.<\/p>\n","protected":false},"excerpt":{"rendered":"Este mi\u00e9rcoles, 3 de diciembre, el doctor Salvador Plasencia, uno de los cinco acusados por la muerte de&hellip;\n","protected":false},"author":2,"featured_media":270288,"comment_status":"","ping_status":"","sticky":false,"template":"","format":"standard","meta":{"footnotes":""},"categories":[174],"tags":[255,146,147,25,24,256,2158,20186,805,23],"class_list":{"0":"post-270287","1":"post","2":"type-post","3":"status-publish","4":"format-standard","5":"has-post-thumbnail","7":"category-famosos","8":"tag-celebrities","9":"tag-entertainment","10":"tag-entretenimiento","11":"tag-es","12":"tag-espana","13":"tag-famosos","14":"tag-justicia","15":"tag-matthew-perry","16":"tag-series","17":"tag-spain"},"share_on_mastodon":{"url":"https:\/\/pubeurope.com\/@es\/115660008380870113","error":""},"_links":{"self":[{"href":"https:\/\/www.europesays.com\/es\/wp-json\/wp\/v2\/posts\/270287","targetHints":{"allow":["GET"]}}],"collection":[{"href":"https:\/\/www.europesays.com\/es\/wp-json\/wp\/v2\/posts"}],"about":[{"href":"https:\/\/www.europesays.com\/es\/wp-json\/wp\/v2\/types\/post"}],"author":[{"embeddable":true,"href":"https:\/\/www.europesays.com\/es\/wp-json\/wp\/v2\/users\/2"}],"replies":[{"embeddable":true,"href":"https:\/\/www.europesays.com\/es\/wp-json\/wp\/v2\/comments?post=270287"}],"version-history":[{"count":0,"href":"https:\/\/www.europesays.com\/es\/wp-json\/wp\/v2\/posts\/270287\/revisions"}],"wp:featuredmedia":[{"embeddable":true,"href":"https:\/\/www.europesays.com\/es\/wp-json\/wp\/v2\/media\/270288"}],"wp:attachment":[{"href":"https:\/\/www.europesays.com\/es\/wp-json\/wp\/v2\/media?parent=270287"}],"wp:term":[{"taxonomy":"category","embeddable":true,"href":"https:\/\/www.europesays.com\/es\/wp-json\/wp\/v2\/categories?post=270287"},{"taxonomy":"post_tag","embeddable":true,"href":"https:\/\/www.europesays.com\/es\/wp-json\/wp\/v2\/tags?post=270287"}],"curies":[{"name":"wp","href":"https:\/\/api.w.org\/{rel}","templated":true}]}}