{"id":270291,"date":"2025-12-04T07:02:11","date_gmt":"2025-12-04T07:02:11","guid":{"rendered":"https:\/\/www.europesays.com\/es\/270291\/"},"modified":"2025-12-04T07:02:11","modified_gmt":"2025-12-04T07:02:11","slug":"pedro-ruiz-defiende-el-hormiguero-en-pleno-directo-de-la-revuelta-no-estamos-en-un-pais-libre","status":"publish","type":"post","link":"https:\/\/www.europesays.com\/es\/270291\/","title":{"rendered":"Pedro Ruiz defiende \u2018El Hormiguero\u2019 en pleno directo de \u2018La Revuelta\u2019: \u201c\u00bfNo estamos en un pa\u00eds libre?\u00bb"},"content":{"rendered":"<p class=\"\">Cuando <b>Pedro Ruiz <\/b>entra a un plat\u00f3 de televisi\u00f3n saben los all\u00ed presentes que <b>el asunto es cosa seria. <\/b>Hay pocos rostros m\u00e1s representativos de la peque\u00f1a pantalla que el ic\u00f3nico presentador de TVE, cuya trayectoria es dilatada: <b>entr\u00f3 en Radio Nacional de Espa\u00f1a en Catalu\u00f1a all\u00e1 por 1967<\/b> y, desde entonces, no ha dejado de dirigirse al espectador. Ha cambiado el medio \u2014literalmente\u2014 en m\u00e1s de una ocasi\u00f3n, pero jam\u00e1s su mirada. Tampoco lo ha hecho este mi\u00e9rcoles al ingresar en<b> <\/b><b>La Revuelta<\/b><b>.<\/b><\/p>\n<p class=\"\">Se hizo notar pronto<b> la buena sinton\u00eda entre el invitado y David Broncano<\/b>, quien lleg\u00f3 a confesar que, incluso, Ruiz tiene <b>la rara costumbre de enviarle v\u00eddeos por WhatsApp saltando a la piscina.<\/b> Amistades hay muchas y de muchos tipos. La excelente relaci\u00f3n que ambos mantienen no evit\u00f3 que, una vez sentados, Ruiz se limitase a responder las cuestiones del jienense y, entre r\u00e9plica y r\u00e9plica, dejase caer<b> una peque\u00f1a pulla<\/b>. El motivo:<b> <\/b><b>El Hormiguero<\/b><b>.<\/b><\/p>\n<p class=\"\"><b>\u201c\u00bfVes el programa de vez en cuando?\u201c<\/b>, fue lo primero que quiso saber Broncano. Su invitado asinti\u00f3: <b>\u201dS\u00ed, veo todo. Veo el programa, los programas, oigo la radio, voy al cine&#8230;\u201c.<\/b> Quiso ahondar m\u00e1s el conductor del espacio. <b>\u201d\u00bfQu\u00e9 programas?\u201c<\/b>, pregunt\u00f3, a lo que Ruiz respondi\u00f3 que<b> \u201dtodos ellos\u00bb<\/b> y que en unos se quedaba m\u00e1s y en otros, menos. Y Broncano insisti\u00f3:<b> \u201c\u00bfVes la competencia en esta franja?\u201c.<\/b><\/p>\n<p>\u201cNo nos gusta el zapping aqu\u00ed&#8230;\u201d<\/p>\n<p class=\"\">Ruiz no cambi\u00f3 su respuesta, pese a la persistencia del jienense.<b> \u201cHago zapping. Igual que hago en el coche con la radio. <\/b>Me gusta saber cu\u00e1l es la entidad de las bocas y estar con todo el mundo, <b>que cada uno hace un programa a su estilo<\/b>\u201d, reflexion\u00f3, cabal. Y entonces, en tono cercano, afe\u00f3 Broncano a su invitado que no optase por La Revuelta: <b>\u201cNo nos gusta el zapping aqu\u00ed&#8230; Quiero decir, una vez que ya has decidido poner La 1, que cambies luego&#8230; \u00bfCambias?\u201c.<\/b><\/p>\n<p class=\"\">Se dibuj\u00f3 una sonrisa en la cara del m\u00edtico presentador.<b> \u201c\u00bfEst\u00e1 prohibido cambiar? \u00bfPero no estamos en un pa\u00eds libre?\u201c<\/b>, se divirti\u00f3 con preguntas ret\u00f3ricas que no esperaban contestaci\u00f3n. Broncano, igualmente, la dio de forma c\u00f3mica: <b>\u201dOjal\u00e1 pudiese establecer una rep\u00fablica bolivariana del programa\u00bb.<\/b><\/p>\n<p>Noticias relacionadas<a href=\"https:\/\/as.com\/tikitakas\/famosos\/lucas-de-andy-y-lucas-se-compra-un-coche-de-70000-euros-tras-los-rumores-de-deudas-a-tope-de-extras-f202512-n\/\" class=\"s_m_w\" title=\"El vendedor que tramit\u00f3 la operaci\u00f3n ha comentado a \u2018El tiempo justo\u2019 los detalles del veh\u00edculo que el cantante habr\u00eda adquirido hace meses.\" data-tb-link=\"\" rel=\"nofollow noopener\" target=\"_blank\"><img decoding=\"async\" src=\"https:\/\/www.europesays.com\/es\/wp-content\/uploads\/2025\/12\/QWD47KUKAJHMRGOMBIIZQYITO4.jpg\" alt=\"Lucas, de Andy y Lucas, se compra un Porsche de 70.000 euros: \u201cA tope de extras\u201d\" class=\"\" height=\"9\" width=\"16\"   loading=\"lazy\" data-tb-thumbnail=\"\"\/><\/a><a href=\"https:\/\/as.com\/tikitakas\/television\/gran-hermano-echa-el-cierre-en-telecinco-finiquita-la-edicion-y-activa-un-plan-b-f202512-n\/\" class=\"s_m_w\" title=\"El perfil Poco Pasa TV adelanta en exclusiva el final de la vig\u00e9sima temporada del reality debido a los malos datos de audiencias.\" data-tb-link=\"\" rel=\"nofollow noopener\" target=\"_blank\"><img decoding=\"async\" src=\"https:\/\/www.europesays.com\/es\/wp-content\/uploads\/2025\/12\/1764831731_333_KAFFISKNG5CZDBK5OKXAM3ROYI.png\" alt=\"\u2018Gran Hermano\u2019 echa el cierre en Telecinco: finiquita la edici\u00f3n y activa un plan B\" class=\"\" height=\"9\" width=\"16\"   loading=\"lazy\" data-tb-thumbnail=\"\"\/><\/a><\/p>\n<p class=\"\">La discusi\u00f3n se zanj\u00f3 de forma tajante con un discurso sensato de Ruiz que denota la capacidad extraordinaria desde la que analiza el panorama televisivo.<b> \u201cOigo a todo el mundo con cari\u00f1o porque creo que todos aportamos cosas. T\u00fa la tuya y otros, otra<\/b>. Creo que hay que relacionarse bien; estamos en un momento de demasiada crispaci\u00f3n, hay que quererse y ser amable\u201d, explic\u00f3. Broncano asinti\u00f3 y alguien desde el p\u00fablico se dej\u00f3 la voz: <b>\u201c\u00a1Muy bien dicho!\u201c.<\/b><\/p>\n<p class=\"\"><b>\u00a1Tus opiniones importan!<\/b> Comenta en los art\u00edculos y suscr\u00edbete gratis a nuestra <a href=\"https:\/\/asfan.as.com\/newsletters\/\" target=\"_blank\" rel=\"nofollow noopener\" title=\"https:\/\/asfan.as.com\/newsletters\/\">newsletter<\/a> y a las alertas informativas en la <a href=\"https:\/\/as.com\/aplicacion-de-as-n\/\" target=\"_blank\" rel=\"nofollow noopener\" title=\"https:\/\/as.com\/aplicacion-de-as-n\/\">App<\/a> o el canal de <a href=\"https:\/\/www.whatsapp.com\/channel\/0029VaAasdA7j6g745nz9M10\" target=\"_blank\" rel=\"nofollow noopener\" title=\"https:\/\/www.whatsapp.com\/channel\/0029VaAasdA7j6g745nz9M10\">WhatsApp<\/a>. \u00bfBuscas licenciar contenido? Haz clic <a href=\"https:\/\/profesional.elpais.com\/landing-sindicacion?utm_medium=interno&amp;utm_source=crosslinking&amp;utm_campaign=sindicacion_as_pie_articulos\" target=\"_blank\" rel=\"nofollow noopener\" title=\"https:\/\/profesional.elpais.com\/landing-sindicacion?utm_medium=interno&amp;utm_source=crosslinking&amp;utm_campaign=sindicacion_as_pie_articulos\">aqu\u00ed<\/a><\/p>\n","protected":false},"excerpt":{"rendered":"Cuando Pedro Ruiz entra a un plat\u00f3 de televisi\u00f3n saben los all\u00ed presentes que el asunto es cosa&hellip;\n","protected":false},"author":2,"featured_media":270292,"comment_status":"","ping_status":"","sticky":false,"template":"","format":"standard","meta":{"footnotes":""},"categories":[171],"tags":[146,147,25,24,23,214],"class_list":{"0":"post-270291","1":"post","2":"type-post","3":"status-publish","4":"format-standard","5":"has-post-thumbnail","7":"category-tv","8":"tag-entertainment","9":"tag-entretenimiento","10":"tag-es","11":"tag-espana","12":"tag-spain","13":"tag-tv"},"share_on_mastodon":{"url":"https:\/\/pubeurope.com\/@es\/115660020148310393","error":""},"_links":{"self":[{"href":"https:\/\/www.europesays.com\/es\/wp-json\/wp\/v2\/posts\/270291","targetHints":{"allow":["GET"]}}],"collection":[{"href":"https:\/\/www.europesays.com\/es\/wp-json\/wp\/v2\/posts"}],"about":[{"href":"https:\/\/www.europesays.com\/es\/wp-json\/wp\/v2\/types\/post"}],"author":[{"embeddable":true,"href":"https:\/\/www.europesays.com\/es\/wp-json\/wp\/v2\/users\/2"}],"replies":[{"embeddable":true,"href":"https:\/\/www.europesays.com\/es\/wp-json\/wp\/v2\/comments?post=270291"}],"version-history":[{"count":0,"href":"https:\/\/www.europesays.com\/es\/wp-json\/wp\/v2\/posts\/270291\/revisions"}],"wp:featuredmedia":[{"embeddable":true,"href":"https:\/\/www.europesays.com\/es\/wp-json\/wp\/v2\/media\/270292"}],"wp:attachment":[{"href":"https:\/\/www.europesays.com\/es\/wp-json\/wp\/v2\/media?parent=270291"}],"wp:term":[{"taxonomy":"category","embeddable":true,"href":"https:\/\/www.europesays.com\/es\/wp-json\/wp\/v2\/categories?post=270291"},{"taxonomy":"post_tag","embeddable":true,"href":"https:\/\/www.europesays.com\/es\/wp-json\/wp\/v2\/tags?post=270291"}],"curies":[{"name":"wp","href":"https:\/\/api.w.org\/{rel}","templated":true}]}}