{"id":270295,"date":"2025-12-04T07:04:12","date_gmt":"2025-12-04T07:04:12","guid":{"rendered":"https:\/\/www.europesays.com\/es\/270295\/"},"modified":"2025-12-04T07:04:12","modified_gmt":"2025-12-04T07:04:12","slug":"esta-es-una-de-las-frases-mas-iconicas-del-cine-y-volvera-tras-18-anos-de-ausencia","status":"publish","type":"post","link":"https:\/\/www.europesays.com\/es\/270295\/","title":{"rendered":"Esta es una de las frases m\u00e1s ic\u00f3nicas del cine y volver\u00e1 tras 18 a\u00f1os de ausencia"},"content":{"rendered":"<p class=\"\">Con la cinta \u2018Los inmortales\u2019 de 1986, nac\u00eda una de las franquicias m\u00e1s duraderas del g\u00e9nero de acci\u00f3n y aventuras. La saga dirigida por primera vez por Russell Mulcahy cuenta con cinco t\u00edtulos y una serie animada que se extienden a lo largo de cerca de cuatro d\u00e9cadas, y con el reboot protagonizado por Henry Cavill que saldr\u00e1 a la luz el pr\u00f3ximo a\u00f1o, <b>la historia del h\u00e9roe escoc\u00e9s Connor MacLeod se consolida como una de las m\u00e1s emblem\u00e1ticas.<\/b> Y sin embargo pocos saben el legado que ha significado esta cinta, a pesar de haber escuchado la frase que populariz\u00f3 frecuentemente en cine y concursos: <b>\u201cSolo puede quedar uno\u201d.<\/b><\/p>\n<p><b>Una frase incluso m\u00e1s ic\u00f3nica que su franquicia<\/b><\/p>\n<p class=\"\">En la cinta original, la frase se puede escuchar en cuatro ocasiones, ya sea por parte del protagonista, su temido adversario o el exc\u00e9ntrico Juan S\u00e1nchez Villa-Lobos Ram\u00edrez, as\u00ed como en la saga posterior protagonizada por Adrian Paul, en la que el inolvidable lema se repite continuamente. Habr\u00e1 que esperar hasta <b>finales de 2026 para escuchar a Cavill pronunciarla.<\/b><\/p>\n<p class=\"\">El remake de \u2018Los inmortales\u2019 corre a cargo de uno de los directores m\u00e1s populares en el g\u00e9nero de acci\u00f3n contempor\u00e1neo, <b>Chad Stahelski, responsable de la saga de \u2018John Wick\u2019. <\/b>Adem\u00e1s, estar\u00e1 escrita por el cocreador de \u2018La casa del drag\u00f3n\u2019, Ryan J. Condal o el guionista de \u2018John Wick 4\u2032 Michael Finch, y contar\u00e1 con el creador original de la pel\u00edcula estrenada hace cuatro d\u00e9cadas, Gregory Widen, como uno de sus productores ejecutivos. El elenco incluir\u00e1 al <b>ganador del Oscar Russel Crowe, Dave Bautista o la actriz emergente Marisa Abela.<\/b><\/p>\n<p>Noticias relacionadas<\/p>\n<p class=\"\">Suscr\u00edbete al <a href=\"https:\/\/www.youtube.com\/@meristation\" target=\"_self\" rel=\"nofollow noopener\" title=\"https:\/\/www.youtube.com\/@meristation\">canal de MeriStation en YouTube<\/a>, tu web de videojuegos y entretenimiento para conocer todas las noticias y novedades sobre el mundo del videojuego, cine, series, manga y anime. An\u00e1lisis, entrevistas, tr\u00e1ileres, gameplays, p\u00f3dcast y mucho m\u00e1s. Tambi\u00e9n te animamos a seguir <a href=\"https:\/\/www.tiktok.com\/@meristation\" rel=\"nofollow noopener\" title=\"https:\/\/www.tiktok.com\/@meristation\" target=\"_blank\">nuestra cuenta de TikTok<\/a>. <\/p>\n<p class=\"\">\u00a1S\u00edguenos en ambas y, si est\u00e1s interesado en licenciar este contenido, pincha <a href=\"https:\/\/profesional.elpais.com\/soluciones-sindicacion?utm_medium=interno&amp;utm_source=crosslinking&amp;utm_campaign=sindicacion_as_pie_articulos\" target=\"_blank\" rel=\"nofollow noopener\" title=\"https:\/\/profesional.elpais.com\/soluciones-sindicacion?utm_medium=interno&amp;utm_source=crosslinking&amp;utm_campaign=sindicacion_as_pie_articulos\">aqu\u00ed<\/a>!<\/p>\n<p><script async src=\"\/\/www.tiktok.com\/embed.js\"><\/script><\/p>\n","protected":false},"excerpt":{"rendered":"Con la cinta \u2018Los inmortales\u2019 de 1986, nac\u00eda una de las franquicias m\u00e1s duraderas del g\u00e9nero de acci\u00f3n&hellip;\n","protected":false},"author":2,"featured_media":270296,"comment_status":"","ping_status":"","sticky":false,"template":"","format":"standard","meta":{"footnotes":""},"categories":[169],"tags":[177,146,147,25,24,176,175,23],"class_list":{"0":"post-270295","1":"post","2":"type-post","3":"status-publish","4":"format-standard","5":"has-post-thumbnail","7":"category-cine","8":"tag-cine","9":"tag-entertainment","10":"tag-entretenimiento","11":"tag-es","12":"tag-espana","13":"tag-film","14":"tag-movies","15":"tag-spain"},"share_on_mastodon":{"url":"https:\/\/pubeurope.com\/@es\/115660027598480920","error":""},"_links":{"self":[{"href":"https:\/\/www.europesays.com\/es\/wp-json\/wp\/v2\/posts\/270295","targetHints":{"allow":["GET"]}}],"collection":[{"href":"https:\/\/www.europesays.com\/es\/wp-json\/wp\/v2\/posts"}],"about":[{"href":"https:\/\/www.europesays.com\/es\/wp-json\/wp\/v2\/types\/post"}],"author":[{"embeddable":true,"href":"https:\/\/www.europesays.com\/es\/wp-json\/wp\/v2\/users\/2"}],"replies":[{"embeddable":true,"href":"https:\/\/www.europesays.com\/es\/wp-json\/wp\/v2\/comments?post=270295"}],"version-history":[{"count":0,"href":"https:\/\/www.europesays.com\/es\/wp-json\/wp\/v2\/posts\/270295\/revisions"}],"wp:featuredmedia":[{"embeddable":true,"href":"https:\/\/www.europesays.com\/es\/wp-json\/wp\/v2\/media\/270296"}],"wp:attachment":[{"href":"https:\/\/www.europesays.com\/es\/wp-json\/wp\/v2\/media?parent=270295"}],"wp:term":[{"taxonomy":"category","embeddable":true,"href":"https:\/\/www.europesays.com\/es\/wp-json\/wp\/v2\/categories?post=270295"},{"taxonomy":"post_tag","embeddable":true,"href":"https:\/\/www.europesays.com\/es\/wp-json\/wp\/v2\/tags?post=270295"}],"curies":[{"name":"wp","href":"https:\/\/api.w.org\/{rel}","templated":true}]}}