{"id":270297,"date":"2025-12-04T07:05:19","date_gmt":"2025-12-04T07:05:19","guid":{"rendered":"https:\/\/www.europesays.com\/es\/270297\/"},"modified":"2025-12-04T07:05:19","modified_gmt":"2025-12-04T07:05:19","slug":"1-4-rodrigo-riquelme-lleva-al-betis-a-dieciseisavos-con-un-triplete-ante-el-torrent","status":"publish","type":"post","link":"https:\/\/www.europesays.com\/es\/270297\/","title":{"rendered":"1-4. Rodrigo Riquelme lleva al Betis a dieciseisavos con un triplete ante el Torrent"},"content":{"rendered":"<p class=\"mb-4 text-lg md:leading-8 break-words\">Valencia, 3 dic (EFE).- Con un triplete Rodrigo Riquelme clasific\u00f3 al Betis para los dieciseisavos de final de la Copa del Rey este mi\u00e9rcoles ante el Torrent en el Ciutat de Val\u00e8ncia, en un partido que termin\u00f3 1-4 y sirvi\u00f3 al extremo para reivindicarse, marcar su quinto gol en esta competici\u00f3n y acabar con el sue\u00f1o del equipo de Segunda RFEF.<\/p>\n<p class=\"mb-4 text-lg md:leading-8 break-words\">Pese a encajar tres goles, el Torrent sigui\u00f3 intent\u00e1ndolo hasta el final y Armando Corbal\u00e1n marc\u00f3 en el minuto 85 para darle una alegr\u00eda a los 6.680 espectadores que acudieron al estadio del Levante. En el 90, \u00c1ngel Ortiz marc\u00f3 el cuarto para el Betis.<\/p>\n<p class=\"mb-4 text-lg md:leading-8 break-words\">Por las obras del campo de San Gregorio, al Torrent le toc\u00f3 jugar a unos diez kil\u00f3metros de su municipio, restando algo de esa magia que tienen las primeras rondas coperas. Sin embargo, la afici\u00f3n \u2018taronja\u2019 se desplaz\u00f3 con ilusi\u00f3n al campo ubicado en la capital para ver a su equipo jugar contra un Primera Divisi\u00f3n.<\/p>\n<p class=\"mb-4 text-lg md:leading-8 break-words\">\u201cS\u00ed se puede\u201d, cantaban los miles de torrentinos que estaban en la grada azulgrana, este mi\u00e9rcoles te\u00f1ida de naranja gracias a las bufandas y banderas del equipo local. Dec\u00eda el t\u00e9cnico Toni Seligrat que era un partido para disfrutar, aunque el Betis monopoliz\u00f3 el bal\u00f3n sin darle ninguna opci\u00f3n a su equipo. El protagonismo era total de los verdiblancos.<\/p>\n<p class=\"mb-4 text-lg md:leading-8 break-words\">Pese a la diferencia de categor\u00eda, Manuel Pellegrini no quiso arriesgar y sac\u00f3 un once bastante reconocible con su estrella Antony como titular. El Chimy \u00c1vila tambi\u00e9n fue de la partida y la primera ocasi\u00f3n de los b\u00e9ticos fue del argentino con un chut que se fue directo a las manos de Marc Dolz.<\/p>\n<p class=\"mb-4 text-lg md:leading-8 break-words\">En el minuto once, Rodrigo Riquelme se recorri\u00f3 la frontal como quiso para meterse hacia dentro y armar el disparo para marcar el 0-1. Dolz roz\u00f3 el bal\u00f3n, pero bot\u00f3 justo delante de \u00e9l y no pudo hacer mucho m\u00e1s para evitar el tanto. Pero s\u00ed pudo frenar un chut a bocajarro de Bakambu pocos minutos despu\u00e9s.<\/p>\n<p class=\"mb-4 text-lg md:leading-8 break-words\">El Betis segu\u00eda con su dominio mientras que el Torrent intentaba volcar su ataque por la banda izquierda de Manu Viana, pero la defensa b\u00e9tica cortaba las pocas progresiones de su rival, que conforme fue llegando la media hora de partido fue creci\u00e9ndose.<\/p>\n<p class=\"mb-4 text-lg md:leading-8 break-words\">La primera llegada con peligro del Torrent fue en el minuto 26 con un taconazo en el \u00e1rea del central Mej\u00eda al que lleg\u00f3 antes la zaga visitante que su delantero y Adri\u00e1n P\u00e9rez lo intent\u00f3 desde lejos, pero su chut se march\u00f3 desviado.<\/p>\n<p class=\"mb-4 text-lg md:leading-8 break-words\">El Torrent dio un paso al frente, dej\u00f3 de estar tan hundido y el partido se equilibr\u00f3. Pero cuando el Betis quer\u00eda apretar, lo consegu\u00eda sin mucho esfuerzo. Y en los \u00faltimos minutos de la primera parte lo hizo.<\/p>\n<p class=\"mb-4 text-lg md:leading-8 break-words\">Dan Ojog evit\u00f3 el segundo de \u2018Roro\u2019 Riquelme lanz\u00e1ndose con todo para tapar el disparo. y Marc Dolz vol\u00f3 para sacar una gran mano a un chut del Chimy \u00c1vila, pero en el 43 Rodrigo Riquelme marc\u00f3 el segundo. Sin casi \u00e1ngulo, el futbolista b\u00e9tico la pic\u00f3 para batir a Dolz justo antes del descanso.<\/p>\n<p><img alt=\"\" loading=\"lazy\" width=\"960\" height=\"640\" decoding=\"async\" data-nimg=\"1\" class=\"rounded-lg\" style=\"color:transparent\" src=\"https:\/\/www.europesays.com\/es\/wp-content\/uploads\/2025\/12\/d9305aa93ea3ccac969ef61cdc1132ec.jpeg\"\/><\/p>\n<p class=\"mb-4 text-lg md:leading-8 break-words\">Tras el paso por vestuarios, Pellegrini dio entrada a Junior Firpo y Toni Seligrat hizo un triple cambio. Pero en la segunda parte el ritmo baj\u00f3. El Betis dominaba con calma, sin mucho esfuerzo; el Torrent lo intentaba sin \u00e9xito con balones largos.<\/p>\n<p class=\"mb-4 text-lg md:leading-8 break-words\">Dos de los jugadores reci\u00e9n incorporados lo intentaron, pero los lanzamientos de Hugo Esteban y Diego Mart\u00ednez se marcharon fuera. Riquelme era el l\u00edder verdiblanco en la fr\u00eda y h\u00fameda noche valenciana. Hac\u00eda el juego y lo repart\u00eda. El futbolista del Betis cedi\u00f3 para Pablo Garc\u00eda, pero el cabezazo del canterano fue directo a las manos de Dolz.<\/p>\n<p class=\"mb-4 text-lg md:leading-8 break-words\">Jos\u00e9 Vargas, apodado como \u2018Gasolina\u2019, entr\u00f3 y en el primer bal\u00f3n que toc\u00f3 tuvo la mejor oportunidad del encuentro. Adri\u00e1n tuvo que estirarse para rechazar el chut del futbolista naranja que sali\u00f3 mordido y en la siguiente jugada Armando Corbal\u00e1n marc\u00f3 el 1-3 para hacer enloquecer a la grada. En el 90, \u00c1ngel Ortiz redonde\u00f3 el encuentro para el Betis.<\/p>\n<p class=\"mb-4 text-lg md:leading-8 break-words\">Ficha t\u00e9cnica:<\/p>\n<p class=\"mb-4 text-lg md:leading-8 break-words\">1 &#8211; Torrent: Marc Dolz; Steven Sibille (Hugo Esteban, m.46), Llambrich, Dan Ojog, Ivi Mart\u00ednez; Adri P\u00e9rez (Diego Mart\u00ednez, m.46), Adri\u00e1n Lois (Jos\u00e9 Vargas, m.82), Mej\u00eda, Armando Corbal\u00e1n; Ra\u00fal Caballero (Boris Kouassi, m.64) y Manu Viana (Fer Cano, m.46).<\/p>\n<p class=\"mb-4 text-lg md:leading-8 break-words\">4 &#8211; Betis: Adri\u00e1n; \u00c1ngel Ortiz, Diego Llorente, Valent\u00edn G\u00f3mez (Junior Firpo, m.46), Ricardo Rodr\u00edguez; Sergi Altimira, Chimy \u00c1vila (Iv\u00e1n Corralejo, m.78), Deossa; Antony (Pablo Garc\u00eda, m.66), Bakambu (Aitor Ruibal, m.66) y Roro Riquelme.<\/p>\n<p class=\"mb-4 text-lg md:leading-8 break-words\">Goles: 0-1, m.11: Rodrigo Riquelme. 0-2, m.43: Rodrigo Riquelme. 0-3, m.75: Rodrigo Riquelme. 1-3, m.85: Armando Corbal\u00e1n. 1-4, m.90: \u00c1ngel Ortiz.<\/p>\n<p class=\"mb-4 text-lg md:leading-8 break-words\">\u00c1rbitro: Jos\u00e9 Mar\u00eda S\u00e1nchez (Comit\u00e9 Murciano). Amonest\u00f3 a Adri\u00e1n Lois (m.71), Dan Ojog (m.82) y Diego Mart\u00ednez (m.86) por parte de los locales y a Chimy \u00c1vila (m.21), Aitor Ruibal (m.84) por parte de los visitantes.<\/p>\n<p class=\"mb-4 text-lg md:leading-8 break-words\">Incidencias: Partido correspondiente a la segunda ronda de la Copa del Rey disputado en el estadio Ciutat de Val\u00e8ncia ante 6.680 espectadores.<\/p>\n<p class=\"mb-4 text-lg md:leading-8 break-words\">Paula Ler\u00edn<\/p>\n<p><img alt=\"\" loading=\"lazy\" width=\"960\" height=\"639\" decoding=\"async\" data-nimg=\"1\" class=\"rounded-lg\" style=\"color:transparent\" src=\"https:\/\/www.europesays.com\/es\/wp-content\/uploads\/2025\/12\/6161a850e60ad938aa263c12a367b0d3.jpeg\"\/><\/p>\n<p class=\"mb-4 text-lg md:leading-8 break-words\">(c) Agencia EFE<\/p>\n","protected":false},"excerpt":{"rendered":"Valencia, 3 dic (EFE).- Con un triplete Rodrigo Riquelme clasific\u00f3 al Betis para los dieciseisavos de final de&hellip;\n","protected":false},"author":2,"featured_media":270298,"comment_status":"","ping_status":"","sticky":false,"template":"","format":"standard","meta":{"footnotes":""},"categories":[93],"tags":[6960,291,168,27159,66437,25,24,66436,41331,23,167],"class_list":{"0":"post-270297","1":"post","2":"type-post","3":"status-publish","4":"format-standard","5":"has-post-thumbnail","7":"category-deportes","8":"tag-angel-ortiz","9":"tag-betis","10":"tag-deportes","11":"tag-el-paso","12":"tag-el-sueno","13":"tag-es","14":"tag-espana","15":"tag-marc-dolz","16":"tag-rodrigo-riquelme","17":"tag-spain","18":"tag-sports"},"share_on_mastodon":{"url":"https:\/\/pubeurope.com\/@es\/115660031876098974","error":""},"_links":{"self":[{"href":"https:\/\/www.europesays.com\/es\/wp-json\/wp\/v2\/posts\/270297","targetHints":{"allow":["GET"]}}],"collection":[{"href":"https:\/\/www.europesays.com\/es\/wp-json\/wp\/v2\/posts"}],"about":[{"href":"https:\/\/www.europesays.com\/es\/wp-json\/wp\/v2\/types\/post"}],"author":[{"embeddable":true,"href":"https:\/\/www.europesays.com\/es\/wp-json\/wp\/v2\/users\/2"}],"replies":[{"embeddable":true,"href":"https:\/\/www.europesays.com\/es\/wp-json\/wp\/v2\/comments?post=270297"}],"version-history":[{"count":0,"href":"https:\/\/www.europesays.com\/es\/wp-json\/wp\/v2\/posts\/270297\/revisions"}],"wp:featuredmedia":[{"embeddable":true,"href":"https:\/\/www.europesays.com\/es\/wp-json\/wp\/v2\/media\/270298"}],"wp:attachment":[{"href":"https:\/\/www.europesays.com\/es\/wp-json\/wp\/v2\/media?parent=270297"}],"wp:term":[{"taxonomy":"category","embeddable":true,"href":"https:\/\/www.europesays.com\/es\/wp-json\/wp\/v2\/categories?post=270297"},{"taxonomy":"post_tag","embeddable":true,"href":"https:\/\/www.europesays.com\/es\/wp-json\/wp\/v2\/tags?post=270297"}],"curies":[{"name":"wp","href":"https:\/\/api.w.org\/{rel}","templated":true}]}}