{"id":270309,"date":"2025-12-04T07:12:16","date_gmt":"2025-12-04T07:12:16","guid":{"rendered":"https:\/\/www.europesays.com\/es\/270309\/"},"modified":"2025-12-04T07:12:16","modified_gmt":"2025-12-04T07:12:16","slug":"condenan-a-prision-al-medico-de-matthew-perry-por-haber-recetado-ketamina-al-actor-antes-de-que-muriera-de-una-sobredosis-2","status":"publish","type":"post","link":"https:\/\/www.europesays.com\/es\/270309\/","title":{"rendered":"Condenan a prisi\u00f3n al m\u00e9dico de Matthew Perry por haber recetado ketamina al actor antes de que muriera de una sobredosis"},"content":{"rendered":"<p><img fetchpriority=\"high\" decoding=\"async\" src=\"https:\/\/www.europesays.com\/es\/wp-content\/uploads\/2025\/12\/9ac5ab90-d08c-11f0-9508-4b2ee64d533f.png.webp.webp\"   alt=\"El actor Matthew Perry.\" loading=\"eager\" width=\"935\" height=\"526\" style=\"aspect-ratio:935 \/ 526\" class=\"css-1seqhu9\"\/><\/p>\n<p class=\"css-by8ykd\" role=\"text\">Fuente de la imagen, Getty Images<\/p>\n<p>Pie de foto, Matthew Perry fue hallado muerto en el jacuzzi de su casa de Los \u00c1ngeles en 2023.<strong id=\"article-byline\" aria-hidden=\"true\" class=\"css-2ozlq5\">Informaci\u00f3n del art\u00edculo<\/strong><\/p>\n<ul class=\"css-1dlgp3z\">\n<li class=\"css-1s1df59\">\n<ul role=\"list\" class=\"css-z50d25\">\n<li class=\"css-0\">Autor, Leire Ventas<\/li>\n<li class=\"css-k1irjw\">T\u00edtulo del autor,  Corresponsal de BBC News Mundo en Los \u00c1ngeles<\/li>\n<\/ul>\n<\/li>\n<li>\n<p>9 horas<\/p>\n<\/li>\n<li\/><\/ul>\n<p dir=\"ltr\" class=\"css-s4cjt0 e1yuyadm0\"><b>Un tribunal de Los \u00c1ngeles conden\u00f3 este mi\u00e9rcoles a 30 meses de prisi\u00f3n al m\u00e9dico Salvador Plasencia por haber recetado ketamina al actor Matthew Perry antes de su muerte por sobredosis en 2023.<\/b><\/p>\n<p dir=\"ltr\" class=\"css-s4cjt0 e1yuyadm0\">Plasencia, quien el a\u00f1o pasado se declar\u00f3 culpable de cuatro cargos de distribuci\u00f3n de ketamina, es la primera persona en ser sentenciada en relaci\u00f3n al caso.<\/p>\n<p dir=\"ltr\" class=\"css-s4cjt0 e1yuyadm0\">La ketamina es un anest\u00e9sico disociativo que se utiliza como terapia para la depresi\u00f3n y el dolor cr\u00f3nico, pero que tambi\u00e9n tiene efectos alucin\u00f3genos y puede distorsionar la visi\u00f3n y el o\u00eddo.<\/p>\n<p dir=\"ltr\" class=\"css-s4cjt0 e1yuyadm0\">El m\u00e9dico, de 43 a\u00f1os y residente de la ciudad californiana de Santa M\u00f3nica, enfrentaba hasta 40 a\u00f1os de prisi\u00f3n y una multa de al menos US$2 millones, seg\u00fan su acuerdo de culpabilidad.<\/p>\n<p dir=\"ltr\" class=\"css-s4cjt0 e1yuyadm0\">Plasencia es uno de los cinco acusados en el caso y todos ellos se han declarado culpables.<\/p>\n<p dir=\"ltr\" class=\"css-s4cjt0 e1yuyadm0\">Una investigaci\u00f3n Federal indag\u00f3 c\u00f3mo Perry, de 54 a\u00f1os, adquiri\u00f3 la sustancia a trav\u00e9s de una red clandestina que funcionaba en Hollywood. <\/p>\n<p dir=\"ltr\" class=\"css-s4cjt0 e1yuyadm0\">El actor, conocido por interpretar a Chandler Bing en la serie Friends, fue encontrado muerto en un jacuzzi en su residencia de Los \u00c1ngeles en octubre de 2023 despu\u00e9s de a\u00f1os de luchar contra la depresi\u00f3n y la adicci\u00f3n a las drogas.<\/p>\n<p dir=\"ltr\" class=\"css-s4cjt0 e1yuyadm0\">Una autopsia encontr\u00f3 una alta concentraci\u00f3n de ketamina en su sangre y determin\u00f3 que los \u00abefectos agudos\u00bb de la sustancia lo hab\u00edan matado.<\/p>\n<p><img decoding=\"async\" src=\"https:\/\/www.europesays.com\/es\/wp-content\/uploads\/2025\/12\/186984e0-d08d-11f0-9fb5-5f3a3703a365.png.webp.webp\"   alt=\"Primer plano del m\u00e9dico Salvador Plasencia, con gesto serio y vestido de traje, a la salida de un tribunal en Los \u00c1ngeles, Estados Unidos.\" loading=\"lazy\" width=\"1078\" height=\"580\" style=\"aspect-ratio:1078 \/ 580\" class=\"css-1seqhu9\"\/><\/p>\n<p class=\"css-by8ykd\" role=\"text\">Fuente de la imagen, Reuters<\/p>\n<p>Pie de foto, Salvador Plasencia es uno de los cinco acusados en el caso.<\/p>\n<p>\u00abJusticia para nuestro hijo\u00bb<\/p>\n<p dir=\"ltr\" class=\"css-s4cjt0 e1yuyadm0\">En las v\u00edsperas de la sentencia, los padres del actor le escribieron al juez una emotiva carta en la que ped\u00edan justicia para su hijo y penas ejemplares para aquellos que, consideran, \u00abse aprovecharon de su vulnerabilidad y la adicci\u00f3n\u00bb.<\/p>\n<p dir=\"ltr\" class=\"css-s4cjt0 e1yuyadm0\">Los progenitores de Perry expresaron que la p\u00e9rdida \u00abdevast\u00f3\u00bb a la familia y describieron a Plasencia como un \u00abchacal\u00bb que rompi\u00f3 repetidamente su juramento hipocr\u00e1tico.<\/p>\n<p dir=\"ltr\" class=\"css-s4cjt0 e1yuyadm0\">\u00abLa recuperaci\u00f3n de Matthew depend\u00eda de que dijeras NO\u00bb, escribieron su padre, John, y su madrastra, Debbie. \u00ab\u00bfTus motivos? No puedo imaginarlos. \u00bfUn doctor cuya vida est\u00e1 dedicada a ayudar a las personas?\u00bb.<\/p>\n<p dir=\"ltr\" class=\"css-s4cjt0 e1yuyadm0\">Plasencia deb\u00eda ir a juicio en agosto, pero acept\u00f3 declararse culpable de cuatro cargos de distribuci\u00f3n de ketamina.<\/p>\n<p dir=\"ltr\" class=\"css-s4cjt0 e1yuyadm0\">Sus abogados han afirmado repetidamente que el m\u00e9dico no estaba tratando a Perry en el momento de su muerte en octubre de 2023.<\/p>\n<p dir=\"ltr\" class=\"css-s4cjt0 e1yuyadm0\">\u00abEl doctor Plasencia lamenta profundamente las decisiones de tratamiento que tom\u00f3 mientras suministraba ketamina a Matthew Perry\u00bb, declar\u00f3 su abogado en un comunicado anterior.<\/p>\n<p dir=\"ltr\" class=\"css-s4cjt0 e1yuyadm0\">\u00abAsume plenamente su responsabilidad al declararse culpable de distribuci\u00f3n de drogas. El doctor Plasencia tiene la intenci\u00f3n de renunciar voluntariamente a su licencia m\u00e9dica, reconociendo su incapacidad para proteger al se\u00f1or Perry, un paciente especialmente vulnerable debido a su adicci\u00f3n\u00bb.<\/p>\n<p dir=\"ltr\" class=\"css-s4cjt0 e1yuyadm0\">Entre los otros cuatro acusados en el caso se encuentra Jasveen Sangha, conocida como la \u00abreina de la ketamina\u00bb. Su sentencia se espera para el 25 de febrero y podr\u00eda enfrentar una pena de hasta 65 a\u00f1os de prisi\u00f3n.<\/p>\n<p><img decoding=\"async\" src=\"https:\/\/www.europesays.com\/es\/wp-content\/uploads\/2025\/12\/43682430-d08d-11f0-a892-01d657345866.jpg.webp.webp\"   alt=\"&quot; &quot;\" loading=\"lazy\" width=\"800\" height=\"100\" style=\"aspect-ratio:800 \/ 100\" class=\"css-1seqhu9\"\/><\/p>\n<p dir=\"ltr\" class=\"css-s4cjt0 e1yuyadm0\"><a href=\"https:\/\/www.bbc.com\/mundo\/send\/u184973209\" class=\"focusIndicatorReducedWidth css-n8oauk e1h2ur550\" rel=\"nofollow noopener\" target=\"_blank\">Suscr\u00edbete aqu\u00ed<\/a> a nuestro nuevo newsletter para recibir cada viernes una selecci\u00f3n de nuestro mejor contenido de la semana.<\/p>\n<p dir=\"ltr\" class=\"css-s4cjt0 e1yuyadm0\">Y recuerda que puedes recibir notificaciones en nuestra app. Descarga la \u00faltima versi\u00f3n y act\u00edvalas.<\/p>\n","protected":false},"excerpt":{"rendered":"Fuente de la imagen, Getty Images Pie de foto, Matthew Perry fue hallado muerto en el jacuzzi de&hellip;\n","protected":false},"author":2,"featured_media":270310,"comment_status":"","ping_status":"","sticky":false,"template":"","format":"standard","meta":{"footnotes":""},"categories":[5],"tags":[17,18,25,24,13,14,11,19,20,9,10,15,16,23,12,21,22],"class_list":{"0":"post-270309","1":"post","2":"type-post","3":"status-publish","4":"format-standard","5":"has-post-thumbnail","7":"category-titulares","8":"tag-breaking-news","9":"tag-breakingnews","10":"tag-es","11":"tag-espana","12":"tag-featured-news","13":"tag-featurednews","14":"tag-headlines","15":"tag-latest-news","16":"tag-latestnews","17":"tag-news","18":"tag-noticias","19":"tag-noticias-destacadas","20":"tag-noticiasdestacadas","21":"tag-spain","22":"tag-titulares","23":"tag-ultimas-noticias","24":"tag-ultimasnoticias"},"share_on_mastodon":{"url":"https:\/\/pubeurope.com\/@es\/115660059450440581","error":""},"_links":{"self":[{"href":"https:\/\/www.europesays.com\/es\/wp-json\/wp\/v2\/posts\/270309","targetHints":{"allow":["GET"]}}],"collection":[{"href":"https:\/\/www.europesays.com\/es\/wp-json\/wp\/v2\/posts"}],"about":[{"href":"https:\/\/www.europesays.com\/es\/wp-json\/wp\/v2\/types\/post"}],"author":[{"embeddable":true,"href":"https:\/\/www.europesays.com\/es\/wp-json\/wp\/v2\/users\/2"}],"replies":[{"embeddable":true,"href":"https:\/\/www.europesays.com\/es\/wp-json\/wp\/v2\/comments?post=270309"}],"version-history":[{"count":0,"href":"https:\/\/www.europesays.com\/es\/wp-json\/wp\/v2\/posts\/270309\/revisions"}],"wp:featuredmedia":[{"embeddable":true,"href":"https:\/\/www.europesays.com\/es\/wp-json\/wp\/v2\/media\/270310"}],"wp:attachment":[{"href":"https:\/\/www.europesays.com\/es\/wp-json\/wp\/v2\/media?parent=270309"}],"wp:term":[{"taxonomy":"category","embeddable":true,"href":"https:\/\/www.europesays.com\/es\/wp-json\/wp\/v2\/categories?post=270309"},{"taxonomy":"post_tag","embeddable":true,"href":"https:\/\/www.europesays.com\/es\/wp-json\/wp\/v2\/tags?post=270309"}],"curies":[{"name":"wp","href":"https:\/\/api.w.org\/{rel}","templated":true}]}}