{"id":270311,"date":"2025-12-04T07:20:26","date_gmt":"2025-12-04T07:20:26","guid":{"rendered":"https:\/\/www.europesays.com\/es\/270311\/"},"modified":"2025-12-04T07:20:26","modified_gmt":"2025-12-04T07:20:26","slug":"nunca-he-perdido-la-meta-de-la-nba","status":"publish","type":"post","link":"https:\/\/www.europesays.com\/es\/270311\/","title":{"rendered":"Nunca he perdido la meta de la NBA"},"content":{"rendered":"<p data-mrf-recirculation=\"Links P\u00e1rrafos\" class=\"ue-c-article__paragraph paragraph ue-c-article--first-letter-highlighted\">El gaditano <strong>Rub\u00e9n Dom\u00ednguez<\/strong> est\u00e1 siendo uno de los nombres propios en el arranque de la <strong>NCAA<\/strong>. El de Puerto Real est\u00e1 <strong>batiendo todos los registros triplistas de la Universidad de Texas A&amp;M<\/strong> tras cruzar el charco a los 22 a\u00f1os. <strong>En &#8216;Nos Gusta el Basket&#8217;<\/strong> repas\u00f3 sus primeras semanas en EEUU.<\/p>\n<p data-mrf-recirculation=\"Links P\u00e1rrafos\" class=\"ue-c-article__paragraph paragraph\">\u00abEst\u00e1 yendo todo muy bien, la adaptaci\u00f3n ha sido muy r\u00e1pida porque me lo han puesto todo muy f\u00e1cil.<strong> Era una propuesta que no pod\u00eda decir que no y ahora que estoy aqu\u00ed lo tengo a\u00fan m\u00e1s claro, es un foco enorme con vistas a NBA.<\/strong> Creo que desde Espa\u00f1a no nos damos cuenta de la cantidad de ojos que tienes aqu\u00ed en el d\u00eda a d\u00eda.<strong> En mi staff hablan con muchos scouts, te conocen\u2026eso en Espa\u00f1a es muy dif\u00edcil tenerlo\u201d,<\/strong> coment\u00f3.\u00a0<\/p>\n<p data-mrf-recirculation=\"Links P\u00e1rrafos\" class=\"ue-c-article__paragraph paragraph\">El sue\u00f1o americano ofrece a los j\u00f3venes la oportunidad de estudiar, jugar a alto nivel y hacerlo con importantes contratos econ\u00f3micos.<strong> \u201cSi todo el mundo tuviera la oportunidad de cambiar su vida y la de su familia \u00bfQui\u00e9n dir\u00eda que no?<\/strong> No hay que tener problema en decirlo porque es verdad\u201d, apunt\u00f3.<\/p>\n<p>De r\u00e9cord en r\u00e9cord desde el triple<\/p>\n<p data-mrf-recirculation=\"Links P\u00e1rrafos\" class=\"ue-c-article__paragraph paragraph\">El espa\u00f1ol ha mostrado desde el primer d\u00eda una adaptaci\u00f3n fant\u00e1stica al equipo y ha podido demostrar el potencial que le convierte en uno de los mejores tiradores del baloncesto espa\u00f1ol. Ya ha sumado <strong>un partido con 10 triples anotados y est\u00e1 pulverizando todos los registros de triples anotados y de porcentaje de acierto.<\/strong> \u201cEstoy c\u00f3modo, el staff me ha dado toda la confianza necesaria. <strong>Hemos pasado un momento malo que nos ha servido como toque de atenci\u00f3n para decir que no somos Duke o Gonzaga y que tenemos que compartir el bal\u00f3n que es lo que nos har\u00e1 dar mucha guerra\u201d<\/strong>, explic\u00f3 al tiempo de hablar sobre su rutina de entrenamiento y el secreto de su acierto desde m\u00e1s all\u00e1 del arco. \u201cNo cambio nada de rutina, <strong>he llegado a un punto en el que todo es repetici\u00f3n y repetici\u00f3n. Lo que he cambiado un poco es que quiz\u00e1 tiro menos, pero lo intento hacer con el ritmo de partido, hacer tiros de m\u00e1s calidad\u201d,<\/strong> explic\u00f3.<\/p>\n<p>The next Steph Curry plays for the Texas A&amp;M Aggies and is from Spain<\/p>\n<p data-mrf-recirculation=\"Links P\u00e1rrafos\" class=\"ue-c-article__paragraph paragraph\">Su rendimiento le est\u00e1 colocando en el foco de los scouts y ojeadores de las franquicias NBA, muy pendientes del basket universitario. Rub\u00e9n Dom\u00ednguez tiene claro su sue\u00f1o.\u00a0<strong>\u201cNunca he perdido la meta de la NBA,<\/strong> quiz\u00e1 s\u00ed que ha cambiado un poco el c\u00f3mo llegar ah\u00ed, estando aqu\u00ed en Universidad se fijan mucho m\u00e1s en los jugadores\u201d, declar\u00f3.<\/p>\n<p>Ilusi\u00f3n con la era Chus Mateo<\/p>\n<p data-mrf-recirculation=\"Links P\u00e1rrafos\" class=\"ue-c-article__paragraph paragraph\">El nombre del gaditano lleva sonando mucho tiempo, ya ha pasado por todas las categor\u00edas inferiores de la selecci\u00f3n, ha debutado con la absoluta y alcanz\u00f3 su punto \u00e1lgido en el Mundial Sub 19 de 2021 en el que acab\u00f3 como m\u00e1ximo anotador y que le coloc\u00f3 en el foco.\u00a0\u201cEchando la vista atr\u00e1s s\u00ed que era complicado para un chaval de 19 a\u00f1os, hay un momento en mi carrera en el que tuve muchos ojos en m\u00ed y es <strong>tras ser el m\u00e1ximo anotador del campeonato del mundo Sub 19 en 2021 y eso supone un punto de inflexi\u00f3n.<\/strong> Pensaba que Estudiantes ser\u00eda una buena oportunidad y fue complicado no tener minutos, pero me agradezco mucho el haber hecho todo lo que he hecho por mi futuro y estar trabajando cuando la situaci\u00f3n no me estaba viniendo de cara\u201d.<\/p>\n<blockquote class=\"ue-c-article__blockquote\">\n<p>Chus Mateo es el entrenador que nos va a hacer brillar a todos como jugadores y a Espa\u00f1a como selecci\u00f3n<\/p>\n<p>Rub\u00e9n Dom\u00ednguez en &#8216;Nos Gsta el Basket&#8217;<\/p><\/blockquote>\n<p data-mrf-recirculation=\"Links P\u00e1rrafos\" class=\"ue-c-article__paragraph paragraph\">\u00a0Desde la distancia, ve con ilusi\u00f3n la nueva etapa en la selecci\u00f3n espa\u00f1ola con Chus Mateo al frente. \u201cYo creo que va a ser una transici\u00f3n bonita de ver, <strong>hay jugadores con muchas ganas de todo y mucho talento y Chus Mateo es el entrenador que nos va a hacer brillar a todos como jugadores y a Espa\u00f1a como selecci\u00f3n otra vez\u201d<\/strong>, apunt\u00f3.<\/p>\n","protected":false},"excerpt":{"rendered":"El gaditano Rub\u00e9n Dom\u00ednguez est\u00e1 siendo uno de los nombres propios en el arranque de la NCAA. El&hellip;\n","protected":false},"author":2,"featured_media":270312,"comment_status":"","ping_status":"","sticky":false,"template":"","format":"standard","meta":{"footnotes":""},"categories":[269],"tags":[299,298,168,25,24,23,167],"class_list":{"0":"post-270311","1":"post","2":"type-post","3":"status-publish","4":"format-standard","5":"has-post-thumbnail","7":"category-baloncesto","8":"tag-baloncesto","9":"tag-basketball","10":"tag-deportes","11":"tag-es","12":"tag-espana","13":"tag-spain","14":"tag-sports"},"share_on_mastodon":{"url":"https:\/\/pubeurope.com\/@es\/115660090619748080","error":""},"_links":{"self":[{"href":"https:\/\/www.europesays.com\/es\/wp-json\/wp\/v2\/posts\/270311","targetHints":{"allow":["GET"]}}],"collection":[{"href":"https:\/\/www.europesays.com\/es\/wp-json\/wp\/v2\/posts"}],"about":[{"href":"https:\/\/www.europesays.com\/es\/wp-json\/wp\/v2\/types\/post"}],"author":[{"embeddable":true,"href":"https:\/\/www.europesays.com\/es\/wp-json\/wp\/v2\/users\/2"}],"replies":[{"embeddable":true,"href":"https:\/\/www.europesays.com\/es\/wp-json\/wp\/v2\/comments?post=270311"}],"version-history":[{"count":0,"href":"https:\/\/www.europesays.com\/es\/wp-json\/wp\/v2\/posts\/270311\/revisions"}],"wp:featuredmedia":[{"embeddable":true,"href":"https:\/\/www.europesays.com\/es\/wp-json\/wp\/v2\/media\/270312"}],"wp:attachment":[{"href":"https:\/\/www.europesays.com\/es\/wp-json\/wp\/v2\/media?parent=270311"}],"wp:term":[{"taxonomy":"category","embeddable":true,"href":"https:\/\/www.europesays.com\/es\/wp-json\/wp\/v2\/categories?post=270311"},{"taxonomy":"post_tag","embeddable":true,"href":"https:\/\/www.europesays.com\/es\/wp-json\/wp\/v2\/tags?post=270311"}],"curies":[{"name":"wp","href":"https:\/\/api.w.org\/{rel}","templated":true}]}}