{"id":270315,"date":"2025-12-04T07:22:18","date_gmt":"2025-12-04T07:22:18","guid":{"rendered":"https:\/\/www.europesays.com\/es\/270315\/"},"modified":"2025-12-04T07:22:18","modified_gmt":"2025-12-04T07:22:18","slug":"del-arte-y-la-fortuna-al-reto-mas-extremo","status":"publish","type":"post","link":"https:\/\/www.europesays.com\/es\/270315\/","title":{"rendered":"del arte y la fortuna al reto m\u00e1s extremo"},"content":{"rendered":"<p>A<strong>ldo Comas<\/strong> (40 a\u00f1os) es uno de esos personajes que siempre han estado presentes en el ecosistema cultural y social espa\u00f1ol, aunque de manera intermitente y sin buscar protagonismo medi\u00e1tico alguno. Criado en una familia acomodada, durante a\u00f1os ha vivido entre el arte, el gusto por la aventura y una educaci\u00f3n marcada por la exclusividad. Su <a href=\"http:\/\/www.lecturas.com\/television\/historia-amor-aldo-comas-hasta-fin-mundo-macarena-gomez_184886\" target=\"_blank\" rel=\"nofollow noopener\">participaci\u00f3n en \u2018Hasta el fin del mundo\u2019<\/a> lo coloca en un escenario radicalmente distinto al que ha frecuentado. Pero quienes lo conocen saben que este salto tiene sentido en alguien que no soporta la rutina ni la previsibilidad.<\/p>\n<p><img loading=\"lazy\" decoding=\"async\"   src=\"https:\/\/www.europesays.com\/es\/wp-content\/uploads\/2025\/12\/macarena-gomez-y-aldo-comas_a57aeed7_251203231607_1200x841.webp.webp\" alt=\"Macarena G\u00f3mez y Aldo Comas\" class=\"lazyload\" width=\"1200\" height=\"841\" data-aspectratio=\"1200\/841\"\/><\/p>\n<p>Quienes conocen al marido de Macarena G\u00f3mez, saben que su participaci\u00f3n en &#8216;Hasta el fin del mundo&#8217; tiene sentido en alguien que no soporta la rutina ni la previsibilidad.<\/p>\n<p>&#13;Gtres<\/p>\n<p>Al <a href=\"https:\/\/www.lecturas.com\/television\/historia-amor-aldo-comas-hasta-fin-mundo-macarena-gomez_184886\" target=\"_blank\" rel=\"nofollow noopener\">marido de Macarena G\u00f3mez<\/a> lo hemos conocido como <strong>pintor, como rostro habitual de eventos culturales, como emprendedor<\/strong> de proyectos poco convencionales e incluso como parte de c\u00edrculos sociales muy selectos desde su adolescencia. Todo ello convive con una personalidad impulsiva, curiosa y, a veces, pol\u00e9mica.<\/p>\n<p>La familia de Aldo Comas<\/p>\n<p>Aldo Comas naci\u00f3 en <strong>una familia acomodada de la zona fronteriza entre La Junquera y Francia<\/strong>, un entorno con negocios hist\u00f3ricos vinculados al comercio y las aduanas. Ese origen le permiti\u00f3 acceder desde muy joven a <strong>una educaci\u00f3n de \u00e9lite en internados europeos,<\/strong> donde coincidi\u00f3 con j\u00f3venes pertenecientes a familias reales, entre ellos miembros de la casa Grimaldi. Esa etapa marc\u00f3 buena parte de sus relaciones sociales posteriores y lo situ\u00f3 en un c\u00edrculo donde el arte, los viajes, la m\u00fasica y lo bohemio formaban parte natural de la vida.<\/p>\n<p><img loading=\"lazy\" decoding=\"async\"   src=\"https:\/\/www.europesays.com\/es\/wp-content\/uploads\/2025\/12\/aldo-comas_215b6c72_251203231812_1200x800.webp.webp\" alt=\"Aldo Comas\" class=\"lazyload\" width=\"1200\" height=\"800\" data-aspectratio=\"1200\/800\"\/><\/p>\n<p>Aldo Comas naci\u00f3 en una familia acomodada de la zona fronteriza entre La Junquera y Francia.\u00a0<\/p>\n<p>&#13;Gtres<\/p>\n<p>Adem\u00e1s, la <strong>familia Comas ha tenido una perfumer\u00eda<\/strong> con una facturaci\u00f3n muy elevada en algunos ejercicios, llegando a superar los veinte millones de euros en ventas y generando beneficios importantes. Ese respaldo econ\u00f3mico no define todo lo que es Aldo, pero s\u00ed explica c\u00f3mo pudo dedicarse a disciplinas creativas sin la presi\u00f3n inmediata de obtener rentabilidad.<\/p>\n<p>Su trayectoria profesional<\/p>\n<p>A lo largo de su vida adulta, Aldo ha intentado distintos caminos profesionales. Lo hemos visto como pintor, con exposiciones que reflejan una est\u00e9tica marcada por el color y cierto aire expresionista; como cineasta, impulsando proyectos audiovisuales propios; y como emprendedor, creando una <strong>empresa dedicada al paracaidismo<\/strong> y al t\u00fanel de viento inspirada en su pasi\u00f3n por volar, aunque aquello termin\u00f3 cerrando.<\/p>\n<p><img loading=\"lazy\" decoding=\"async\"   src=\"https:\/\/www.europesays.com\/es\/wp-content\/uploads\/2025\/12\/macarena-gomez-y-aldo-comas_8c10ae35_251203231859_1200x812.webp.webp\" alt=\"Macarena G\u00f3mez y Aldo Comas\" class=\"lazyload\" width=\"1200\" height=\"812\" data-aspectratio=\"1200\/812\"\/><\/p>\n<p>\u00a0Lo hemos conocido como pintor, como rostro habitual de eventos culturales, como emprendedor de proyectos poco convencionales.\u00a0<\/p>\n<p>&#13;Gtres<\/p>\n<p>El riesgo empresarial no siempre sali\u00f3 bien, pero nunca dej\u00f3 de probar cosas nuevas. Su estilo, un punto exc\u00e9ntrico, ha sido una mezcla constante entre arte, rebeld\u00eda y un entorno social privilegiado que nunca ha ocultado. Esa combinaci\u00f3n lo ha convertido en una figura singular: no encaja en el perfil de \u201cheredero tradicional\u201d, pero tampoco en el del artista puro que huye del mundo exterior.<\/p>\n<p>Su vida con Macarena G\u00f3mez<\/p>\n<p>En lo personal, desde hace a\u00f1os comparte vida con Macarena G\u00f3mez, una de las actrices m\u00e1s reconocidas del cine espa\u00f1ol. La pareja <strong>vive en un molino del siglo XVII <\/strong>rehabilitado en el Alto Ampurd\u00e1n, una construcci\u00f3n que se ha convertido en una especie de santuario creativo. All\u00ed <strong>cr\u00edan animales, cultivan parte de sus alimentos<\/strong> y mantienen un estilo de vida tranquilo, casi autosuficiente, aunque rodeado de arte en todas sus formas.<\/p>\n<p>La propiedad, valorada en varios millones, es para ellos un refugio y un escenario habitual de sus proyectos personales. Esa vida rural, unida a un c\u00edrculo cultural muy din\u00e1mico, ha reforzado la imagen de Aldo como un personaje libre, algo an\u00e1rquico y dif\u00edcil de clasificar.<\/p>\n<p>Una figura p\u00fablica muy controversial<\/p>\n<p>Su presencia p\u00fablica en los \u00faltimos a\u00f1os ha sido intermitente, pero siempre llamativa. Aldo suele aparecer en alfombras rojas con estilismos arriesgados, participa en eventos de moda y <a href=\"http:\/\/www.lecturas.com\/estilo-de-vida\/refugio-secreto-aldo-comas-cataluna-tras-pasos-dali-deliciosa-butifarra-dulce-molino-restaurado-sxvii_184327\" target=\"_blank\" rel=\"nofollow noopener\">colabora con instituciones art\u00edsticas<\/a>. Tambi\u00e9n se ha movido en el \u00e1mbito del cine independiente, aunque <strong>su faceta m\u00e1s conocida ha sido la de creador visual y performer<\/strong>.<\/p>\n<p><img loading=\"lazy\" decoding=\"async\"   src=\"https:\/\/www.europesays.com\/es\/wp-content\/uploads\/2025\/12\/macarena-gomez-aldo-comas_00000000_2409c51b_251203232103_1200x1800.webp.webp\" alt=\"Macarena Gomez Aldo Comas\" class=\"lazyload\" width=\"1200\" height=\"1800\" data-aspectratio=\"1200\/1800\"\/><\/p>\n<p>Su presencia p\u00fablica en los \u00faltimos a\u00f1os ha sido intermitente, pero siempre llamativa, ya que suele aparecer en alfombras rojas con estilismos arriesgados.\u00a0<\/p>\n<p>&#13;Gtres<\/p>\n<p>Aun as\u00ed, lejos de proyectar la imagen del famoso convencional, \u00e9l insiste en mostrarse como alguien que vive del arte y del impulso, incluso a costa de equivocarse. Esa vulnerabilidad, sumada a su estilo directo, lo ha llevado varias veces a la pol\u00e9mica, aunque \u00e9l parece abrazarlas como parte natural de su forma de ser.<\/p>\n<p><img loading=\"lazy\" decoding=\"async\"   src=\"https:\/\/www.europesays.com\/es\/wp-content\/uploads\/2025\/12\/aldo-comas-y-jose-lamuno_c3041304_251203232201_1200x718.webp.webp\" alt=\"Aldo Comas y Jos\u00e9 Lamu\u00f1o\" class=\"lazyload\" width=\"1200\" height=\"718\" data-aspectratio=\"1200\/718\"\/><\/p>\n<p>Aldo participa en &#8216;Hasta el fin del mundo&#8217;\u00a0<strong>junto al actor Jos\u00e9 Lamu\u00f1o,<\/strong> con quien debe recorrer largas distancias, resolver desaf\u00edos, sobrevivir con recursos limitados.<\/p>\n<p>&#13;La 1<\/p>\n<p>La decisi\u00f3n de unirse a &#8216;Hasta el fin del mundo&#8217; nace de ese esp\u00edritu inquieto. El reality lo aleja de su entorno habitual y lo sit\u00faa en una aventura f\u00edsica y psicol\u00f3gica, donde las comodidades desaparecen y la convivencia en situaciones extremas pone a prueba la paciencia y el car\u00e1cter. En el programa <strong>participa junto al actor Jos\u00e9 Lamu\u00f1o,<\/strong> con quien debe recorrer largas distancias, resolver desaf\u00edos, sobrevivir con recursos limitados y afrontar la incertidumbre de un entorno completamente real. Para Aldo, acostumbrado a controlar sus proyectos y su imagen, esta falta total de filtros supone un reto tan grande como el propio esfuerzo f\u00edsico.<\/p>\n<p><img decoding=\"async\" src=\"https:\/\/www.europesays.com\/es\/wp-content\/uploads\/2025\/12\/kate-y-guillermo_04626fb8_251203221212_800x800.webp.webp\" alt=\"Kate y Guillermo\" class=\"image lazyload\"\/><img loading=\"lazy\" decoding=\"async\" src=\"https:\/\/www.europesays.com\/es\/wp-content\/uploads\/2025\/12\/kate-y-guillermo_04626fb8_251203221223_1280x720.webp.webp\" alt=\"Kate Middleton, impresionante, se transforma en Frozen: estrena la ic\u00f3nica tiara oriental y arrasa con un vestido con capa plagado de lentejuelas\" class=\"image lazyload\" width=\"1280\" height=\"720\" data-aspectratio=\"1280\/720\"\/><\/p>\n<p>Sus primeras intervenciones en el programa ya han generado cierto ruido. La edici\u00f3n ha mostrado un<strong> car\u00e1cter impulsivo y momentos de tensi\u00f3n<\/strong>, lo que ha llevado a algunas cr\u00edticas. Aldo ha respondido sin rodeos: considera que parte de lo que se emite no refleja la complejidad de lo que vivieron dentro y que muchas escenas quedan fuera. Esa sinceridad, que unos interpretan como transparencia y otros como torpeza medi\u00e1tica, representa bien su personalidad. No intenta suavizar lo que dice, ni lo que hace, ni lo que muestra. Su relaci\u00f3n con la exposici\u00f3n p\u00fablica nunca ha sido convencional y, en este formato, eso se nota m\u00e1s que nunca.<\/p>\n","protected":false},"excerpt":{"rendered":"Aldo Comas (40 a\u00f1os) es uno de esos personajes que siempre han estado presentes en el ecosistema cultural&hellip;\n","protected":false},"author":2,"featured_media":270316,"comment_status":"","ping_status":"","sticky":false,"template":"","format":"standard","meta":{"footnotes":""},"categories":[174],"tags":[255,146,147,25,24,256,23],"class_list":{"0":"post-270315","1":"post","2":"type-post","3":"status-publish","4":"format-standard","5":"has-post-thumbnail","7":"category-famosos","8":"tag-celebrities","9":"tag-entertainment","10":"tag-entretenimiento","11":"tag-es","12":"tag-espana","13":"tag-famosos","14":"tag-spain"},"share_on_mastodon":{"url":"https:\/\/pubeurope.com\/@es\/115660098891682643","error":""},"_links":{"self":[{"href":"https:\/\/www.europesays.com\/es\/wp-json\/wp\/v2\/posts\/270315","targetHints":{"allow":["GET"]}}],"collection":[{"href":"https:\/\/www.europesays.com\/es\/wp-json\/wp\/v2\/posts"}],"about":[{"href":"https:\/\/www.europesays.com\/es\/wp-json\/wp\/v2\/types\/post"}],"author":[{"embeddable":true,"href":"https:\/\/www.europesays.com\/es\/wp-json\/wp\/v2\/users\/2"}],"replies":[{"embeddable":true,"href":"https:\/\/www.europesays.com\/es\/wp-json\/wp\/v2\/comments?post=270315"}],"version-history":[{"count":0,"href":"https:\/\/www.europesays.com\/es\/wp-json\/wp\/v2\/posts\/270315\/revisions"}],"wp:featuredmedia":[{"embeddable":true,"href":"https:\/\/www.europesays.com\/es\/wp-json\/wp\/v2\/media\/270316"}],"wp:attachment":[{"href":"https:\/\/www.europesays.com\/es\/wp-json\/wp\/v2\/media?parent=270315"}],"wp:term":[{"taxonomy":"category","embeddable":true,"href":"https:\/\/www.europesays.com\/es\/wp-json\/wp\/v2\/categories?post=270315"},{"taxonomy":"post_tag","embeddable":true,"href":"https:\/\/www.europesays.com\/es\/wp-json\/wp\/v2\/tags?post=270315"}],"curies":[{"name":"wp","href":"https:\/\/api.w.org\/{rel}","templated":true}]}}