{"id":270317,"date":"2025-12-04T07:25:11","date_gmt":"2025-12-04T07:25:11","guid":{"rendered":"https:\/\/www.europesays.com\/es\/270317\/"},"modified":"2025-12-04T07:25:11","modified_gmt":"2025-12-04T07:25:11","slug":"que-nos-quiten-lo-bailao-eurovision-decide-desde-este-jueves-la-participacion-de-israel-mientras-espana-amenaza-con-retirarse-el-huffpost","status":"publish","type":"post","link":"https:\/\/www.europesays.com\/es\/270317\/","title":{"rendered":"Que nos quiten lo bailao: Eurovisi\u00f3n decide desde este jueves la participaci\u00f3n de Israel mientras Espa\u00f1a amenaza con retirarse &#8211; El HuffPost"},"content":{"rendered":"<ol>\n<li><a href=\"https:\/\/news.google.com\/rss\/articles\/CBMixwFBVV95cUxQRVFEeEJlR0s5dWwwajNjRUMxdlVLZk5TNnJ6VDY2alFyNno1LWJ0eEZfXzBDVUl5Y3lWaWx2blVod2tEbldLWmFvNDd5aVcyQ1h3eTRhV0g3REVBNDliUXBpZU4yQnNVU29ZYTZOOC1hYXU2Nkl6SkhXNUlLM1paWk9xQ2dyeTNiSC01dmVVS0V0UzdnWENGcXR0cDZSVFdPR1BoeFlxcl90dFZFSDhBUU5ZQVFyZjVmMkktbW8tSENULWtUcWVv?oc=5\" target=\"_blank\" rel=\"nofollow noopener\">Que nos quiten lo bailao: Eurovisi\u00f3n decide desde este jueves la participaci\u00f3n de Israel mientras Espa\u00f1a amenaza con retirarse<\/a>&nbsp;&nbsp;El HuffPost<\/li>\n<li><a href=\"https:\/\/news.google.com\/rss\/articles\/CBMi2gFBVV95cUxNblR6Y1k5OUo1cEcyTTYxS1pmdk1TTVVPeDBwdXRCS0gxX2VLdHM5OGRGcm1pM3JGVUQ5TWZqMEU5WlJXVXJ1cUd4cS1ZNVFybE1Oc1pIREt6Rmp3WHJ6bFVFRWFEZFR3SE56SVQ4LTRBdlVHTnJaejZ5Zk5HcEpqWVB2NnRuRDNSM1F3TkFxRE9LMm1mWDRfS1FGUUZRVTBBNGtqcUtjdXdDMEF3dHEzcWV2RXRtWEtRLUNkaWhJbE1tbFNRX1F2MFlhUENSMWNsd19wOVhKMzYwdw?oc=5\" target=\"_blank\" rel=\"nofollow noopener\">Eurovisi\u00f3n se juega su futuro y fuerza a Espa\u00f1a y RTVE a su gran decisi\u00f3n: las claves del d\u00eda definitivo sobre Israel<\/a>&nbsp;&nbsp;elDiario.es<\/li>\n<li><a href=\"https:\/\/news.google.com\/rss\/articles\/CBMif0FVX3lxTE5iVmlLYzl1M2NHX2RHeDJidzBYQTZIdVVUMHVWNDBSeUxBRW95cVIwaTF4Sm81VTJ6eE9QelVhZkQ0OGVJbHFHU0NCRmNyMzFmNnZCa1h3d1FlUnR4N19tZGhCZ0QxeFFuNHpkTWh1UElhVTZUNGNFRnRSdXJ2bjDSAX9BVV95cUxPRTdiMWRHTmpOSTNleXd5c3NmWEN2YWx4NWZSSHJlb1pORXNuM3g2MHdiZ21TcldfQm9Hb2NXVHpmMFFjR2QydTBaYmxXcVVua1plQmNuYTUycnU2V0s4Z3V1WDZDNUdXTUc5eTBDYzMxR21oaUhETXdSamV1NFNv?oc=5\" target=\"_blank\" rel=\"nofollow noopener\">La prueba de fuego para salvar Eurovisi\u00f3n: la UER se re\u00fane entre amenazas de retirada de Espa\u00f1a y otros pa\u00edses, y un gran clima de tensi\u00f3n<\/a>&nbsp;&nbsp;El Mundo<\/li>\n<li><a href=\"https:\/\/news.google.com\/rss\/articles\/CBMi2wFBVV95cUxNZEhIQ0VsMUFUdDBCS2h5RDBhRWlLQ3Z1X3BOUkhYM2VRbkltTmhKYWpjS282a0l6QnhOYlJTNTQwWFcyYTAtblN4OVRHZENXajZpR1lJTXUzMnRSMktyU2ZfLXJzSUVYaGZ6ekhWYzRHRkstV3FCTEpzS1FzSlZJclVOM3ZQaEYtNlg2UzdNNTY2eDFfRW1HWnJVdlpKZ3d1VnE0OWtQbktsRmFkMkxmRE9fQTdGc2pqV2dfSjNQMzJLLWt5bVVxZUs1cFZxQXVRR3lNbkltemViOVHSAeABQVVfeXFMTUpPeGNKSHQyY2JMWGNjcVZDVGYxclpwRVBOUVJldnJod3ZreHVxU21jdnc1eDM2ZktkckF2U0tpTUxJQjl1UDV3OWZrMk1hTUdCV0NHcHUtM0ZYRXJqWlRKVlF2ck51aHlnRUxEeUluVE1EWDIyZnY4UGY2RXRlb2RIc0lBTUhwWk95aXpwRTRWQzZEQWU3ZlVoZ2E1ZUo1N3F2UnNTUDNlZWpFMGpQVkgzTFJob1lueWpMLVRGVGdycTBBeGxMSVdDeUFxclBZN1FoQUljV1RuUmlCbmc1WHM?oc=5\" target=\"_blank\" rel=\"nofollow noopener\">TVE no emitir\u00e1 ninguna de las tres galas de Eurovisi\u00f3n si Espa\u00f1a se retira finalmente del festival tras vetar a Israel<\/a>&nbsp;&nbsp;El Confidencial<\/li>\n<li><a href=\"https:\/\/news.google.com\/rss\/articles\/CBMirwFBVV95cUxNWWYtX2RTMmItWkZkd3Fvd3hHX1A2djNPWXVOaGVxZDV4MlJxMkljRF9TSWwtT2UwLWZOcDNobWRabjdvMTM0LXcwMXljNk43bVNldnZEbFN2akJzZ2o1ek0wejhsalY0aWZPVEJYdHhFclFwZFdhXzJzSlBMOXVsTXpLVm1KSk5QOWdTcHpRRFg4NUt0MVRPMGtSV1QtMUgyMGM0UHF5OUdTbFc1WmN3?oc=5\" target=\"_blank\" rel=\"nofollow noopener\">Qu\u00e9 gana y qu\u00e9 pierde Eurovisi\u00f3n si Israel sigue en el festival<\/a>&nbsp;&nbsp;Diario Sur<\/li>\n<\/ol>\n","protected":false},"excerpt":{"rendered":"Que nos quiten lo bailao: Eurovisi\u00f3n decide desde este jueves la participaci\u00f3n de Israel mientras Espa\u00f1a amenaza con&hellip;\n","protected":false},"author":2,"featured_media":248356,"comment_status":"","ping_status":"","sticky":false,"template":"","format":"standard","meta":{"footnotes":""},"categories":[171],"tags":[146,147,25,24,23,214],"class_list":{"0":"post-270317","1":"post","2":"type-post","3":"status-publish","4":"format-standard","5":"has-post-thumbnail","7":"category-tv","8":"tag-entertainment","9":"tag-entretenimiento","10":"tag-es","11":"tag-espana","12":"tag-spain","13":"tag-tv"},"share_on_mastodon":{"url":"https:\/\/pubeurope.com\/@es\/115660110282140965","error":""},"_links":{"self":[{"href":"https:\/\/www.europesays.com\/es\/wp-json\/wp\/v2\/posts\/270317","targetHints":{"allow":["GET"]}}],"collection":[{"href":"https:\/\/www.europesays.com\/es\/wp-json\/wp\/v2\/posts"}],"about":[{"href":"https:\/\/www.europesays.com\/es\/wp-json\/wp\/v2\/types\/post"}],"author":[{"embeddable":true,"href":"https:\/\/www.europesays.com\/es\/wp-json\/wp\/v2\/users\/2"}],"replies":[{"embeddable":true,"href":"https:\/\/www.europesays.com\/es\/wp-json\/wp\/v2\/comments?post=270317"}],"version-history":[{"count":0,"href":"https:\/\/www.europesays.com\/es\/wp-json\/wp\/v2\/posts\/270317\/revisions"}],"wp:featuredmedia":[{"embeddable":true,"href":"https:\/\/www.europesays.com\/es\/wp-json\/wp\/v2\/media\/248356"}],"wp:attachment":[{"href":"https:\/\/www.europesays.com\/es\/wp-json\/wp\/v2\/media?parent=270317"}],"wp:term":[{"taxonomy":"category","embeddable":true,"href":"https:\/\/www.europesays.com\/es\/wp-json\/wp\/v2\/categories?post=270317"},{"taxonomy":"post_tag","embeddable":true,"href":"https:\/\/www.europesays.com\/es\/wp-json\/wp\/v2\/tags?post=270317"}],"curies":[{"name":"wp","href":"https:\/\/api.w.org\/{rel}","templated":true}]}}