{"id":270324,"date":"2025-12-04T07:29:16","date_gmt":"2025-12-04T07:29:16","guid":{"rendered":"https:\/\/www.europesays.com\/es\/270324\/"},"modified":"2025-12-04T07:29:16","modified_gmt":"2025-12-04T07:29:16","slug":"por-que-el-riesgo-de-muerte-subita-se-dispara-entre-los-jovenes","status":"publish","type":"post","link":"https:\/\/www.europesays.com\/es\/270324\/","title":{"rendered":"\u00bfpor qu\u00e9 el riesgo de muerte s\u00fabita se dispara entre los j\u00f3venes?"},"content":{"rendered":"<p><img id=\"fotoPrincipalNoticia\" src=\"https:\/\/www.europesays.com\/es\/wp-content\/uploads\/2025\/12\/fotonoticia_20251204080348_690.jpg\" loading=\"eager\" decoding=\"async\" style=\"view-transition-name: fechor_20251204080348;\" border=\"0\" alt=\"Archivo - Coraz\u00f3n\" fetchpriority=\"high\" title=\"La cara oculta de la diabetes: \u00bfpor qu\u00e9 el riesgo de muerte s\u00fabita se dispara entre los j\u00f3venes?\" width=\"690\" height=\"460\" itemprop=\"image\"\/><\/p>\n<p>Archivo &#8211; Coraz\u00f3n &#8211; IMAGES WE CREATE AND WHAT ACTUAL\/ ISTOCK &#8211; Archivo<\/p>\n<p>\u00a0\u00a0\u00a0MADRID, 4 Dic. (EUROPA PRESS) &#8211;  <\/p>\n<p>   La mayor\u00eda de las <a title=\"personas con diabetes\" href=\"https:\/\/www.infosalus.com\/enfermedades\/nutricion-endocrinologia\/diabetes-mellitus\/que-es-diabetes-mellitus-105.html\" target=\"_blank\" rel=\"nofollow noopener\">personas con diabetes <\/a>viven pendientes del az\u00facar en sangre, de la dieta y de las revisiones rutinarias. Pero hay un riesgo silencioso, mucho menos conocido, que empieza a preocupar a los cardi\u00f3logos: la muerte s\u00fabita card\u00edaca en personas que, a menudo, se sienten \u201caparentemente bien\u201d.\ufeff<\/p>\n<p>   Un gran estudio dan\u00e9s acaba de poner n\u00fameros a ese miedo difuso y apunta a un impacto especialmente duro entre los adultos j\u00f3venes con <strong>diabetes tipo 1 y tipo 2.<\/strong> Los datos abren muchas preguntas inc\u00f3modas sobre cu\u00e1nto recorta realmente la diabetes la esperanza de vida y qu\u00e9 se puede hacer para evitar los casos m\u00e1s tr\u00e1gicos.<\/p>\n<p>\u00a0\u00a0\u00a0El riesgo de muerte s\u00fabita card\u00edaca es mayor tanto para las personas con diabetes tipo 1 como para las personas con diabetes tipo 2, seg\u00fan un amplio estudio del Hospital Universitario de Copenhague (Dinamarca) publicado en el <a title=\"&#039;European Heart Journal&#039;\" href=\"http:\/\/10.1093\/eurheartj\/ehaf826\" target=\"_blank\" rel=\"nofollow\">&#8216;European Heart Journal&#8217;<\/a>. Este aumento del riesgo es especialmente notable entre los adultos j\u00f3venes.<\/p>\n<p><strong>UN RIESGO QUE LLEGA SIN AVISAR\ufeff<\/strong><\/p>\n<p>  La <a title=\"\u00bfMuerte s\u00fabita sin aviso? Lo que todos deber\u00edamos saber para actuar a tiempo y salvar una vida\" href=\"https:\/\/www.infosalus.com\/salud-investigacion\/noticia-muerte-subita-aviso-todos-deberiamos-saber-actuar-tiempo-salvar-vida-20250623083545.html\" target=\"_blank\" rel=\"nofollow noopener\">muerte s\u00fabita card\u00edaca <\/a>se produce cuando alguien fallece repentina e inesperadamente debido a un problema card\u00edaco. Generalmente es poco frecuente en personas j\u00f3venes y aparentemente sanas. Esta investigaci\u00f3n tambi\u00e9n muestra que las personas con diabetes tienen en promedio una esperanza de vida m\u00e1s corta, y que una proporci\u00f3n de esta reducci\u00f3n se debe a muerte card\u00edaca s\u00fabita.<\/p>\n<p>\u00a0\u00a0\u00a0La investigaci\u00f3n fue dirigida por el doctor Tobias Skjelbred del Hospital Universitario de Copenhague, e incluy\u00f3 datos de toda la poblaci\u00f3n danesa en 2010. De esta forma, los investigadores analizaron las <strong>54.028 muertes ocurridas en el pa\u00eds<\/strong> durante ese a\u00f1o y utilizaron certificados de defunci\u00f3n, res\u00famenes de altas hospitalarias e informes de autopsias para identificar todas las muertes card\u00edacas s\u00fabitas. As\u00ed, se encontraron 6.862 casos.<\/p>\n<p><strong>LO QUE REVELA EL GRAN ESTUDIO DAN\u00c9S\ufeff<\/strong><\/p>\n<p>\u00a0\u00a0\u00a0Al combinar esto con registros de qu\u00e9 personas ten\u00edan diabetes tipo 1, <a title=\"diabetes tipo 2\" href=\"https:\/\/www.infosalus.com\/salud-investigacion\/noticia-puede-remitir-diabetes-tipo-20240830083547.html\" target=\"_blank\" rel=\"nofollow noopener\">diabetes tipo 2<\/a> o ninguna, los investigadores pudieron comparar las tasas de muerte card\u00edaca s\u00fabita entre los tres grupos. Descubrieron que la muerte s\u00fabita card\u00edaca era 3,7 veces m\u00e1s frecuente en personas con diabetes tipo 1 y 6,5 veces m\u00e1s frecuente en personas con diabetes tipo 2, en comparaci\u00f3n con la poblaci\u00f3n general. La diferencia de riesgo fue mayor en los adultos j\u00f3venes, ya que las personas menores de 50 a\u00f1os con diabetes ten\u00edan un riesgo siete veces mayor de muerte s\u00fabita card\u00edaca.<\/p>\n<p>\u00a0\u00a0\u00a0La investigaci\u00f3n tambi\u00e9n mostr\u00f3 que la esperanza de vida promedio era 14,2 a\u00f1os m\u00e1s corta para las personas con diabetes tipo 1 y 7,9 a\u00f1os m\u00e1s corta para las personas con diabetes tipo 2. La muerte card\u00edaca s\u00fabita fue responsable de 3,4 de los a\u00f1os perdidos en personas con diabetes tipo 1 y 2,7 ??en personas con diabetes tipo 2.<\/p>\n<p>\u00a0\u00a0\u00a0El doctor Skjelbred detalla: \u00abHemos observado que la muerte s\u00fabita card\u00edaca es m\u00e1s frecuente en personas con diabetes de todos los grupos de edad, y que tiene un impacto considerable en la reducci\u00f3n de la esperanza de vida en las personas con diabetes.<strong> Si bien el riesgo de muerte s\u00fabita card\u00edaca aumenta con la edad en todas las personas, <\/strong>la diferencia relativa es m\u00e1s pronunciada al comparar a las personas m\u00e1s j\u00f3venes con diabetes con sus pares de la poblaci\u00f3n general\u00bb.<\/p>\n<p>\u00a0\u00a0\u00a0Este es un estudio observacional, lo que significa que podemos observar una relaci\u00f3n entre la diabetes y la muerte s\u00fabita card\u00edaca, pero no podemos demostrar que una cause la otra. La muerte s\u00fabita card\u00edaca es dif\u00edcil de predecir y prevenir, pero estos hallazgos refuerzan la importancia de que las personas con diabetes colaboren con sus m\u00e9dicos para reducir el riesgo cardiovascular.<\/p>\n<p><strong>\u00bfSE PUEDE HACER ALGO PARA PREVENIRLA?\ufeff<\/strong><\/p>\n<p>\u00a0\u00a0\u00a0<strong>Probablemente existan varias razones detr\u00e1s de esta relaci\u00f3n, y estas pueden variar seg\u00fan la edad.<\/strong> Tener diabetes predispone a las personas a la cardiopat\u00eda isqu\u00e9mica, que es un mecanismo clave. Adem\u00e1s, factores espec\u00edficos de la diabetes, como la hipoglucemia y la neuropat\u00eda auton\u00f3mica card\u00edaca, pueden aumentar la probabilidad de arritmia y muerte s\u00fabita card\u00edaca.<\/p>\n<p>\u00a0\u00a0\u00a0Una limitaci\u00f3n clave de este estudio es que se centra en las muertes ocurridas en 2010, antes del uso generalizado de las nuevas terapias hipoglucemiantes, como los inhibidores de SGLT2 y los agonistas del receptor de GLP-1. Por lo tanto, no podemos evaluar c\u00f3mo estos tratamientos pudieron haber influido en la muerte s\u00fabita card\u00edaca en a\u00f1os m\u00e1s recientes.<\/p>\n<p>\u00a0\u00a0\u00a0 A las personas que se sabe que tienen un riesgo muy alto de muerte card\u00edaca s\u00fabita <strong>se les puede implantar un desfibrilador cardioversor,<\/strong> por lo que los investigadores dicen que el siguiente paso podr\u00eda ser identificar subgrupos dentro de la poblaci\u00f3n diab\u00e9tica que podr\u00edan beneficiarse de estrategias preventivas y estudiar c\u00f3mo reducir el riesgo para las personas con diabetes.<\/p>\n","protected":false},"excerpt":{"rendered":"Archivo &#8211; Coraz\u00f3n &#8211; IMAGES WE CREATE AND WHAT ACTUAL\/ ISTOCK &#8211; Archivo \u00a0\u00a0\u00a0MADRID, 4 Dic. (EUROPA PRESS)&hellip;\n","protected":false},"author":2,"featured_media":270325,"comment_status":"","ping_status":"","sticky":false,"template":"","format":"standard","meta":{"footnotes":""},"categories":[92],"tags":[25,24,165,166,23],"class_list":{"0":"post-270324","1":"post","2":"type-post","3":"status-publish","4":"format-standard","5":"has-post-thumbnail","7":"category-salud","8":"tag-es","9":"tag-espana","10":"tag-health","11":"tag-salud","12":"tag-spain"},"share_on_mastodon":{"url":"https:\/\/pubeurope.com\/@es\/115660126490938144","error":""},"_links":{"self":[{"href":"https:\/\/www.europesays.com\/es\/wp-json\/wp\/v2\/posts\/270324","targetHints":{"allow":["GET"]}}],"collection":[{"href":"https:\/\/www.europesays.com\/es\/wp-json\/wp\/v2\/posts"}],"about":[{"href":"https:\/\/www.europesays.com\/es\/wp-json\/wp\/v2\/types\/post"}],"author":[{"embeddable":true,"href":"https:\/\/www.europesays.com\/es\/wp-json\/wp\/v2\/users\/2"}],"replies":[{"embeddable":true,"href":"https:\/\/www.europesays.com\/es\/wp-json\/wp\/v2\/comments?post=270324"}],"version-history":[{"count":0,"href":"https:\/\/www.europesays.com\/es\/wp-json\/wp\/v2\/posts\/270324\/revisions"}],"wp:featuredmedia":[{"embeddable":true,"href":"https:\/\/www.europesays.com\/es\/wp-json\/wp\/v2\/media\/270325"}],"wp:attachment":[{"href":"https:\/\/www.europesays.com\/es\/wp-json\/wp\/v2\/media?parent=270324"}],"wp:term":[{"taxonomy":"category","embeddable":true,"href":"https:\/\/www.europesays.com\/es\/wp-json\/wp\/v2\/categories?post=270324"},{"taxonomy":"post_tag","embeddable":true,"href":"https:\/\/www.europesays.com\/es\/wp-json\/wp\/v2\/tags?post=270324"}],"curies":[{"name":"wp","href":"https:\/\/api.w.org\/{rel}","templated":true}]}}