{"id":270326,"date":"2025-12-04T07:30:25","date_gmt":"2025-12-04T07:30:25","guid":{"rendered":"https:\/\/www.europesays.com\/es\/270326\/"},"modified":"2025-12-04T07:30:25","modified_gmt":"2025-12-04T07:30:25","slug":"la-necropolis-romana-del-metro-en-hilera-es-ya-la-mayor-de-la-historia-en-malaga","status":"publish","type":"post","link":"https:\/\/www.europesays.com\/es\/270326\/","title":{"rendered":"La necr\u00f3polis romana del metro en Hilera es ya la mayor de la historia en M\u00e1laga"},"content":{"rendered":"<p>Empez\u00f3 t\u00edmidamente en el mes de abril, con la aparici\u00f3n de 15 tumbas en la zona de excavaci\u00f3n del metro frente a Peso de la  &#8230; Harina y a la sede del grupo V\u00e9rtice. Pero este hallazgo no hac\u00eda presagiar entonces lo que ha terminado siendo: la mayor necr\u00f3polis arqueol\u00f3gica descubierta en la capital malague\u00f1a. <\/p>\n<p><img decoding=\"async\" loading=\"lazy\" src=\"https:\/\/www.europesays.com\/es\/wp-content\/uploads\/2025\/12\/metro-arqueo-hilera-migue4-U71533015203emn-650x455@Diario Sur.jpg\" class=\"v-a-img\" width=\"650\" height=\"455\" alt=\"Detalle de uno de los enterramientos que se est\u00e1n estudiando en la zona.\" data-voc-vtm-id=\"in-text-traffic\"\/><\/p>\n<p>Detalle de uno de los enterramientos que se est\u00e1n estudiando en la zona.<\/p>\n<p>MIGUE FERN\u00c1NDEZ<\/p>\n<p><img loading=\"lazy\" decoding=\"async\" src=\"https:\/\/www.europesays.com\/es\/wp-content\/uploads\/2025\/12\/metro-arqueo-hilera-migue4-U71533015203emn-650x455@Diario Sur.jpg\" class=\"v-mdl__img-z\" width=\"650\" height=\"455\" alt=\"\"\/><\/p>\n<p class=\"v-p\">Los trabajos para construir el t\u00fanel del suburbano a lo largo de la calzada en la calle Hilera han desenterrado todo un cementerio de \u00e9poca romana, concretamente de las \u00e9pocas altoimperial y bajoimperial, entre los siglos II al IV. Seg\u00fan los datos aportados por la Consejer\u00eda de Fomento de la Junta, a d\u00eda de hoy se han encontrado (pero no desenterrado a\u00fan, a la espera de la resoluci\u00f3n de la Delegaci\u00f3n de Cultura) unas 147 tumbas en la zona de obra entre Calle Hilera-esquina con Don Ricardo. <\/p>\n<p>\nSiguen apareciendo enterramientos, por lo que los arque\u00f3logos esperan que puedan superar los 300\n<\/p>\n<p class=\"v-p\">A estas, se ha sumado el hallazgo m\u00e1s reciente (hace tres semanas) junto al lateral del Corte Ingl\u00e9s (Escala 2000) de otros 40 enterramientos; mientras que en la zona de Hilera\/esquina con calle Peso de la Harina, se hallaron 67 tumbas (que fueron las primeras). <\/p>\n<p class=\"v-p\">Por tanto, ya se han contabilizado oficialmente m\u00e1s de 250 tumbas del periodo romano. Pero las excavaciones contin\u00faan y siguen apareciendo esqueletos, por lo que se prev\u00e9 que se puedan llegar a superar las 300, una vez que concluyan los trabajos en el \u00e1rea de excavaci\u00f3n arqueol\u00f3gica vinculada a las obras de la prolongaci\u00f3n del metro hasta el hospital Civil. <\/p>\n<p>Reescribir la historia<\/p>\n<p class=\"v-p\">Como ha ocurrido en ocasiones anteriores, las obras del metro est\u00e1n sirviendo para aportar nuevos datos a la historia de la ciudad. No en vano, esta localizaci\u00f3n de una necr\u00f3polis de \u00e9poca romana, y el hecho de que fuera tan numerosa, era desconocida para los arque\u00f3logos. De hecho, estudios anteriores la situaban en la zona de la calle M\u00e1rmoles, por lo que este hallazgo est\u00e1 permitiendo \u00abreinterpretar\u00bb el pasado.<\/p>\n<p><a href=\"http:\/\/www.diariosur.es\/malaga-capital\/encuentran-restos-humanos-epoca-romana-obras-metro-malaga-20250506120911-nt.html#vtm_modulosEngag=mod-rel:malaga-capital:noticia:1:cmp:1-not\" class=\"v-a-link\" aria-label=\"Imagen\" rel=\"nofollow noopener\" target=\"_blank\"><\/p>\n<p><img decoding=\"async\" loading=\"lazy\" src=\"https:\/\/www.europesays.com\/es\/wp-content\/uploads\/2025\/12\/IMG-20250506-WA0014-U78350437580vSx-366x256@Diario Sur.jpg\" class=\"v-a-img\" width=\"258\" height=\"180\" alt=\"\" data-voc-vtm-id=\"in-text-traffic\"\/><\/p>\n<p><\/a><\/p>\n<p class=\"v-p\">Los investigadores est\u00e1n trabajando ahora en la indentificaci\u00f3n, que es un proceso lento y previo a la extracci\u00f3n y conservaci\u00f3n. El punto de excavaci\u00f3n est\u00e1 ahora mismo a la altura de la fachada del edificio nuevo de El Corte Ingl\u00e9s, entre las secciones de viajes y la librer\u00eda. Posteriormente, todos los restos se sacar\u00e1n y se trasladar\u00e1n al almac\u00e9n para su posterior estudio. De hecho, los primeros ya quedaron depositados hace meses en el museo de la Aduana.<\/p>\n<p class=\"v-p\">Como conclusi\u00f3n, este yacimiento se ha convertido ya en la mayor necr\u00f3polis excavada en M\u00e1laga. Los cementerios de la \u00e9poca nazar\u00ed previsiblemente ser\u00edan m\u00e1s numerosos, por el aumento de la poblaci\u00f3n; pero de momento han aparecido de forma m\u00e1s o menos dispersa y con pocos individuos, por lo que no se han excavado en el n\u00famero que se ha hecho bajo la calle Hilera.<\/p>\n<p>Historial de descubrimientos<\/p>\n<p class=\"v-p\">No es la primera vez que aparecen restos romanos durante los trabajos de excavaci\u00f3n de los t\u00faneles del metro. De hecho, as\u00ed ocurri\u00f3 en puntos tales como la calle La Uni\u00f3n y en la avenida Juan XXIII: precisamente, en frente de un antiguo concesionario de coches que se llamaba Garum Motor.<\/p>\n<p class=\"v-p\">Mientras, en la misma zona de Hilera, cerca de la necr\u00f3polis, en el primer subtramo de las obras del metro hacia el Civil frente al edificio principal de El Corte Ingl\u00e9s, aparecieron restos de la \u00e9poca musulmana. Estos se corresponden con otra zona del antiguo arrabal (barrio) de Attabanim, en l\u00ednea con todo lo que emergi\u00f3 en la cercana avenida de Andaluc\u00eda. En cambio, los vestigios estaban muy deteriorados, a causa de la cimentaci\u00f3n (riostras) de las naves industriales y f\u00e1bricas de finales del XIX.<\/p>\n","protected":false},"excerpt":{"rendered":"Empez\u00f3 t\u00edmidamente en el mes de abril, con la aparici\u00f3n de 15 tumbas en la zona de excavaci\u00f3n&hellip;\n","protected":false},"author":2,"featured_media":270327,"comment_status":"","ping_status":"","sticky":false,"template":"","format":"standard","meta":{"footnotes":""},"categories":[91],"tags":[37848,146,147,25,24,66440,3855,31,14236,66439,39686,23],"class_list":{"0":"post-270326","1":"post","2":"type-post","3":"status-publish","4":"format-standard","5":"has-post-thumbnail","7":"category-entretenimiento","8":"tag-encontrado","9":"tag-entertainment","10":"tag-entretenimiento","11":"tag-es","12":"tag-espana","13":"tag-hilera","14":"tag-malaga","15":"tag-mayor","16":"tag-metro","17":"tag-necropolis","18":"tag-romana","19":"tag-spain"},"share_on_mastodon":{"url":"https:\/\/pubeurope.com\/@es\/115660130247557125","error":""},"_links":{"self":[{"href":"https:\/\/www.europesays.com\/es\/wp-json\/wp\/v2\/posts\/270326","targetHints":{"allow":["GET"]}}],"collection":[{"href":"https:\/\/www.europesays.com\/es\/wp-json\/wp\/v2\/posts"}],"about":[{"href":"https:\/\/www.europesays.com\/es\/wp-json\/wp\/v2\/types\/post"}],"author":[{"embeddable":true,"href":"https:\/\/www.europesays.com\/es\/wp-json\/wp\/v2\/users\/2"}],"replies":[{"embeddable":true,"href":"https:\/\/www.europesays.com\/es\/wp-json\/wp\/v2\/comments?post=270326"}],"version-history":[{"count":0,"href":"https:\/\/www.europesays.com\/es\/wp-json\/wp\/v2\/posts\/270326\/revisions"}],"wp:featuredmedia":[{"embeddable":true,"href":"https:\/\/www.europesays.com\/es\/wp-json\/wp\/v2\/media\/270327"}],"wp:attachment":[{"href":"https:\/\/www.europesays.com\/es\/wp-json\/wp\/v2\/media?parent=270326"}],"wp:term":[{"taxonomy":"category","embeddable":true,"href":"https:\/\/www.europesays.com\/es\/wp-json\/wp\/v2\/categories?post=270326"},{"taxonomy":"post_tag","embeddable":true,"href":"https:\/\/www.europesays.com\/es\/wp-json\/wp\/v2\/tags?post=270326"}],"curies":[{"name":"wp","href":"https:\/\/api.w.org\/{rel}","templated":true}]}}