{"id":270332,"date":"2025-12-04T07:33:12","date_gmt":"2025-12-04T07:33:12","guid":{"rendered":"https:\/\/www.europesays.com\/es\/270332\/"},"modified":"2025-12-04T07:33:12","modified_gmt":"2025-12-04T07:33:12","slug":"el-escandalo-que-hace-temblar-a-la-ue","status":"publish","type":"post","link":"https:\/\/www.europesays.com\/es\/270332\/","title":{"rendered":"el esc\u00e1ndalo que hace temblar a la UE"},"content":{"rendered":"<p><strong>La imputaci\u00f3n de Federica Mogherini<\/strong>, ex vicepresidenta de la Comisi\u00f3n Europea, y de Stefano Sannino, ex n\u00famero dos de Josep Borrell, en \u00ab<strong>un caso de fraude, corrupci\u00f3n, conflicto de intereses y violaci\u00f3n del secreto profesional<\/strong>\u00bb es una bomba de relojer\u00eda. Puede estallar como ocurri\u00f3 en 1999 cuando tuvo que dimitir toda la comisi\u00f3n Santer. La italiana Mogherini, rectora del Colegio de Europa, declar\u00f3 durante diez horas el martes, <a href=\"https:\/\/www.elindependiente.com\/internacional\/europa\/2025\/12\/02\/detenida-federica-mogherini-ex-vicepresidenta-de-la-ue-por-presunto-fraude\/\" target=\"_blank\" rel=\"noreferrer noopener nofollow\">tras ser arrestada<\/a>, y asegura que es inocente. La presidenta de la Comisi\u00f3n Europea, Ursula von der Leyen, afronta este esc\u00e1ndalo justo cuando ha cumplido el primer a\u00f1o de su segundo mandato. <\/p>\n<p><strong>El caso se refiere a los a\u00f1os 2021-2022<\/strong>, <a href=\"https:\/\/www.euractiv.com\/news\/eeas-gate-mogherini-serene-after-10-hour-police-interrogation\/\" rel=\"nofollow noopener\" target=\"_blank\">seg\u00fan revel\u00f3 el portal Euractiv<\/a> que dio la exclusiva. En ese momento, <strong>el Servicio de Acci\u00f3n Exterior (SEAE) convoc\u00f3 una licitaci\u00f3n abierta para la creaci\u00f3n de una academia diplom\u00e1tica europea<\/strong>. Pod\u00eda participar en ella cualquier universidad de la Uni\u00f3n Europea. Sin embargo, el Colegio Europeo de Brujas habr\u00eda obtenido informaci\u00f3n privilegiada sobre la convocatoria y as\u00ed pudo ganarla. El Colegio Europeo tiene delegaciones tambi\u00e9n en Tirana y Varsovia. <\/p>\n<p>La italiana Federica Mogherini, jefa de la diplomacia europea entre 2014 y 2019, es desde 2020 rectora de la universidad de Brujas. Sannino era en ese momento el adjunto del Servicio Europeo de Acci\u00f3n Exterior. Su jefe era el espa\u00f1ol Jos\u00e9 Borrell.\u00a0Ahora era director general en la Comisi\u00f3n Von der Leyen. <\/p>\n<p>Investigaci\u00f3n de la Fiscal\u00eda Europea<\/p>\n<p>Los investigadores prestaron especial atenci\u00f3n a la compra por parte del Colegio Europeo de un edificio en la Spanjaardstraat de Brujas por 3,2 millones de euros. Poco despu\u00e9s, la universidad recibi\u00f3 una subvenci\u00f3n de 654.000 euros del SEAE. Ninguna otra universidad ha formado a tantos funcionarios de las instituciones europeas como el Colegio de Brujas. Adem\u00e1s, la universidad est\u00e1 financiada en gran medida por la Comisi\u00f3n Europea en forma de subvenciones.\u00a0<\/p>\n<p>La investigaci\u00f3n la lleva a cabo la Fiscal\u00eda Europea, <strong>una instituci\u00f3n creada a ra\u00edz del gran esc\u00e1ndalo de corrupci\u00f3n que en 1999 provoc\u00f3 la dimisi\u00f3n de toda la Comisi\u00f3n Europea de Jacques Santer.<\/strong> En Bruselas se preguntan si podr\u00eda volver a suceder algo as\u00ed. <\/p>\n<p>Entonces el esc\u00e1ndalo <strong>comenz\u00f3 con las denuncias sobre<\/strong> <strong>la entonces comisaria francesa de Ciencia, \u00c9dith Cresson<\/strong>. La comisaria deriv\u00f3 pagos injustificadamente a su amigo, el dentista Ren\u00e9 Berthelot, por valor de 130.000 euros.\u00a0Santer, presidente de la Comisi\u00f3n, intent\u00f3 forzar su salida pero Francia se opuso a no ser que saliera tambi\u00e9n Santer. Finalmente dimiti\u00f3 todo el colegio de comisarios. <\/p>\n<p>Cr\u00edticas desde todos los flancos<\/p>\n<p>Las cr\u00edticas est\u00e1n siendo implacables por parte de los m\u00e1s euroesc\u00e9pticos como los h\u00fangaros. \u00ab\u00bfLa prestigiosa &#8216;escuela de perfeccionamiento&#8217; de la UE para eur\u00f3cratas est\u00e1 ahora bajo investigaci\u00f3n por acceso privilegiado a licitaciones? Ni guionizado saldr\u00eda as\u00ed. Es curioso c\u00f3mo Bruselas da lecciones a todo el mundo sobre el &#8216;Estado de derecho&#8217;, cuando sus propias instituciones se parecen m\u00e1s a una serie polic\u00edaca que a una uni\u00f3n que funciona\u00bb, ha escrito en X el portavoz del Gobierno h\u00fangaro, Zolt\u00e1n Kov\u00e1cs.\u00a0<\/p>\n<p><strong>El grupo de Conservadores y Reformistas se plantea un voto de censura contra Von der Leyen<\/strong>, <a href=\"https:\/\/www.politico.eu\/article\/ursula-von-der-leyen-fraud-probe-federica-mogherini-stefano-sannino-european-external-action-service\/\" rel=\"nofollow noopener\" target=\"_blank\">seg\u00fan ha informado<\/a> a Politico el eurodiputado rumano Gheorghe Piperea. Ya ha afrontado cuatro mociones de confianza. <\/p>\n<p>Otros casos: Qatar y Marruecosgate o Pfizer<\/p>\n<p>Desde la izquierda tambi\u00e9n hay mucha irritaci\u00f3n. \u00abLa credibilidad de las instituciones europeas est\u00e1 en juego\u00bb, afirma Manon Aubry, de la Francia Insumisa. Son muchos los que recuerdan c\u00f3mo hay falta de transparencia y supervisi\u00f3n financiera. <a href=\"https:\/\/www.elindependiente.com\/internacional\/2022\/12\/16\/el-ex-eurodiputado-panzeri-es-la-cabeza-de-la-trama-era-un-agente-de-marruecos\/\" target=\"_blank\" rel=\"noreferrer noopener nofollow\">As\u00ed se vio con el esc\u00e1ndalo del Qatargate (en realidad Marruecosgate)<\/a>. En ese caso se trataba de pagos y favores a dos eurodiputados a cambio de mediar a favor de Qatar y Marruecos.<\/p>\n<p>La propia Von der Leyen fue objeto de una reprimenda por parte del Tribunal General de la UE. A principios de este a\u00f1o dictaminque no deber\u00eda haber ocultado al p\u00fablico los mensajes de texto que intercambi\u00f3 con el director ejecutivo del gigante farmac\u00e9utico Pfizer durante la pandemia de Covid-19.<\/p>\n<p>El esc\u00e1ndalo en el que est\u00e1 implicada Mogherini, de centro izquierda, es muy grave, dado que la italiana fue jefa de la diplomacia europea y vicepresidenta de la Comisi\u00f3n. El caso <strong>amenaza con agravar las deterioradas relaciones entre Von der Leyen y la Alta Representante de la UE, actual jefa del SEAE, la estonia Kaja Kallas<\/strong>, quien se ha mostrado sorprendida por la imputaci\u00f3n de Mogherini y Sannino. A principios de este a\u00f1o, Sannino dej\u00f3 su cargo de secretario general del SEAE y asumi\u00f3 un papel destacado en la Comisi\u00f3n de Von der Leyen.<\/p>\n<p>Mogherini, de la Comisi\u00f3n al Colegio de Europa<\/p>\n<p>Mogherini fue ministra italiana de Exteriores antes de ocupar el cargo de Alta Representante para Pol\u00edtica Exterior y de Seguridad entre 2014 y 2019. Al final de su mandato de cinco a\u00f1os, pas\u00f3 a ser rectora del Colegio de Europa, con sede en Brujas, cargo que ocupa desde entonces. Como recuerda Politico, <strong>su nombramiento se vio empa\u00f1ado por acusaciones de nepotismo<\/strong>, ya que profesores y funcionarios de la UE argumentaron que no estaba cualificada para el puesto, no cumpl\u00eda los criterios y hab\u00eda presentado su candidatura fuera de plazo.<\/p>\n<p>Desde agosto de 2022, tambi\u00e9n es <strong>directora de la Academia Diplom\u00e1tica de la UE, un programa para diplom\u00e1ticos junior de todos los pa\u00edses de la UE gestionado por el Colegio de Europa<\/strong>. Esta academia se encuentra en el centro de la investigaci\u00f3n. Otras cinco instituciones educativas y de investigaci\u00f3n \u2014entre ellas el Instituto Europeo de Administraci\u00f3n P\u00fablica de Maastricht y el Instituto Universitario Europeo de Florencia\u2014 compitieron por acoger y gestionar el primer a\u00f1o piloto, seg\u00fan Euractiv. <\/p>\n<p>Borrell no aparece en la investigaci\u00f3n<\/p>\n<p>Perdieron frente al Colegio de Europa, que recibi\u00f3 130.000 euros de la Comisi\u00f3n en el marco de una licitaci\u00f3n de valor medio, adem\u00e1s de m\u00e1s de 600.000 euros para alojamiento, manutenci\u00f3n, visitas de estudio y otros gastos de los participantes en sus campus de Brujas y Varsovia. Cuando en 2023 se lanz\u00f3 otra licitaci\u00f3n para el segundo a\u00f1o de la academia, se puso a disposici\u00f3n una suma mucho mayor, 960.000 euros, directamente a trav\u00e9s del proceso de contrataci\u00f3n p\u00fablica. Seg\u00fan los documentos p\u00fablicos, solo se present\u00f3 un licitador: el Colegio de Europa.<\/p>\n<p>\u00abEsta es una idea que ten\u00eda en mente desde hace muchos a\u00f1os\u00bb, <a href=\"https:\/\/x.com\/federicamog\/status\/1534592448541995008\" rel=\"nofollow\">dijo Borrell al inaugurar el programa en octubre de 2022<\/a>. El eurodiputado socialista espa\u00f1ol Nacho S\u00e1nchez Amor, a quien Borrell ha descrito como un amigo, propuso formalmente la academia en abril de 2021 como un \u00abproyecto piloto\u00bb, una herramienta parlamentaria que permite que las nuevas iniciativas reciban financiaci\u00f3n de la UE y puedan convertirse en permanentes. <strong>Ni Borrell ni S\u00e1nchez Amor est\u00e1n afectados por la investigaci\u00f3n<\/strong>. <\/p>\n<p>En mayo de 2024, los embajadores de la UE acordaron convertir la academia en permanente, concedi\u00e9ndole financiaci\u00f3n indefinida con cargo al presupuesto del SEAE. Los gobiernos concedieron a la academia 1,7 millones de euros entre junio de 2024 y julio de 2025, y otros 1,7 millones de euros para el a\u00f1o siguiente, hasta finales de junio de 2026.<\/p>\n<p>Veremos c\u00f3mo lidia con las acusaciones Mogherini. Ser\u00e1 dif\u00edcil que pueda mantenerse en el puesto al frente del Colegio de Europa y la Academia Diplom\u00e1tica. De momento, se mantiene firme y no renuncia. <\/p>\n<p>PUBLICIDAD<\/p>\n","protected":false},"excerpt":{"rendered":"La imputaci\u00f3n de Federica Mogherini, ex vicepresidenta de la Comisi\u00f3n Europea, y de Stefano Sannino, ex n\u00famero dos&hellip;\n","protected":false},"author":2,"featured_media":270333,"comment_status":"","ping_status":"","sticky":false,"template":"","format":"standard","meta":{"footnotes":""},"categories":[42],"tags":[17,18,1708,700,13,14,11,61,62,63,64,19,20,9,10,15,16,12,21,22,1707,65,66,67],"class_list":{"0":"post-270332","1":"post","2":"type-post","3":"status-publish","4":"format-standard","5":"has-post-thumbnail","7":"category-internacional","8":"tag-breaking-news","9":"tag-breakingnews","10":"tag-comision-europea","11":"tag-europa","12":"tag-featured-news","13":"tag-featurednews","14":"tag-headlines","15":"tag-internacional","16":"tag-international","17":"tag-international-news","18":"tag-internationalnews","19":"tag-latest-news","20":"tag-latestnews","21":"tag-news","22":"tag-noticias","23":"tag-noticias-destacadas","24":"tag-noticiasdestacadas","25":"tag-titulares","26":"tag-ultimas-noticias","27":"tag-ultimasnoticias","28":"tag-ursula-von-der-leyen","29":"tag-world","30":"tag-world-news","31":"tag-worldnews"},"share_on_mastodon":{"url":"https:\/\/pubeurope.com\/@es\/115660141624857282","error":""},"_links":{"self":[{"href":"https:\/\/www.europesays.com\/es\/wp-json\/wp\/v2\/posts\/270332","targetHints":{"allow":["GET"]}}],"collection":[{"href":"https:\/\/www.europesays.com\/es\/wp-json\/wp\/v2\/posts"}],"about":[{"href":"https:\/\/www.europesays.com\/es\/wp-json\/wp\/v2\/types\/post"}],"author":[{"embeddable":true,"href":"https:\/\/www.europesays.com\/es\/wp-json\/wp\/v2\/users\/2"}],"replies":[{"embeddable":true,"href":"https:\/\/www.europesays.com\/es\/wp-json\/wp\/v2\/comments?post=270332"}],"version-history":[{"count":0,"href":"https:\/\/www.europesays.com\/es\/wp-json\/wp\/v2\/posts\/270332\/revisions"}],"wp:featuredmedia":[{"embeddable":true,"href":"https:\/\/www.europesays.com\/es\/wp-json\/wp\/v2\/media\/270333"}],"wp:attachment":[{"href":"https:\/\/www.europesays.com\/es\/wp-json\/wp\/v2\/media?parent=270332"}],"wp:term":[{"taxonomy":"category","embeddable":true,"href":"https:\/\/www.europesays.com\/es\/wp-json\/wp\/v2\/categories?post=270332"},{"taxonomy":"post_tag","embeddable":true,"href":"https:\/\/www.europesays.com\/es\/wp-json\/wp\/v2\/tags?post=270332"}],"curies":[{"name":"wp","href":"https:\/\/api.w.org\/{rel}","templated":true}]}}