{"id":270334,"date":"2025-12-04T07:34:10","date_gmt":"2025-12-04T07:34:10","guid":{"rendered":"https:\/\/www.europesays.com\/es\/270334\/"},"modified":"2025-12-04T07:34:10","modified_gmt":"2025-12-04T07:34:10","slug":"espana-y-marruecos-celebran-en-madrid-una-reunion-de-alto-nivel","status":"publish","type":"post","link":"https:\/\/www.europesays.com\/es\/270334\/","title":{"rendered":"Espa\u00f1a y Marruecos celebran en Madrid una reuni\u00f3n de alto nivel"},"content":{"rendered":"<p>Madrid acoge este jueves la <strong>XIII Reuni\u00f3n de alto nivel<\/strong> (RAN) entre <strong>Espa\u00f1a y Marruecos<\/strong>, una cumbre que llega en un momento \u00abespecialmente positivo para las relaciones bilaterales\u00bb. As\u00ed lo indica el Ejecutivo ante una cita que busca ahondar en las relaciones con el pa\u00eds vecino y reforzar contactos en \u00e1reas como la energ\u00eda o la ciberseguridad.<\/p>\n<p>Est\u00e1 previsto que el presidente del Gobierno, <strong>Pedro S\u00e1nchez<\/strong>, se re\u00fana con su hom\u00f3logo marroqu\u00ed, <strong>Aziz Akhannouch<\/strong>. Ambos estar\u00e1n acompa\u00f1ados de varios ministros: en el caso espa\u00f1ol, participar\u00e1n del encuentro los titulares de Asuntos Exteriores, Transici\u00f3n Ecol\u00f3gica, Educaci\u00f3n, Agricultura e Inclusi\u00f3n, Seguridad Social y Migraciones. <\/p>\n<p>\u00abEspa\u00f1a y Marruecos est\u00e1n unidos por v\u00ednculos humanos muy fuertes: l<strong>a comunidad marroqu\u00ed sigue siendo la comunidad extranjera m\u00e1s numerosa en Espa\u00f1a<\/strong>\u00ab, remarca el Gobierno, y a\u00f1ade que se ha convertido \u00aben la mayor cotizante de la seguridad social\u00bb.<\/p>\n<p>El Ejecutivo tambi\u00e9n pone de relieve los <strong>intercambios comerciales<\/strong>. Seg\u00fan sus datos, Espa\u00f1a es el primer socio comercial de Marruecos desde 2012, con un r\u00e9cord hist\u00f3rico en 2024 de intercambios que superan los 22.600 millones de euros. <\/p>\n<p>En total, en la XIII Reuni\u00f3n de alto nivel <strong>se firmar\u00e1n una decena de acuerdos<\/strong>. El Gobierno avanza que se suscribir\u00e1n nuevos v\u00ednculos en materias como la transici\u00f3n digital de las administraciones p\u00fablicas, la prevenci\u00f3n de desastres naturales, la agricultura y la lucha contra los extremismos.<\/p>\n<p>Destaca de este encuentro que no se prev\u00e9 la participaci\u00f3n de ning\u00fan ministro de <strong>Sumar<\/strong>, uno de los dos partidos que forman la coalici\u00f3n. La formaci\u00f3n siempre se ha mostrado muy cr\u00edtica con el r\u00e9gimen marroqu\u00ed y su postura respecto al S\u00e1hara Occidental.<\/p>\n<p>Previo al encuentro pol\u00edtico, este mi\u00e9rcoles se ha celebrado tambi\u00e9n en Madrid una reuni\u00f3n entre un centenar de empresarios espa\u00f1oles y marroqu\u00edes. Seg\u00fan un comunicado de la <strong>patronal CEOE<\/strong>, las compa\u00f1\u00edas presentes han ratificado su compromiso de cooperar en sectores estrat\u00e9gicos como la gesti\u00f3n del agua, la movilidad y la energ\u00eda.<\/p>\n<p>La ONU respalda que el S\u00e1hara Occidental sea un territorio aut\u00f3nomo dentro de Marruecos<\/p>\n<p>El encuentro de este jueves llega en un momento marcado por los intereses de Marruecos de tomar el control del S\u00e1hara Occidental. Tambi\u00e9n despu\u00e9s de que el <strong>Consejo de Seguridad de la ONU<\/strong> aprobara a finales de octubre una <strong>resoluci\u00f3n impulsada por los Estados<\/strong> <strong>Unidos <\/strong>que avala el plan de autonom\u00eda de Rabat que aparca la v\u00eda de la autodeterminaci\u00f3n.<\/p>\n<p>Concretamente, la ONU renov\u00f3 por un a\u00f1o m\u00e1s su misi\u00f3n en el S\u00e1hara Occidental<strong>, <\/strong>conocida como <strong>Minurso<\/strong>, tomando como base el plan de autonom\u00eda de Marruecos; una iniciativa que <strong>echaba por tierra la posibilidad de un refer\u00e9ndum<\/strong> para la autodeterminaci\u00f3n saharaui. La resoluci\u00f3n fue aprobada con 11 votos a favor, ninguno en contra y tres abstenciones.<\/p>\n<p><strong>Rusia, China y Pakist\u00e1n<\/strong> fueron los tres \u00fanicos pa\u00edses que se han abstuvieron, mientras que <strong>Argelia<\/strong>, aliada del Frente Polisario, se ausent\u00f3. <\/p>\n<p>En el caso de Espa\u00f1a, el Gobierno consider\u00f3 la propuesta de autonom\u00eda de Marruecos respecto al S\u00e1hara Occidental en marzo 2022. Muchos lo vieron como un giro hist\u00f3rico, <a href=\"https:\/\/www.rtve.es\/noticias\/20220330\/sanchez-niega-giro-sahara-paso-camino-solucion\/2325240.shtml\" target=\"_blank\" rel=\"nofollow noopener\">un lectura que neg\u00f3 Pedro S\u00e1nchez<\/a>. El Congreso reprob\u00f3 entonces al presidente por su supuesto cambio de posici\u00f3n.<\/p>\n<p>El Frente Polisario advierte: \u00abEl siguiente objetivo ser\u00e1 Canarias\u00bb<\/p>\n<p>Ante la cumbre de este jueves, el Frente Polisario ha querido alertar al Gobierno de Espa\u00f1a: una vez que Marruecos consiga consolidar su ocupaci\u00f3n del S\u00e1hara Occidental \u00abel siguiente objetivo ser\u00e1 Canarias\u00bb.<\/p>\n<p>Este ha sido el mensaje del representante del Frente Polisario en Espa\u00f1a, Abdulah Arabi, a menos que \u00abEspa\u00f1a le ponga freno\u00bb y no permita a Marruecos que siga marcando la agenda, como recuerda \u00abha venido haciendo los \u00faltimos a\u00f1os\u00bb.<\/p>\n<p>Abdulah Arabi tambi\u00e9n se muestra convencido de que \u00abMarruecos impondr\u00e1 la agenda y los acuerdos seg\u00fan sus necesidades e intereses exclusivos\u00bb. En este contexto, ha dejado claro que el Polisario \u00abpermanecer\u00e1 vigilante de cuantos acuerdos se alcancen en la RAN por su posible afectaci\u00f3n\u00bb a la antigua colonia espa\u00f1ola.<\/p>\n","protected":false},"excerpt":{"rendered":"Madrid acoge este jueves la XIII Reuni\u00f3n de alto nivel (RAN) entre Espa\u00f1a y Marruecos, una cumbre que&hellip;\n","protected":false},"author":2,"featured_media":270335,"comment_status":"","ping_status":"","sticky":false,"template":"","format":"standard","meta":{"footnotes":""},"categories":[8],"tags":[17,18,25,24,13,14,11,19,20,9,10,15,16,23,12,21,22],"class_list":{"0":"post-270334","1":"post","2":"type-post","3":"status-publish","4":"format-standard","5":"has-post-thumbnail","7":"category-espana","8":"tag-breaking-news","9":"tag-breakingnews","10":"tag-es","11":"tag-espana","12":"tag-featured-news","13":"tag-featurednews","14":"tag-headlines","15":"tag-latest-news","16":"tag-latestnews","17":"tag-news","18":"tag-noticias","19":"tag-noticias-destacadas","20":"tag-noticiasdestacadas","21":"tag-spain","22":"tag-titulares","23":"tag-ultimas-noticias","24":"tag-ultimasnoticias"},"share_on_mastodon":{"url":"https:\/\/pubeurope.com\/@es\/115660145726858613","error":""},"_links":{"self":[{"href":"https:\/\/www.europesays.com\/es\/wp-json\/wp\/v2\/posts\/270334","targetHints":{"allow":["GET"]}}],"collection":[{"href":"https:\/\/www.europesays.com\/es\/wp-json\/wp\/v2\/posts"}],"about":[{"href":"https:\/\/www.europesays.com\/es\/wp-json\/wp\/v2\/types\/post"}],"author":[{"embeddable":true,"href":"https:\/\/www.europesays.com\/es\/wp-json\/wp\/v2\/users\/2"}],"replies":[{"embeddable":true,"href":"https:\/\/www.europesays.com\/es\/wp-json\/wp\/v2\/comments?post=270334"}],"version-history":[{"count":0,"href":"https:\/\/www.europesays.com\/es\/wp-json\/wp\/v2\/posts\/270334\/revisions"}],"wp:featuredmedia":[{"embeddable":true,"href":"https:\/\/www.europesays.com\/es\/wp-json\/wp\/v2\/media\/270335"}],"wp:attachment":[{"href":"https:\/\/www.europesays.com\/es\/wp-json\/wp\/v2\/media?parent=270334"}],"wp:term":[{"taxonomy":"category","embeddable":true,"href":"https:\/\/www.europesays.com\/es\/wp-json\/wp\/v2\/categories?post=270334"},{"taxonomy":"post_tag","embeddable":true,"href":"https:\/\/www.europesays.com\/es\/wp-json\/wp\/v2\/tags?post=270334"}],"curies":[{"name":"wp","href":"https:\/\/api.w.org\/{rel}","templated":true}]}}