{"id":270336,"date":"2025-12-04T07:35:11","date_gmt":"2025-12-04T07:35:11","guid":{"rendered":"https:\/\/www.europesays.com\/es\/270336\/"},"modified":"2025-12-04T07:35:11","modified_gmt":"2025-12-04T07:35:11","slug":"arnau-tenas-resuelve-el-escape-room-de-lebrija","status":"publish","type":"post","link":"https:\/\/www.europesays.com\/es\/270336\/","title":{"rendered":"Arnau Tenas resuelve el \u2018escape room\u2019 de Lebrija"},"content":{"rendered":"<p class=\"\"><b>Marcelino <\/b>suspir\u00f3 en el peque\u00f1o vestuario de <b>Lebrija<\/b>, cerca de las 12 de la noche, mientras pisaba las <b>bolitas negras<\/b> de goma que sus jugadores sacud\u00edan de sus botas. Fueron <b>120 minutos<\/b> y <b>nueve penaltis<\/b> de puro \u2018escape room\u2019. Un <b>sufrimiento <\/b>que solo desapareci\u00f3 cuando <b>Ilias Akhomach marc\u00f3 el quinto<\/b> penalti de la tanda. Porque los fantasmas de <b>Unionistas <\/b>y <b>Pontevedra<\/b> volvieron a sobrevolar el Municipal de <b>Lebrija<\/b>, campo del Atl\u00e9tico <b>Antoniano<\/b>.<\/p>\n<p class=\"\">Un cabezazo de <b>Ayoze<\/b>, tras un c\u00f3rner botado al paso (no hab\u00eda mucho m\u00e1s espacio para tomar carrerilla) por <b>Parejo<\/b>, parec\u00eda solucionar la <b>encrucijada<\/b> a la que someti\u00f3 el Antoniano a todo un equipo de <b>Champions <\/b>League. Fue en el 102\u2032. Ocho minutos despu\u00e9s el mundo se volv\u00eda a caer a los pies del <b>Villarreal<\/b>. <b>Jes\u00fas<\/b> Garc\u00eda empataba tras un disparo a la cruceta de <b>Pana<\/b>. Ver para creer. Tuvieron que llegar los penaltis para doblegar a un equipo de Segunda RFEF, bien preparado f\u00edsica y t\u00e1cticamente, pero de Segunda RFEF. Ah\u00ed <b>Arnau Tenas detuvo un lanzamiento a Dur\u00e1n<\/b> y los cinco amarillos marcaron, el \u00faltimo <b>Akhomach<\/b>, para evitar otro soponcio.<\/p>\n<p class=\"\">Marcelino sac\u00f3 un once con muchos de sus titulares, aun as\u00ed le cost\u00f3 la <b>vida <\/b>al Villarreal. El <b>tama\u00f1o <\/b>del campo, el <b>c\u00e9sped <\/b>artificial y la <b>extramotivaci\u00f3n <\/b>del Antoniano hicieron que la diferencia abismal entre la calidad de uno y otro equipo, se quedara nada. En la primera mitad, un par de disparos, de <b>Hugo L\u00f3pez<\/b> y <b>Pepe<\/b>, y un posible penalti por mano fueron de lo poco a lo que agarrarse del <b>Submarino <\/b>ante un Antoniano que tambi\u00e9n tuvo sus acercamientos peligrosos.<\/p>\n<p class=\"\">En la segunda mitad, el Antoniano no sali\u00f3 de su campo. Pero el Villarreal<b> no fue capaz de meter una<\/b> entre los tres palos. <b>Gueye <\/b>estuvo en todas. Solo meti\u00f3 una, de cabeza, pero no vali\u00f3. Era fuera de juego. La m\u00e1s clara la tuvo <b>Tani<\/b>, que tras regatear al portero no fue capaz de embocar. <b>Revuelta la sac\u00f3 bajo palos<\/b>. Pr\u00f3rroga.<\/p>\n<p class=\"\">Y ah\u00ed, la m\u00e1s clara, antes del gol de Ayoze, la tuvo <b>Pedraza<\/b>, Jos\u00e9. El <b>sobrino de Alfonso<\/b> que a pocos metros miraba at\u00f3nito la jugarreta que estaba a punto de liarle su familiar. El mundo al rev\u00e9s. Su zurdazo sali\u00f3 <b>silbando <\/b>el palo. Poco despu\u00e9s, en un c\u00f3rner protestado por los jugadores del Antoniano, lleg\u00f3 el gol de Ayoze. <\/p>\n<p>Noticias relacionadas<\/p>\n<p class=\"\">Parec\u00eda que la <b>cosa estaba solucionada<\/b>. Pero no. Un misil de <b>Pana<\/b>, desde 30 metros, se estrell\u00f3 en la cruceta y el rechazo lo mand\u00f3 <b>Jes\u00fas Garc\u00eda<\/b> a la red. Volv\u00eda la ansiedad. <b>Rafa Mar\u00edn<\/b> tuvo un cabezazo y <b>Akhomach <\/b>un disparo desde fuera del \u00e1rea para evitar lo inevitable pero Mat\u00edas, con sus intervenciones, mand\u00f3 el cruce a los penaltis.<\/p>\n<p class=\"\"><b>\u00a1Tus opiniones importan!<\/b> Comenta en los art\u00edculos y suscr\u00edbete gratis a nuestra <a href=\"https:\/\/asfan.as.com\/newsletters\/\" target=\"_blank\" rel=\"nofollow noopener\" title=\"https:\/\/asfan.as.com\/newsletters\/\">newsletter<\/a> y a las alertas informativas en la <a href=\"https:\/\/as.com\/aplicacion-de-as-n\/\" target=\"_blank\" rel=\"nofollow noopener\" title=\"https:\/\/as.com\/aplicacion-de-as-n\/\">App<\/a> o el canal de <a href=\"https:\/\/www.whatsapp.com\/channel\/0029VaAasdA7j6g745nz9M10\" target=\"_blank\" rel=\"nofollow noopener\" title=\"https:\/\/www.whatsapp.com\/channel\/0029VaAasdA7j6g745nz9M10\">WhatsApp<\/a>. \u00bfBuscas licenciar contenido? Haz clic <a href=\"https:\/\/profesional.elpais.com\/landing-sindicacion?utm_medium=interno&amp;utm_source=crosslinking&amp;utm_campaign=sindicacion_as_pie_articulos\" target=\"_blank\" rel=\"nofollow noopener\" title=\"https:\/\/profesional.elpais.com\/landing-sindicacion?utm_medium=interno&amp;utm_source=crosslinking&amp;utm_campaign=sindicacion_as_pie_articulos\">aqu\u00ed<\/a><\/p>\n<p>                            Atl\u00e9tico Antoniano<\/p>\n<p>                                                                                                                                                                                                                                                                                            <img decoding=\"async\" title=\"Atl\u00e9tico Antoniano\" loading=\"lazy\" src=\"https:\/\/www.europesays.com\/es\/wp-content\/uploads\/2025\/12\/3726.png\"  width=\"80\" height=\"80\" data-error-image=\"https:\/\/static.prisa.com\/aside\/resizer\/resize\/img\/sports\/football\/teams\/default.png?width=160&amp;height=160\"\/><\/p>\n<ul class=\"team-lup\">\n<li class=\"in-pla\">\n                                            13<\/p>\n<p>                                                Mat\u00edas \u00c1rbol<\/p>\n<\/li>\n<li class=\"in-pla\">\n                                            2<\/p>\n<p>                                                Juan Dur\u00e1n<\/p>\n<\/li>\n<li class=\"in-pla\">\n                                            17<\/p>\n<p>                                                Marcos Otero<\/p>\n<\/li>\n<li class=\"in-pla\">\n                                            3<\/p>\n<p>                                                \u00c1lex Revuelta<\/p>\n<\/li>\n<li class=\"in-pla\">\n                                            15<\/p>\n<p>                                                Antonio Fern\u00e1ndez<\/p>\n<p>                (25&#8242;)<\/p>\n<\/li>\n<li class=\"in-pla\">\n                                            14<br \/>\n                                            <a href=\"https:\/\/as.com\/resultados\/ficha\/deportista\/jose_manuel_garrido_fernandez\/43963\/\" target=\"_blank\" class=\"in-pla-name\" rel=\"nofollow noopener\"><br \/>\n                                                Jos\u00e9 Manuel Garrido Fern\u00e1ndez<br \/>\n                                                <\/a>                                                    <\/p>\n<\/li>\n<li class=\"in-pla\">\n                                            16<\/p>\n<p>                                                Ra\u00fal Rojas<\/p>\n<p>                (96&#8242;)<\/p>\n<\/li>\n<li class=\"in-pla\">\n                                            10<\/p>\n<p>                                                Adri\u00e1n Peral<\/p>\n<p>                (105&#8242;)<\/p>\n<\/li>\n<li class=\"in-pla\">\n                                            11<\/p>\n<p>                                                Alejandro Fern\u00e1ndez<\/p>\n<p>                (96&#8242;)<\/p>\n<\/li>\n<li class=\"in-pla\">\n                                            8<\/p>\n<p>                                                Jos\u00e9 Ruiz<\/p>\n<p>                (73&#8242;)<\/p>\n<\/li>\n<li class=\"in-pla\">\n                                            19<\/p>\n<p>                                                Diego Rodr\u00edguez<\/p>\n<p>                (57&#8242;)<\/p>\n<\/li>\n<li class=\"ev-fw-sep\">Banquillo<\/li>\n<li class=\"in-pla\">\n                                    6<\/p>\n<p>                                        Jes\u00fas Garc\u00eda<\/p>\n<p>                (73&#8242;)<\/p>\n<\/li>\n<li class=\"in-pla\">\n                                    18<\/p>\n<p>                                        \u00c1ngel Arreola<\/p>\n<p>                (25&#8242;)<\/p>\n<\/li>\n<li class=\"in-pla\">\n                                    21<\/p>\n<p>                                        \u00c1lvaro Caro<\/p>\n<\/li>\n<li class=\"in-pla\">\n                                    1<\/p>\n<p>                                        Adri\u00e1n Romero<\/p>\n<\/li>\n<li class=\"in-pla\">\n                                    7<\/p>\n<p>                                        Nacho Cordero<\/p>\n<\/li>\n<li class=\"in-pla\">\n                                    20<\/p>\n<p>                                        Matheo Sanchez<\/p>\n<p>                (105&#8242;)<\/p>\n<\/li>\n<li class=\"in-pla\">\n                                    23<\/p>\n<p>                                        Juan Serrano<\/p>\n<\/li>\n<li class=\"in-pla\">\n                                    5<\/p>\n<p>                                        \u00c1lex Carrascal<\/p>\n<p>                (96&#8242;)<\/p>\n<\/li>\n<li class=\"in-pla\">\n                                    9<\/p>\n<p>                                        Pana<\/p>\n<p>                (57&#8242;)<\/p>\n<\/li>\n<li class=\"in-pla\">\n                                    4<br \/>\n                                    <a href=\"https:\/\/as.com\/resultados\/ficha\/deportista\/jose_maria_gutierrez\/51646\/\" target=\"_blank\" class=\"in-pla-name\" rel=\"nofollow noopener\"><br \/>\n                                        Jos\u00e9 Mar\u00eda Guti\u00e9rrez<br \/>\n                                        <\/a>                                            <\/p>\n<\/li>\n<li class=\"in-pla\">\n                                    22<\/p>\n<p>                                        Jos\u00e9 Pedraza<\/p>\n<p>                (96&#8242;)<\/p>\n<\/li>\n<\/ul>\n<p class=\"stat-tl ev-fw-tl\"><strong>Cambios<\/strong><\/p>\n<p class=\"ev-text-aux\">\n                            <strong>\u00c1ngel Arreola<\/strong> (25&#8242;, Antonio Fern\u00e1ndez),                             <strong>Pana<\/strong> (57&#8242;, Diego Rodr\u00edguez),                             <strong>Ayoze P\u00e9rez<\/strong> (66&#8242;, Hugo Lopez),                             <strong>Georges Mikautadze<\/strong> (66&#8242;, Manor Solomon),                             <strong>Jes\u00fas Garc\u00eda<\/strong> (73&#8242;, Jos\u00e9 Ruiz),                             <strong>Alfonso Pedraza<\/strong> (84&#8242;, Sergi Cardona),                             <strong>Tajon Buchanan<\/strong> (84&#8242;, Nicolas P\u00e9p\u00e9),                             <strong>Dani Parejo<\/strong> (92&#8242;, Thomas Partey),                             <strong>Jos\u00e9 Pedraza<\/strong> (96&#8242;, Ra\u00fal Rojas),                             <strong>\u00c1lex Carrascal<\/strong> (96&#8242;, Alejandro Fern\u00e1ndez),                             <strong>Matheo Sanchez<\/strong> (105&#8242;, Adri\u00e1n Peral),                             <strong>Ilias Akhomach<\/strong> (110&#8242;, Adri\u00e0 Alti)                        <\/p>\n<p class=\"stat-tl ev-fw-tl\"><strong>Goles<\/strong><\/p>\n<p class=\"ev-text-aux\">\n                                                                                                        0-1, 101&#8242;: <strong>Ayoze P\u00e9rez<\/strong>,                                                                                 1-1, 108&#8242;: <strong>Jes\u00fas Garc\u00eda<\/strong>                        <\/p>\n<p class=\"stat-tl ev-fw-tl\"><strong>Tarjetas<\/strong><\/p>\n<p class=\"ev-text-aux\">\n                Arbitro: Francisco Jos\u00e9 Hern\u00e1ndez Maeso<br \/><strong>Sergi Cardona<\/strong> (39&#8242;,Amarilla),                                     <strong>Pape Alassane Gueye<\/strong> (60&#8242;,Amarilla),                                     <strong>Marcos Otero<\/strong> (60&#8242;,Amarilla)                            <\/p>\n","protected":false},"excerpt":{"rendered":"Marcelino suspir\u00f3 en el peque\u00f1o vestuario de Lebrija, cerca de las 12 de la noche, mientras pisaba las&hellip;\n","protected":false},"author":2,"featured_media":270337,"comment_status":"","ping_status":"","sticky":false,"template":"","format":"standard","meta":{"footnotes":""},"categories":[5],"tags":[17,18,25,24,13,14,11,19,20,9,10,15,16,23,12,21,22],"class_list":{"0":"post-270336","1":"post","2":"type-post","3":"status-publish","4":"format-standard","5":"has-post-thumbnail","7":"category-titulares","8":"tag-breaking-news","9":"tag-breakingnews","10":"tag-es","11":"tag-espana","12":"tag-featured-news","13":"tag-featurednews","14":"tag-headlines","15":"tag-latest-news","16":"tag-latestnews","17":"tag-news","18":"tag-noticias","19":"tag-noticias-destacadas","20":"tag-noticiasdestacadas","21":"tag-spain","22":"tag-titulares","23":"tag-ultimas-noticias","24":"tag-ultimasnoticias"},"share_on_mastodon":{"url":"https:\/\/pubeurope.com\/@es\/115660149706632371","error":""},"_links":{"self":[{"href":"https:\/\/www.europesays.com\/es\/wp-json\/wp\/v2\/posts\/270336","targetHints":{"allow":["GET"]}}],"collection":[{"href":"https:\/\/www.europesays.com\/es\/wp-json\/wp\/v2\/posts"}],"about":[{"href":"https:\/\/www.europesays.com\/es\/wp-json\/wp\/v2\/types\/post"}],"author":[{"embeddable":true,"href":"https:\/\/www.europesays.com\/es\/wp-json\/wp\/v2\/users\/2"}],"replies":[{"embeddable":true,"href":"https:\/\/www.europesays.com\/es\/wp-json\/wp\/v2\/comments?post=270336"}],"version-history":[{"count":0,"href":"https:\/\/www.europesays.com\/es\/wp-json\/wp\/v2\/posts\/270336\/revisions"}],"wp:featuredmedia":[{"embeddable":true,"href":"https:\/\/www.europesays.com\/es\/wp-json\/wp\/v2\/media\/270337"}],"wp:attachment":[{"href":"https:\/\/www.europesays.com\/es\/wp-json\/wp\/v2\/media?parent=270336"}],"wp:term":[{"taxonomy":"category","embeddable":true,"href":"https:\/\/www.europesays.com\/es\/wp-json\/wp\/v2\/categories?post=270336"},{"taxonomy":"post_tag","embeddable":true,"href":"https:\/\/www.europesays.com\/es\/wp-json\/wp\/v2\/tags?post=270336"}],"curies":[{"name":"wp","href":"https:\/\/api.w.org\/{rel}","templated":true}]}}