{"id":270346,"date":"2025-12-04T07:48:10","date_gmt":"2025-12-04T07:48:10","guid":{"rendered":"https:\/\/www.europesays.com\/es\/270346\/"},"modified":"2025-12-04T07:48:10","modified_gmt":"2025-12-04T07:48:10","slug":"la-promesa-avance-del-capitulo-de-hoy-jueves-4-de-diciembre-petra-desenmascara-al-ladron-de-las-recetas-el-mundo","status":"publish","type":"post","link":"https:\/\/www.europesays.com\/es\/270346\/","title":{"rendered":"&#039;La Promesa&#039;, avance del cap\u00edtulo de hoy, jueves 4 de diciembre: Petra desenmascara al ladr\u00f3n de las recetas &#8211; El Mundo"},"content":{"rendered":"<ol>\n<li><a href=\"https:\/\/news.google.com\/rss\/articles\/CBMiiAFBVV95cUxNWEM3eHl3VC1Qblh6SzdjTjlVMWNyUzd4Y2lPX01Tc1NsVGM3aGZuMnJFbFNGS2U5MHBMYmUxSDBQdVdmSzlTa2RxRFhXRmMwSEJ5RWE3ZXdhS0FmbDNNU1BFanRKaXdWbHJId3NTX2JTZU1UZVRKelJKNktJbHQ5d1I0RlY4SXVs0gGIAUFVX3lxTE1HdV96UjJOcUNZNjNPUm5GMWF0cldRUTlZbGV4ZVJ6NE1TTXpSNHltTGRBcHR4dFhnX0d2Uk5pQ0RTVVJqcUZOcFJzdmZ4SHBaZHByVjd2Tm54MnJWWHhjY2NGdEhZTDFmX2JzSVNrQUVheE15SE1pdUZuR0NaVFBDZmh2d2RfSHg?oc=5\" target=\"_blank\" rel=\"nofollow noopener\">&#8216;La Promesa&#8217;, avance del cap\u00edtulo de hoy, jueves 4 de diciembre: Petra desenmascara al ladr\u00f3n de las recetas<\/a>&nbsp;&nbsp;El Mundo<\/li>\n<li><a href=\"https:\/\/news.google.com\/rss\/articles\/CBMiqwFBVV95cUxOV3R4a0g0cDZ3WkxCNHN2djQyb3pYRjJjS25hbDc4dWdZX1MzbUxwem1KSkpEd2dJTUtQRUlBT2lTMlZ1ZFhzV2E1R3ZXSXdmUl80ZENlZ3pSZjdTVVZodWh1MHVTUk53SHF4VExlaDZ4QTY5Z0tlTGJTVm0wT0ZNN1NlOTZKcWl0S0VvQ1R1YWVWNzc4dG54V2R2WHJ3cHpKUXJHSDZYTEtleDg?oc=5\" target=\"_blank\" rel=\"nofollow noopener\">Mar\u00eda Fern\u00e1ndez se reencuentra en &#8216;La Promesa&#8217; con Carlo, el padre de su beb\u00e9<\/a>&nbsp;&nbsp;RTVE.es<\/li>\n<li><a href=\"https:\/\/news.google.com\/rss\/articles\/CBMixwFBVV95cUxQU2dXUVR3MXF2ekZWSmVVQ1hqRzctTzFTVEZiYUtDN2RLMWwwdGRJSEJfS2Y0cXUtZkc4SVFkNkFwam82UzJiVHRmZm9RR2Q5dW1VdXZQblFHdW1KcWpPSE1mRDdqaVlSMmhhSDRfRXVDOTFrYzI5ZFg3YlZGaldyMkhyUHdYYWNjcnZhU2UtUWptalBHWFE3S2FCYTFEeGE3TXpRU3haeTNvTGxQWG9YdWdoR3BGTFQ4UDVxanhPRGg2NEdid1dz0gHMAUFVX3lxTFBFeUszZWxhdEprRHZSQjJsX2ZpSEZxUWJuUzl2UzFxaTR5WElidld1U3lmeWlOeXc3RHhtdGd5VHlVV0tUYTFDTU9aTVRWdnZySmxDZVk5TmlaZWJxdWJxWnRSN2hTRlY1TU4yNExaQ2E0SDVVcFFPZXJWdExRbHJDd1RTcGtiQjZ5bTZ1VzJQS19TdkRINmlRUkFDcWdaYU5pU2p3SUlSOFNPcUVjRlVjMUsycTMya1Z3MURSakRGMnNqSGxLNF96SVdSQw?oc=5\" target=\"_blank\" rel=\"nofollow noopener\">Avance del episodio 729 de &#8216;La Promesa&#8217;: se descubre la identidad del ladr\u00f3n de recetas<\/a>&nbsp;&nbsp;La Vanguardia<\/li>\n<li><a href=\"https:\/\/news.google.com\/rss\/articles\/CBMisgFBVV95cUxNVlVYOFRFYnk0ZlFQTXNYc2JBUmgyVC1vTllYR2JlMlFEeXAtSlozSEhRSkt5VndWZnhRRVhxcU83aEh4YVhzSWxudVI2MjcyNFVUaUFRUGx2UUl2R1p4UkJTdjc0X1IyUUYwd2hTZXEwN3dKb2tmR09VcjMweXVLdjc1a0tmSHlWd1g2Z1pSSkV3NTViZ3BhMWZBVU9NS3BFQUFYc3dIR00zMUVLWWl0dVFR0gG3AUFVX3lxTE1zNmtPbGo2QkNFeU9ja05DYXVnYVdTamhfWFpZM19Qc2VnTkRkNHFjQ3ZQa0VlZkwzVGw3Ri12S3J5NkRVQ0NWWW1uMEg1X3FHSDhPNURvMFpoT2FCQmRHSUpOLXVDakFTWGh2ZUpvWjZEeC05cmdiUGNSNTY0OFRoUWk1bW5KLUdnLTZ4NjhVdTl6YWZQdU51eHMxZUFaRmcyMEJ1QndmM0tCMmd4cmN0T0ZibExPUQ?oc=5\" target=\"_blank\" rel=\"nofollow noopener\">Avance del cap\u00edtulo de \u2018La Promesa\u2019 de hoy: Curro confiesa a Manuel lo que siente por \u00c1ngela<\/a>&nbsp;&nbsp;OkDiario<\/li>\n<li><a href=\"https:\/\/news.google.com\/rss\/articles\/CBMiwgFBVV95cUxOVEhRb0FoTTRud1RzOE54RTNsX0JEZmVFdXdpTWY0d0hBSU1JSXJMOWpxM1lYUmdub25WM3VJcmFscF9jODlDRGxhVHhkMFNjdE9EZF9jNkY3aG55WjNWMUM1V1RQemhMTzVaXzZVM3k0WGhIeW5hV2pMUmFHNFA0cm52TVVDbGFBNnduUUt2ckJUMUdIQkFIejAyb2s3cHRvUzBWb1J0ejFKQm5CVEg1SXRBNW9lQUl0T004OVFNdGUwQdIBxwFBVV95cUxOMVZsblVGVDBGV0Q0dWl6cDNlVFhnMXFLRjFBX0J3b254OXZLUm5iNGphRndfbU96TkVVcUhDUnhJTndqOHV2eXNKLW5TY0t2dVNpSVh5MkdxeGM0RU15eXVhazNrR184Tm5fem54UmRKX3U5TVZ2TzI0RDBXSnNrREk0QzEwdEpoWW1HSGNjaEJiUjNMREdpcERiX25UREV4dnhULVpPQmYtWkc5M3p3aEd2RWYxZERrZkZNZmpMSlFnN2lzSVpF?oc=5\" target=\"_blank\" rel=\"nofollow noopener\">Avance del cap\u00edtulo 728 de &#8216;La Promesa&#8217; del mi\u00e9rcoles, 3 de diciembre: Jacobo y Adriano estallan<\/a>&nbsp;&nbsp;El Confidencial<\/li>\n<\/ol>\n","protected":false},"excerpt":{"rendered":"&#8216;La Promesa&#8217;, avance del cap\u00edtulo de hoy, jueves 4 de diciembre: Petra desenmascara al ladr\u00f3n de las recetas&nbsp;&nbsp;El&hellip;\n","protected":false},"author":2,"featured_media":270347,"comment_status":"","ping_status":"","sticky":false,"template":"","format":"standard","meta":{"footnotes":""},"categories":[171],"tags":[11030,146,147,25,24,11031,805,23,807,11029,6761,214],"class_list":{"0":"post-270346","1":"post","2":"type-post","3":"status-publish","4":"format-standard","5":"has-post-thumbnail","7":"category-tv","8":"tag-cineseries","9":"tag-entertainment","10":"tag-entretenimiento","11":"tag-es","12":"tag-espana","13":"tag-la-promesa","14":"tag-series","15":"tag-spain","16":"tag-television","17":"tag-television-series","18":"tag-tresb","19":"tag-tv"},"share_on_mastodon":{"url":"https:\/\/pubeurope.com\/@es\/115660200658519989","error":""},"_links":{"self":[{"href":"https:\/\/www.europesays.com\/es\/wp-json\/wp\/v2\/posts\/270346","targetHints":{"allow":["GET"]}}],"collection":[{"href":"https:\/\/www.europesays.com\/es\/wp-json\/wp\/v2\/posts"}],"about":[{"href":"https:\/\/www.europesays.com\/es\/wp-json\/wp\/v2\/types\/post"}],"author":[{"embeddable":true,"href":"https:\/\/www.europesays.com\/es\/wp-json\/wp\/v2\/users\/2"}],"replies":[{"embeddable":true,"href":"https:\/\/www.europesays.com\/es\/wp-json\/wp\/v2\/comments?post=270346"}],"version-history":[{"count":0,"href":"https:\/\/www.europesays.com\/es\/wp-json\/wp\/v2\/posts\/270346\/revisions"}],"wp:featuredmedia":[{"embeddable":true,"href":"https:\/\/www.europesays.com\/es\/wp-json\/wp\/v2\/media\/270347"}],"wp:attachment":[{"href":"https:\/\/www.europesays.com\/es\/wp-json\/wp\/v2\/media?parent=270346"}],"wp:term":[{"taxonomy":"category","embeddable":true,"href":"https:\/\/www.europesays.com\/es\/wp-json\/wp\/v2\/categories?post=270346"},{"taxonomy":"post_tag","embeddable":true,"href":"https:\/\/www.europesays.com\/es\/wp-json\/wp\/v2\/tags?post=270346"}],"curies":[{"name":"wp","href":"https:\/\/api.w.org\/{rel}","templated":true}]}}