{"id":270351,"date":"2025-12-04T07:51:12","date_gmt":"2025-12-04T07:51:12","guid":{"rendered":"https:\/\/www.europesays.com\/es\/270351\/"},"modified":"2025-12-04T07:51:12","modified_gmt":"2025-12-04T07:51:12","slug":"el-prado-vive-una-noche-magica-con-la-victoria-del-talavera-que-ahora-espera-a-un-primera","status":"publish","type":"post","link":"https:\/\/www.europesays.com\/es\/270351\/","title":{"rendered":"El Prado vive una noche m\u00e1gica con la victoria del Talavera que ahora espera a un Primera"},"content":{"rendered":"<p style=\"\">El CF Talavera derrot\u00f3 por 2-1 en la noche de este mi\u00e9rcoles y avanza ronda en la Copa del Rey 2025-2026.<strong> Dos dianas del delantero catal\u00e1n Sergio Montero<\/strong> en los inicios de la segunda parte llevaron una euforia desbordada a las  &#8230; gradas de El Prado. Apret\u00f3 el M\u00e1laga en la recta final del encuentro, pero Jaime Gonz\u00e1lez y sus compa\u00f1eros de zafa aguantaron el chaparr\u00f3n del conjunto boquer\u00f3n para dejar el 2-1 como resultado definitivo.<\/p>\n<p class=\"voc-p\" style=\"\">El Talavera espera ahora el pr\u00f3ximo sorteo en el que tendr\u00e1 como posibles rivales al<strong> Real Madrid, FC Barcelona Atl\u00e9tico de Madrid y Athletic Club<\/strong>.<\/p>\n<p class=\"voc-p\" style=\"\"><strong>El 1-0 lleg\u00f3 en el minuto 55<\/strong> con un disparo desde la frontal del \u00e1rea que resulto imparable para Carlos L\u00f3pez.<\/p>\n<p><img decoding=\"async\" loading=\"lazy\" src=\"https:\/\/www.europesays.com\/es\/wp-content\/uploads\/2025\/12\/Talavera celebracion-U68337274685Wki-760x427@diario_abc.jpg\" class=\"voc-img\" width=\"760\" height=\"427\" alt=\"Los jugadores del Talavera celebran el pase de ronda\" data-voc-vtm-id=\"in-text-traffic\"\/><\/p>\n<p>Los jugadores del Talavera celebran el pase de ronda<\/p>\n<p>abel mart\u00ednez<\/p>\n<p class=\"voc-p\" style=\"\">El segundo gol de la escuadra cer\u00e1mica tuvo de nuevo a Sergio Montero como protagonista en el minuto 65 con un tanto con el culmin\u00f3 un <strong>barullo en el \u00e1rea malaguista. <\/strong><\/p>\n<p class=\"voc-p\" style=\"\">Era el 2-0 y a partir de ah\u00ed el equipo blanquiazul aguanto en defensa el empuje de su rival, aunque <strong>no pudo evitar el gol de Ni\u00f1o en el minuto 89 al marcar a puerta vac\u00eda.<\/strong><\/p>\n<p>\nFicha t\u00e9cnica del partido\n<\/p>\n<p class=\"voc-p\" style=\"\"><strong>CF Talavera:<\/strong> Jaime Gonz\u00e1lez; Edu Gallardo, \u00c1lvaro L\u00f3pez, Sergi Molina, David Cuenca; Montero, Pitu Doncel, Pedro Cap\u00f3, Nahuel; Di Renzo y Valen.<\/p>\n<p class=\"voc-p\" style=\"\">\u00a0<strong>Cambios en el CF Talavera:<\/strong> Alex Roig por David Cuenca, m. 67; Marcos Moreno por Pitu Doncel , m. 81; Farrando por Edu Gallardo, m. 74; Arturo Molina por Valen, m. 67 y Luis S\u00e1nchez por Montero, m. 74.<\/p>\n<p class=\"voc-p\" style=\"\"><strong>M\u00e1laga CF:<\/strong> Carlos L\u00f3pez: Gabilondo, Murillo, Montero, Dani; Haitam, Arriaza, Rafa, Lobete; Carlos Ruiz &#8216;Chupe&#8217; y Ochoa.<\/p>\n<p class=\"voc-p\" style=\"\"><strong>Cambios en el M\u00e1laga CF:<\/strong> Ni\u00f1o por Chupe, m. 66; Larrubia por Lobete, m. 66; Rafita por Ochoa, m. 71 y Badiola por Rafa Rodr\u00edguez, m. 71.<\/p>\n<p class=\"voc-p\" style=\"\"><strong>\u00c1rbitro:<\/strong> Ais Reig. Comit\u00e9 valenciano. Amarilla para el local Di Renzo. Roja directa a Valen en el minuto 95 cuando estaba ya en el banquillo de suplentes.<\/p>\n<p class=\"voc-p\" style=\"\"><strong>Goles:<\/strong> 1-0, m. 55: Montero; 2-0, m. 65: Montero; 2-1, m. 89: Ni\u00f1o.<\/p>\n<p class=\"voc-p\" style=\"\"><strong>Incidencias:<\/strong> Partido de treintaidosavos de final de la Copa del Rey disputado en el municipal El Prado ante espectadores. El saque de honor lo realizaron Arellano, Javi Guti\u00e9rrez y Tornero, tres jugadores del Talavera que disputaron el play-off de ascenso a Segunda Divisi\u00f3n en la temporada 1998-99 y en el que tambi\u00e9n estaba inmerso el M\u00e1laga. Espectadores: 4.075 (cifra oficial).<\/p>\n","protected":false},"excerpt":{"rendered":"El CF Talavera derrot\u00f3 por 2-1 en la noche de este mi\u00e9rcoles y avanza ronda en la Copa&hellip;\n","protected":false},"author":2,"featured_media":270352,"comment_status":"","ping_status":"","sticky":false,"template":"","format":"standard","meta":{"footnotes":""},"categories":[93],"tags":[168,25,24,4351,8967,193,16126,1078,23,167,33342,1261,1343],"class_list":{"0":"post-270351","1":"post","2":"type-post","3":"status-publish","4":"format-standard","5":"has-post-thumbnail","7":"category-deportes","8":"tag-deportes","9":"tag-es","10":"tag-espana","11":"tag-espera","12":"tag-magica","13":"tag-noche","14":"tag-prado","15":"tag-primera","16":"tag-spain","17":"tag-sports","18":"tag-talavera","19":"tag-victoria","20":"tag-vive"},"share_on_mastodon":{"url":"https:\/\/pubeurope.com\/@es\/115660212668828769","error":""},"_links":{"self":[{"href":"https:\/\/www.europesays.com\/es\/wp-json\/wp\/v2\/posts\/270351","targetHints":{"allow":["GET"]}}],"collection":[{"href":"https:\/\/www.europesays.com\/es\/wp-json\/wp\/v2\/posts"}],"about":[{"href":"https:\/\/www.europesays.com\/es\/wp-json\/wp\/v2\/types\/post"}],"author":[{"embeddable":true,"href":"https:\/\/www.europesays.com\/es\/wp-json\/wp\/v2\/users\/2"}],"replies":[{"embeddable":true,"href":"https:\/\/www.europesays.com\/es\/wp-json\/wp\/v2\/comments?post=270351"}],"version-history":[{"count":0,"href":"https:\/\/www.europesays.com\/es\/wp-json\/wp\/v2\/posts\/270351\/revisions"}],"wp:featuredmedia":[{"embeddable":true,"href":"https:\/\/www.europesays.com\/es\/wp-json\/wp\/v2\/media\/270352"}],"wp:attachment":[{"href":"https:\/\/www.europesays.com\/es\/wp-json\/wp\/v2\/media?parent=270351"}],"wp:term":[{"taxonomy":"category","embeddable":true,"href":"https:\/\/www.europesays.com\/es\/wp-json\/wp\/v2\/categories?post=270351"},{"taxonomy":"post_tag","embeddable":true,"href":"https:\/\/www.europesays.com\/es\/wp-json\/wp\/v2\/tags?post=270351"}],"curies":[{"name":"wp","href":"https:\/\/api.w.org\/{rel}","templated":true}]}}