{"id":270357,"date":"2025-12-04T07:54:08","date_gmt":"2025-12-04T07:54:08","guid":{"rendered":"https:\/\/www.europesays.com\/es\/270357\/"},"modified":"2025-12-04T07:54:08","modified_gmt":"2025-12-04T07:54:08","slug":"vigilan-al-cometa-3l-atlas-y-descubren-que-parece-emitir-un-latido-cada-16-horas-solo-hay-una-explicacion","status":"publish","type":"post","link":"https:\/\/www.europesays.com\/es\/270357\/","title":{"rendered":"Vigilan al cometa 3l\/Atlas y descubren que parece emitir un &#8216;latido&#8217; cada 16 horas: solo hay una explicaci\u00f3n"},"content":{"rendered":"<p class=\"description\"><b>Especial Navidad<\/b>: Suscr\u00edbete hoy a National Geographic por <b>4\u20ac al mes + Regalo<\/b>. \u00a1Solo 500 unidades!<\/p>\n<p class=\"description\"><b>\u00a1NOVEDAD!<\/b> Ya disponible la edici\u00f3n especial <b>El cerebro infantil<\/b> de la colecci\u00f3n Los Secretos del Cerebro de National Geographic.<\/p>\n<p>A estas alturas, nadie duda de que el <a href=\"https:\/\/www.nationalgeographic.com.es\/ciencia\/que-es-extrano-3iatlas-objeto-interestelar-mas-observado-mundo_26103\" rel=\"nofollow noopener\" target=\"_blank\">objeto interestelar 3l\/ATLAS<\/a> se ha convertido en <strong>algo fascinante<\/strong> tanto para la comunidad cient\u00edfica global como para el p\u00fablico general. Pues bien, a su halo de misterio se suma ahora una <strong>misteriosa se\u00f1al peri\u00f3dica en su luminosidad<\/strong>, la cual ha sido descrita como un latido c\u00f3smico por astrof\u00edsicos como Avi Loeb. Este patr\u00f3n de luz, que ha sido documentado en un <a href=\"https:\/\/www.aanda.org\/articles\/aa\/full_html\/2025\/10\/aa56717-25\/aa56717-25.html\" rel=\"nofollow noopener\" target=\"_blank\">estudio publicado en la revista Astronomy &amp; Astrophysics<\/a>, se repite con una asombrosa precisi\u00f3n <strong>cada 16,16 horas<\/strong>.<\/p>\n<p>El descubrimiento se ha producido <strong>poco antes de que el cometa alcance su punto de m\u00e1xima aproximaci\u00f3n a la Tierra<\/strong>, lo que suceder\u00e1 <a href=\"https:\/\/www.nationalgeographic.com.es\/ciencia\/expectativa-mundial-agencia-espacial-europea-confirma-dia-que-mas-cerca-estara-3iatlas-tierra_26631\" rel=\"nofollow noopener\" target=\"_blank\">el pr\u00f3ximo 19 de diciembre<\/a>. Ese d\u00eda, se espera que pase a solo <strong>273 millones de kil\u00f3metros de nuestro planeta<\/strong>, lo que brindar\u00e1 una excelente oportunidad de verlo <a href=\"https:\/\/www.nationalgeographic.com.es\/ciencia\/no-es-nave-alienigena-por-que-cometa-3iatlas-no-viene-mision-hostil-a-tierra_25901\" rel=\"nofollow noopener\" target=\"_blank\">y analizarlo<\/a> de forma m\u00e1s detallada.<\/p>\n<p>Aunque el cometa 3l\/ATLAS tiene origen interestelar, es decir, que procede de m\u00e1s all\u00e1 de nuestro sistema solar, <strong>sus caracter\u00edsticas lo asemejan a otros cometas d\u00e9bilmente activos<\/strong> que s\u00ed habitan las regiones exteriores de <a href=\"https:\/\/www.nationalgeographic.com.es\/ciencia\/sistema-solar-que-es-como-se-formo-y-datos-principales_18430\" rel=\"nofollow noopener\" target=\"_blank\">nuestro sistema planetario<\/a>. Esto ha llevado a los investigadores a <strong>plantear una hip\u00f3tesis en torno a su pulso repetitivo <\/strong>de luz que descarta cualquier interpretaci\u00f3n extravagante.<\/p>\n<p>La clave est\u00e1 en el n\u00facleo<\/p>\n<p>En concreto, los autores del estudio sugieren que el latido se debe a la rotaci\u00f3n del n\u00facleo del planeta. Avi Loeb, astr\u00f3nomo de Harvard, ha colaborado con ellos y <a href=\"https:\/\/avi-loeb.medium.com\/are-the-jets-from-3i-atlas-pulsed-like-a-heartbeat-fe39dc583d25\" rel=\"nofollow noopener\" target=\"_blank\">ha mostrado sus conclusiones en un art\u00edculo de blog<\/a>. Al parecer, 3l\/ATLAS <strong>alberga una bolsa de hielo en la superficie de su n\u00facleo<\/strong>, la cual se expone de forma c\u00edclica a la radiaci\u00f3n solar por el citado giro constante.<\/p>\n<p>De este modo, <a href=\"https:\/\/www.nationalgeographic.com.es\/ciencia\/enigmatico-3iatlas-cambia-rostro-ante-sol-es-prueba-que-es-origen-artificial_26523\" rel=\"nofollow noopener\" target=\"_blank\">cuando el n\u00facleo encara al Sol<\/a>, <strong>el hielo se sublima y provoca la expulsi\u00f3n de un chorro de material<\/strong>. Este chorro de gas y polvo inunda de forma intermitente la coma, que es la envoltura gaseosa que envuelve al n\u00facleo, y da lugar a un <strong>aumento temporal de la luminosidad del objeto cada 16,16 horas<\/strong>, que es el per\u00edodo de rotaci\u00f3n del cometa sobre s\u00ed mismo. Otro misterio resuelto en torno al cuerpo celeste m\u00e1s enigm\u00e1tico de los \u00faltimos a\u00f1os.<\/p>\n<p>La trayectoria de los chorros<\/p>\n<p>Por otro lado, aunque las <a href=\"https:\/\/www.nationalgeographic.com.es\/ciencia\/no-solo-es-puerta-a-otro-sistema-solar-es-puerta-pasado-nasa-muestra-por-fin-imagenes-que-tiene-sobre-3iatlas_26772\" rel=\"nofollow noopener\" target=\"_blank\">fotograf\u00edas difundidas por la NASA<\/a> y todas las observaciones realizadas permiten determinar que el 3l\/Atlas es un cometa natural, el pol\u00e9mico\u00a0<strong>Avi Loeb insiste en que es necesario seguir estudiando el origen de estas eyecciones<\/strong>. Especialmente, analizando la trayectoria de los chorros emitidos. En el hipot\u00e9tico y pr\u00e1cticamente descartado caso de que se tratase de un objeto\u00a0de naturaleza tecnol\u00f3gica, <strong>sus direcciones podr\u00edan no orientarse hacia el Sol<\/strong>, sino guiarse por la aleatoriedad o por otros criterios desconocidos.<\/p>\n<p>En cualquier caso, toda la informaci\u00f3n que se pueda obtener acerca del 3l\/ATLAS, especialmente cuando se produzca su m\u00e1xima aproximaci\u00f3n a la Tierra, <strong>ser\u00e1 valiosa<\/strong>. Al fin y al cabo, podr\u00eda ayudarnos a comprender la evoluci\u00f3n de los <a href=\"https:\/\/www.nationalgeographic.com.es\/ciencia\/actualidad\/oumuamua-probablemente-fue-expulsado-sistema-estelar-binario_12527\" rel=\"nofollow noopener\" target=\"_blank\">objetos interestelares<\/a> y de sus materiales <strong>m\u00e1s all\u00e1 de las fronteras de nuestro propio sistema solar<\/strong>.<\/p>\n","protected":false},"excerpt":{"rendered":"Especial Navidad: Suscr\u00edbete hoy a National Geographic por 4\u20ac al mes + Regalo. \u00a1Solo 500 unidades! \u00a1NOVEDAD! Ya&hellip;\n","protected":false},"author":2,"featured_media":270358,"comment_status":"","ping_status":"","sticky":false,"template":"","format":"standard","meta":{"footnotes":""},"categories":[81],"tags":[119,123,124,25,24,1408,448,1407,1409,117,121,122,23,118,120,226],"class_list":{"0":"post-270357","1":"post","2":"type-post","3":"status-publish","4":"format-standard","5":"has-post-thumbnail","7":"category-ciencia-y-tecnologia","8":"tag-ciencia","9":"tag-ciencia-y-tecnologia","10":"tag-cienciaytecnologia","11":"tag-es","12":"tag-espana","13":"tag-geographic","14":"tag-historia","15":"tag-national","16":"tag-naturaleza","17":"tag-science","18":"tag-science-and-technology","19":"tag-scienceandtechnology","20":"tag-spain","21":"tag-technology","22":"tag-tecnologia","23":"tag-viajes"},"share_on_mastodon":{"url":"https:\/\/pubeurope.com\/@es\/115660224278974959","error":""},"_links":{"self":[{"href":"https:\/\/www.europesays.com\/es\/wp-json\/wp\/v2\/posts\/270357","targetHints":{"allow":["GET"]}}],"collection":[{"href":"https:\/\/www.europesays.com\/es\/wp-json\/wp\/v2\/posts"}],"about":[{"href":"https:\/\/www.europesays.com\/es\/wp-json\/wp\/v2\/types\/post"}],"author":[{"embeddable":true,"href":"https:\/\/www.europesays.com\/es\/wp-json\/wp\/v2\/users\/2"}],"replies":[{"embeddable":true,"href":"https:\/\/www.europesays.com\/es\/wp-json\/wp\/v2\/comments?post=270357"}],"version-history":[{"count":0,"href":"https:\/\/www.europesays.com\/es\/wp-json\/wp\/v2\/posts\/270357\/revisions"}],"wp:featuredmedia":[{"embeddable":true,"href":"https:\/\/www.europesays.com\/es\/wp-json\/wp\/v2\/media\/270358"}],"wp:attachment":[{"href":"https:\/\/www.europesays.com\/es\/wp-json\/wp\/v2\/media?parent=270357"}],"wp:term":[{"taxonomy":"category","embeddable":true,"href":"https:\/\/www.europesays.com\/es\/wp-json\/wp\/v2\/categories?post=270357"},{"taxonomy":"post_tag","embeddable":true,"href":"https:\/\/www.europesays.com\/es\/wp-json\/wp\/v2\/tags?post=270357"}],"curies":[{"name":"wp","href":"https:\/\/api.w.org\/{rel}","templated":true}]}}