{"id":270361,"date":"2025-12-04T07:56:08","date_gmt":"2025-12-04T07:56:08","guid":{"rendered":"https:\/\/www.europesays.com\/es\/270361\/"},"modified":"2025-12-04T07:56:08","modified_gmt":"2025-12-04T07:56:08","slug":"maduro-dice-que-la-llamada-con-trump-fue-cordial","status":"publish","type":"post","link":"https:\/\/www.europesays.com\/es\/270361\/","title":{"rendered":"Maduro dice que la llamada con Trump fue \u00abcordial\u00bb"},"content":{"rendered":"<p>El presidente de <strong>Venezuela<\/strong>, <strong>Nicol\u00e1s Maduro<\/strong>, se ha referido este mi\u00e9rcoles por primera vez a la conversaci\u00f3n telef\u00f3nica que mantuvo con <strong>Donald Trump<\/strong>, y que ha asegurado que fue \u00abcordial\u00bb y se desarroll\u00f3 \u00aben un tono de respeto\u00bb. Maduro espera que sea un paso \u00abhacia un di\u00e1logo respetuoso\u00bb entre ambos pa\u00edses, que rompieron relaciones en 2019. <\/p>\n<p>Seg\u00fan Maduro, la Casa Blanca se contact\u00f3 con el palacio presidencial de Miraflores, sede del Gobierno venezolano, en Caracas, <strong>hace \u00abunos diez d\u00edas aproximadamente\u00bb <\/strong>(domingo 23 de noviembre), informa Efe. El presidente venezolano ha asegurado que no se hab\u00eda referido hasta ahora a la conversaci\u00f3n por \u00abprudencia\u00bb, y ha insistido en que el camino debe ser el <strong>\u00abde respeto, de diplomacia y de di\u00e1logo\u00bb<\/strong>.<\/p>\n<p>La versi\u00f3n de la conversaci\u00f3n que ha dado Maduro var\u00eda respecto a lo que ha trascendido en Estados Unidos. <strong>Trump afirm\u00f3 que la conversaci\u00f3n no hab\u00eda ido \u00abni bien ni mal\u00bb<\/strong> y, seg\u00fan inform\u00f3 Reuters, el estadounidense le dio a Maduro una semana para abandonar Venezuela. El martes, Trump elev\u00f3 sus amenazas y dijo que las \u00aboperaciones terrestres\u00bb contra supuestos narcotraficantes estaban a punto de comenzar. <\/p>\n<p>La <strong>tensi\u00f3n entre EE.UU., de un lado, y Colombia y Venezuela,<\/strong> del otro se ha elevado considerablemente en la \u00faltima semana. <\/p>\n<p>EE.UU. <strong>ha bombardeado 21 embarcaciones en el Caribe y el Pac\u00edfico<\/strong>, supuestamente barcas de los c\u00e1rteles del narcotr\u00e1fico. En total han muerto al menos 82 personas. Estas operaciones se han llevado a cabo sin ning\u00fan paraguas legal internacional, y el Senado de EE.UU. investiga si se han podido cometer cr\u00edmenes de guerra por aniquilar incluso a los heridos. <\/p>\n<p>A pesar de las crecientes tensiones, <strong>266 migrantes deportados por EE.UU. han regresado este mi\u00e9rcoles a Venezuela<\/strong> en un avi\u00f3n desde Arizona. En enero, ambos gobiernos firmaron un acuerdo migratorio, por el que 14.407 migrantes han sido deportados. <\/p>\n<p>Venezuela incauta 65,5 toneladas de droga<\/p>\n<p>La Administraci\u00f3n Trump, que ha designado a los c\u00e1rteles como organizaciones terroristas, asegura que su objetivo es impedir la entrada de la droga y de las mafias en EE.UU. Tambi\u00e9n acusa a Maduro de encabezar el llamado Cartel de los Soles, una organizaci\u00f3n cuya existencia real no ha sido demostrada. El Gobierno venezolano, en cambio, denuncia que <strong>Washington pretende forzar un cambio de r\u00e9gimen<\/strong>. <\/p>\n<p>Precisamente en pleno choque con EE.UU., las autoridades venezolanas han informado de la <strong>incautaci\u00f3n de 65,5 toneladas de droga desde principios de 2025. <\/strong><\/p>\n<p>Seg\u00fan el ministro de Interior, <strong>Diosdado Cabello<\/strong>, en total, han sido incautados 65.530 kilos de diferentes drogas desde principios de a\u00f1o, entre ellos 289 de marihuana en el estado Amazonas (sur, fronterizo con Brasil y Colombia) el 23 de noviembre, y otros 138 kilos la semana pasada en Lara (oeste). <\/p>\n<p>En su programa semanal transmitido por el canal estatal Venezolana de Televisi\u00f3n (VTV), Cabello, considerado el &#8216;n\u00famero dos&#8217; del r\u00e9gimen, ha se\u00f1alado que la semana pasada se incautaron de 90 kilos de marihuana en el estado Falc\u00f3n (oeste) y 71 kilos de Marihuana y 2,2 de coca\u00edna en la regi\u00f3n oriental de Monagas.<\/p>\n","protected":false},"excerpt":{"rendered":"El presidente de Venezuela, Nicol\u00e1s Maduro, se ha referido este mi\u00e9rcoles por primera vez a la conversaci\u00f3n telef\u00f3nica&hellip;\n","protected":false},"author":2,"featured_media":270362,"comment_status":"","ping_status":"","sticky":false,"template":"","format":"standard","meta":{"footnotes":""},"categories":[42],"tags":[17,18,13,14,11,61,62,63,64,19,20,9,10,15,16,12,21,22,65,66,67],"class_list":{"0":"post-270361","1":"post","2":"type-post","3":"status-publish","4":"format-standard","5":"has-post-thumbnail","7":"category-internacional","8":"tag-breaking-news","9":"tag-breakingnews","10":"tag-featured-news","11":"tag-featurednews","12":"tag-headlines","13":"tag-internacional","14":"tag-international","15":"tag-international-news","16":"tag-internationalnews","17":"tag-latest-news","18":"tag-latestnews","19":"tag-news","20":"tag-noticias","21":"tag-noticias-destacadas","22":"tag-noticiasdestacadas","23":"tag-titulares","24":"tag-ultimas-noticias","25":"tag-ultimasnoticias","26":"tag-world","27":"tag-world-news","28":"tag-worldnews"},"share_on_mastodon":{"url":"https:\/\/pubeurope.com\/@es\/115660232156488223","error":""},"_links":{"self":[{"href":"https:\/\/www.europesays.com\/es\/wp-json\/wp\/v2\/posts\/270361","targetHints":{"allow":["GET"]}}],"collection":[{"href":"https:\/\/www.europesays.com\/es\/wp-json\/wp\/v2\/posts"}],"about":[{"href":"https:\/\/www.europesays.com\/es\/wp-json\/wp\/v2\/types\/post"}],"author":[{"embeddable":true,"href":"https:\/\/www.europesays.com\/es\/wp-json\/wp\/v2\/users\/2"}],"replies":[{"embeddable":true,"href":"https:\/\/www.europesays.com\/es\/wp-json\/wp\/v2\/comments?post=270361"}],"version-history":[{"count":0,"href":"https:\/\/www.europesays.com\/es\/wp-json\/wp\/v2\/posts\/270361\/revisions"}],"wp:featuredmedia":[{"embeddable":true,"href":"https:\/\/www.europesays.com\/es\/wp-json\/wp\/v2\/media\/270362"}],"wp:attachment":[{"href":"https:\/\/www.europesays.com\/es\/wp-json\/wp\/v2\/media?parent=270361"}],"wp:term":[{"taxonomy":"category","embeddable":true,"href":"https:\/\/www.europesays.com\/es\/wp-json\/wp\/v2\/categories?post=270361"},{"taxonomy":"post_tag","embeddable":true,"href":"https:\/\/www.europesays.com\/es\/wp-json\/wp\/v2\/tags?post=270361"}],"curies":[{"name":"wp","href":"https:\/\/api.w.org\/{rel}","templated":true}]}}