{"id":270363,"date":"2025-12-04T07:57:10","date_gmt":"2025-12-04T07:57:10","guid":{"rendered":"https:\/\/www.europesays.com\/es\/270363\/"},"modified":"2025-12-04T07:57:10","modified_gmt":"2025-12-04T07:57:10","slug":"ana-blanco-subdirectora-de-circulacion-de-la-dgt-la-baliza-v-16-permitira-avisar-de-un-coche-parado-en-una-curva-la-voz-de-galicia","status":"publish","type":"post","link":"https:\/\/www.europesays.com\/es\/270363\/","title":{"rendered":"Ana Blanco, subdirectora de Circulaci\u00f3n de la DGT: \u00abLa baliza V-16 permitir\u00e1 avisar de un coche parado en una curva\u00bb &#8211; La Voz de Galicia"},"content":{"rendered":"<ol>\n<li><a href=\"https:\/\/news.google.com\/rss\/articles\/CBMiggJBVV95cUxNVXQzLXczczVlMnZtMVFRdTlEYVRMdUd2U3dZYTZmYTJnWHdGQkhpZC1UWHVIcUdEY1F4R29FY29BZzMwNU9kMHdiWDFnaEJjRGhUMjdxZTNXeENBMzFrd2VEVlU0OUdXNkpVRlFVdWQyMDgzR29vZFpTV25ZN1dqS2tHMUxzcmUtVHMzYzczMjV0YTBjbXF5WFlEbkdzR0FiQzFCMkRGRkxRM3JCbVBsZlZlcGQyTHRpMnJFLUNkVHZGbjJKSDR3UUpWWkMzS2pMbHZGUXIyeHdYcVlJUlRCb0lZbTRuaS1kUlYyOGFLc3J2VnJydDhlSXAtMlo0ZnFsNGc?oc=5\" target=\"_blank\" rel=\"nofollow noopener\">Ana Blanco, subdirectora de Circulaci\u00f3n de la DGT: \u00abLa baliza V-16 permitir\u00e1 avisar de un coche parado en una curva\u00bb<\/a>&nbsp;&nbsp;La Voz de Galicia<\/li>\n<li><a href=\"https:\/\/news.google.com\/rss\/articles\/CBMi7AFBVV95cUxQcFdzN29iczR6ZnVzaTN4NkhfQ1Z1M0E3ZWtnamFVcUdPaGVVR29hdU1ZMTNFZUk0am1pdkZ2NllmUkZuYTFCWk93Q0VPUzJGaTFiM01VQjBEZ3Z1MGlHRUU3Y21oRHJNRXJvTmhsSEEwUmNEMldxVzRhUkpibXRSM2hrNGhwVmZTTjB6VVZMbmp0ZU5GQWFvMm84VnFqREtjRjVTNC1jTzByYUlfaVROcVdJMVk3bGtBY29oS1F0VEJONXRxMEhKLVp2a0xOWWJXZVVIejJyUXdxOHczTVNQUTRRMXZtcm00eGlBMg?oc=5\" target=\"_blank\" rel=\"nofollow noopener\">Facua acusa a la DGT de apoyar un \u201cfraude masivo\u201d en las balizas V-16 y Tr\u00e1fico se\u00f1ala a una sentencia del Supremo<\/a>&nbsp;&nbsp;EL PA\u00cdS<\/li>\n<li><a href=\"https:\/\/news.google.com\/rss\/articles\/CBMiwAFBVV95cUxOeHJDeWloVEZKSGd2eG4wSk5WUGFBMUNUOC1uT0NmWXBDdFBESnJteUhfUm9iZmN2YWRhcjMtV1FzT2xINXFQVVIyem5lT09HeGEtekI1VnhYWDREcExDUEh2dnpGX09RNS1RS3Rya2szYnlCb2xBNHlMN3VZOTA2VGJXcUxoa3I5dUFDNUlvdHRwUHo1MDdiSEdTOENLQ0NOVzN4LWYtSUswbVExYnk3aVJDRWhpOW9QSXhaRUpGQ2nSAcYBQVVfeXFMTnBycEx1WVZ5cFRCLTBOM080T25aZXVscTB4ZlNHRjhFbkF4SGtPMHBZdnpaTmdveFE3aFg4c2lVQ201elBBSC1CTzRncGppT0RLZFYwa2ZCelYzOGhtbGpVbk5wRWtra2hQaWRSNmVPSGdtYlhaWTRCbEc0aE0xT1ZtalhzOUxvdFRpZTBXYnJENnRDLWFOcGRmN2VSTHBwcFR4WnBkeXctbzg4SGE0WG9NOEpXUGFMMDFkTEptWVh2aWV0NThn?oc=5\" target=\"_blank\" rel=\"nofollow noopener\">El l\u00edo de la nueva baliza de tr\u00e1fico: alertan de fraude con la venta de dispositivos no v\u00e1lidos<\/a>&nbsp;&nbsp;La Vanguardia<\/li>\n<li><a href=\"https:\/\/news.google.com\/rss\/articles\/CBMi6gFBVV95cUxPOTZ6T1dvQUQ3UGJ2RnVoRWxfX2duUnA2bjBUeVZYbzM4MWVWYWVQNDJvLXQ0VUt1TTBwZWdTMXdwb1BUZktneGg0Q0stS2dUMUtNT2dYOTF5dnFTOTJRaVM5OW10SFFlbzZ1TEZCZFVhSEJZNEJqTVJybVlMMnVieU5nSkEtel8ta1k3SGh4d3VmZVBuaVgyeEN2M3ZBV1BKY3ljWm1WWFFydDBqazJoX2JwTjBjem04Z2xFV01pU0JkbkUwWEdlQVl1Wk9Dalg2Y015dnVNbXBWLS1YSjQxMzhYYzU2dkZqWnc?oc=5\" target=\"_blank\" rel=\"nofollow noopener\">La baliza V16 divide a los conductores: \u00abEs una tomadura de pelo, son las nuevas mascarillas\u00bb<\/a>&nbsp;&nbsp;Libertad Digital<\/li>\n<li><a href=\"https:\/\/news.google.com\/rss\/articles\/CBMiuwFBVV95cUxNYWZNUVlsSmZFV0JQbU9OV1ZQbmJsN2dNWVIxeWlMcGs4WFc5SnZEVi1NcEJjcWh6czBmU3BKOVF5V3N5ck96b3ZvcHREYUZQZ2t4TFRlaWFyNEZPTmVZZWZ3NlI0M3ZZSWN1blJjQ19QUkxfWlQwMDVGSlU5U2c5dExYbktMeHFxWWQ5RHFvTVBiRURjdGF0N3BRck1BUTIzV05KY3J5b3hmNTNWVEhpRzJ3YzVWTC1sNlRN?oc=5\" target=\"_blank\" rel=\"nofollow noopener\">Jorgelina Exp\u00f3sito, trabajadora en una energ\u00e9tica, contundente sobre la imposici\u00f3n de la baliza V16: \u00abNo s\u00e9 qui\u00e9n ha aprobado su utilizaci\u00f3n\u00bb<\/a>&nbsp;&nbsp;ABC<\/li>\n<\/ol>\n","protected":false},"excerpt":{"rendered":"Ana Blanco, subdirectora de Circulaci\u00f3n de la DGT: \u00abLa baliza V-16 permitir\u00e1 avisar de un coche parado en&hellip;\n","protected":false},"author":2,"featured_media":248356,"comment_status":"","ping_status":"","sticky":false,"template":"","format":"standard","meta":{"footnotes":""},"categories":[8],"tags":[17,18,25,24,13,14,11,19,20,9,10,15,16,23,12,21,22],"class_list":{"0":"post-270363","1":"post","2":"type-post","3":"status-publish","4":"format-standard","5":"has-post-thumbnail","7":"category-espana","8":"tag-breaking-news","9":"tag-breakingnews","10":"tag-es","11":"tag-espana","12":"tag-featured-news","13":"tag-featurednews","14":"tag-headlines","15":"tag-latest-news","16":"tag-latestnews","17":"tag-news","18":"tag-noticias","19":"tag-noticias-destacadas","20":"tag-noticiasdestacadas","21":"tag-spain","22":"tag-titulares","23":"tag-ultimas-noticias","24":"tag-ultimasnoticias"},"share_on_mastodon":{"url":"https:\/\/pubeurope.com\/@es\/115660236067235351","error":""},"_links":{"self":[{"href":"https:\/\/www.europesays.com\/es\/wp-json\/wp\/v2\/posts\/270363","targetHints":{"allow":["GET"]}}],"collection":[{"href":"https:\/\/www.europesays.com\/es\/wp-json\/wp\/v2\/posts"}],"about":[{"href":"https:\/\/www.europesays.com\/es\/wp-json\/wp\/v2\/types\/post"}],"author":[{"embeddable":true,"href":"https:\/\/www.europesays.com\/es\/wp-json\/wp\/v2\/users\/2"}],"replies":[{"embeddable":true,"href":"https:\/\/www.europesays.com\/es\/wp-json\/wp\/v2\/comments?post=270363"}],"version-history":[{"count":0,"href":"https:\/\/www.europesays.com\/es\/wp-json\/wp\/v2\/posts\/270363\/revisions"}],"wp:featuredmedia":[{"embeddable":true,"href":"https:\/\/www.europesays.com\/es\/wp-json\/wp\/v2\/media\/248356"}],"wp:attachment":[{"href":"https:\/\/www.europesays.com\/es\/wp-json\/wp\/v2\/media?parent=270363"}],"wp:term":[{"taxonomy":"category","embeddable":true,"href":"https:\/\/www.europesays.com\/es\/wp-json\/wp\/v2\/categories?post=270363"},{"taxonomy":"post_tag","embeddable":true,"href":"https:\/\/www.europesays.com\/es\/wp-json\/wp\/v2\/tags?post=270363"}],"curies":[{"name":"wp","href":"https:\/\/api.w.org\/{rel}","templated":true}]}}